{"id":2034,"date":"2020-04-18T12:03:22","date_gmt":"2020-04-18T12:03:22","guid":{"rendered":"https:\/\/www.affinite.fr\/index.php\/2020\/04\/18\/chantal-ladesou-eloignee-de-ses-enfants-pour-sa-sante-ses-regrets\/"},"modified":"2020-04-18T12:03:22","modified_gmt":"2020-04-18T12:03:22","slug":"chantal-ladesou-eloignee-de-ses-enfants-pour-sa-sante-ses-regrets","status":"publish","type":"post","link":"http:\/\/www.affinite.fr\/index.php\/2020\/04\/18\/chantal-ladesou-eloignee-de-ses-enfants-pour-sa-sante-ses-regrets\/","title":{"rendered":"Chantal Ladesou, \u00e9loign\u00e9e de ses enfants pour sa sant\u00e9\u00a0: ses regrets"},"content":{"rendered":"<p> [ad_1]<br \/>\n<br \/><img decoding=\"async\" src=\"https:\/\/img-3.journaldesfemmes.fr\/Qk0M1vx1VPfgG7KFpLQHu3dvtMc=\/1280x\/smart\/9fe4819fce2541c0b20d1a5a0ca85cd9\/ccmcms-jdf\/15035699.jpg\" \/><\/p>\n<p>\n                Le confinement impacte tout le monde, y compris nos personnalit\u00e9s. En vacances en famille au ski lors de l&rsquo;annonce du confinement, Chantal Ladesou a \u00e9t\u00e9 contrainte de rejoindre sa maison du Sud avec, pour seul compagnon, son \u00e9poux Michel&#8230;            <\/p>\n<div>\n<p>Pas facile d&rsquo;\u00eatre confin\u00e9\u00a0loin de ses proches. C&rsquo;est pourtant ce que va doit\u00a0surmonter l&rsquo;humoriste <a href=\"https:\/\/www.journaldesfemmes.fr\/people\/2592558-chantal-ladesou-couple-michel-ansault-enfants-petits-enfants\/\"><strong>Chantal Ladesou<\/strong>, qui est confin\u00e9e en t\u00eate \u00e0 t\u00eate avec\u00a0<strong>son mari Michel<\/strong><\/a>, loin de ses enfants&#8230;<br \/>Dans un entretien accord\u00e9 \u00e0 <em>Gala<\/em>, la com\u00e9dienne\u00a0a ainsi \u00e9voqu\u00e9 son confinement et la mani\u00e8re dont il s&rsquo;est produit.<br \/>Alors qu&rsquo;elle \u00e9tait <strong>en vacances aux sports d&rsquo;hiver avec sa petite famille<\/strong>,\u00a0l&rsquo;ordre du Pr\u00e9sident\u00a0de confiner\u00a0les Fran\u00e7ais\u00a0est tomb\u00e9. La\u00a0star de <em>C&rsquo;est Quoi cette Mamie\u00a0?\u00a0<\/em>s&rsquo;est vue\u00a0contrainte de<em> <strong>\u00ab\u00a0d\u00e9guerpir au plus vite\u00a0\u00bb <\/strong><\/em>en raison de la <strong>fermeture imminente de la station de ski,<\/strong> rapporte <em>Gala<\/em>.<\/p>\n<p><em><strong>\u00ab\u00a0On a pris la route, et on s&rsquo;est arr\u00eat\u00e9 dans le Sud o\u00f9 nous avons une maison de campagne. <\/strong>Mon premier r\u00e9flexe a \u00e9t\u00e9 de m&rsquo;y installer avec ma fille, Cl\u00e9mence, et mes deux petits-enfants, Gabrielle, 2\u00a0ans, et Georges, 4\u00a0ans et demi\u00a0\u00bb<\/em>, a racont\u00e9\u00a0Chantal Ladesou \u00e0 <em>Gala<\/em>.<\/p>\n<h2>Chantal Ladesou, d\u00e9laiss\u00e9e\u00a0par ses enfants\u00a0<\/h2>\n<p>Mais ne l&rsquo;oublions pas, <strong>\u00e0 71 ans, Chantal Ladesou entre dans la cat\u00e9gorie des personnes fragiles face au <a href=\"https:\/\/sante.journaldesfemmes.fr\/maladies\/2605417-coronavirus-france-carte-courbe-bilan-morts-italie-espagne-monde\/\" title=\"N-Cov\">coronavirus<\/a><\/strong>. Ainsi,\u00a0ses enfants ont tr\u00e8s vite pr\u00e9f\u00e9r\u00e9\u00a0se confiner chez eux, afin de limiter les risques de contamination.<strong> \u00ab\u00a0<\/strong><em><strong>\u00c9tant donn\u00e9 mon \u00e2ge et celui de mon mari, ils ont tr\u00e8s vite pris la d\u00e9cision de nous quitter et se confiner chez eux, en Hollande<\/strong>. \u00catre s\u00e9par\u00e9e d&rsquo;eux, et de mon fils Julien, confin\u00e9 lui aussi \u00e0 la campagne avec son \u00e9pouse Pauline Lef\u00e8vre, je crois que <strong>c&rsquo;est ce qui me co\u00fbte le plus en ce moment\u00a0\u00bb<\/strong><\/em>, a-t-elle confi\u00e9.\u00a0<\/p>\n<p>Et pour tuer le temps, l&rsquo;incontournable <em>Grosse T\u00eate <\/em>a d\u00e9clar\u00e9 s&rsquo;\u00eatre lanc\u00e9e dans les\u00a0s\u00e9ries, les documentaires, les vieux films\u00a0ou encore&#8230;la danse avec\u00a0<a href=\"https:\/\/cuisine.journaldesfemmes.fr\/gastronomie\/2626747-l-on-nomi-ou-comment-prendre-l-apero-avec-ses-amis-en-confinement\/\">des chor\u00e9s par visio avec ses copines<\/a> !<\/p>\n<aside id=\"NL_1847936596\" class=\"newsletter_subscription jNlBlock\"><noscript><br \/>\n            <\/noscript><\/p>\n<h3 class=\"newsletter_subscription-title\">Newsletter <\/h3>\n<p><a href=\"\/\/mailing.ccmbg.com\/archive\/last-85\" target=\"_blank\" class=\"a_hover\" rel=\"noopener noreferrer\">Voir un exemple<\/a><\/p>\n<\/aside>\n<p>Pour faire ses courses (toujours aux aurores), Chantal Ladesou\u00a0porte un foulard sur le nez et la bouche. <em>\u00ab\u00a0Je postillonne beaucoup quand je parle\u00a0!\u00a0\u00bb,<\/em>\u00a0pr\u00e9cise-t-elle au magazine.<\/p>\n<\/p><\/div>\n<p>[ad_2]<br \/>\n<br \/><a href=\"https:\/\/www.journaldesfemmes.fr\/people\/magazine\/2631813-chantal-ladesou-eloignee-de-ses-enfants-pour-sa-sante-ses-regrets\/\">Source link <\/a><\/p>\n","protected":false},"excerpt":{"rendered":"<p>[ad_1] Le confinement impacte tout le monde, y compris nos personnalit\u00e9s. En vacances en famille au ski lors de l&rsquo;annonce &hellip; <a href=\"http:\/\/www.affinite.fr\/index.php\/2020\/04\/18\/chantal-ladesou-eloignee-de-ses-enfants-pour-sa-sante-ses-regrets\/\" class=\"more-link\">Plus <span class=\"screen-reader-text\">Chantal Ladesou, \u00e9loign\u00e9e de ses enfants pour sa sant\u00e9\u00a0: ses regrets<\/span> <span class=\"meta-nav\">&rarr;<\/span><\/a><\/p>\n","protected":false},"author":1,"featured_media":2035,"comment_status":"open","ping_status":"open","sticky":false,"template":"","format":"standard","meta":{"_sitemap_exclude":false,"_sitemap_priority":"","_sitemap_frequency":"","footnotes":""},"categories":[1],"tags":[],"class_list":["post-2034","post","type-post","status-publish","format-standard","has-post-thumbnail","hentry","category-tous"],"_links":{"self":[{"href":"http:\/\/www.affinite.fr\/index.php\/wp-json\/wp\/v2\/posts\/2034"}],"collection":[{"href":"http:\/\/www.affinite.fr\/index.php\/wp-json\/wp\/v2\/posts"}],"about":[{"href":"http:\/\/www.affinite.fr\/index.php\/wp-json\/wp\/v2\/types\/post"}],"author":[{"embeddable":true,"href":"http:\/\/www.affinite.fr\/index.php\/wp-json\/wp\/v2\/users\/1"}],"replies":[{"embeddable":true,"href":"http:\/\/www.affinite.fr\/index.php\/wp-json\/wp\/v2\/comments?post=2034"}],"version-history":[{"count":0,"href":"http:\/\/www.affinite.fr\/index.php\/wp-json\/wp\/v2\/posts\/2034\/revisions"}],"wp:featuredmedia":[{"embeddable":true,"href":"http:\/\/www.affinite.fr\/index.php\/wp-json\/wp\/v2\/media\/2035"}],"wp:attachment":[{"href":"http:\/\/www.affinite.fr\/index.php\/wp-json\/wp\/v2\/media?parent=2034"}],"wp:term":[{"taxonomy":"category","embeddable":true,"href":"http:\/\/www.affinite.fr\/index.php\/wp-json\/wp\/v2\/categories?post=2034"},{"taxonomy":"post_tag","embeddable":true,"href":"http:\/\/www.affinite.fr\/index.php\/wp-json\/wp\/v2\/tags?post=2034"}],"curies":[{"name":"wp","href":"https:\/\/api.w.org\/{rel}","templated":true}]}}