{"id":2028,"date":"2020-04-18T05:49:45","date_gmt":"2020-04-18T05:49:45","guid":{"rendered":"https:\/\/www.affinite.fr\/index.php\/2020\/04\/18\/les-macbook-ne-se-chargeront-bientot-plus-a-100-pour-preserver-leur-batterie\/"},"modified":"2020-04-18T05:49:45","modified_gmt":"2020-04-18T05:49:45","slug":"les-macbook-ne-se-chargeront-bientot-plus-a-100-pour-preserver-leur-batterie","status":"publish","type":"post","link":"http:\/\/www.affinite.fr\/index.php\/2020\/04\/18\/les-macbook-ne-se-chargeront-bientot-plus-a-100-pour-preserver-leur-batterie\/","title":{"rendered":"les MacBook ne se chargeront bient\u00f4t plus \u00e0 100 % pour pr\u00e9server leur batterie"},"content":{"rendered":"<p> [ad_1]<br \/>\n<\/p>\n<div itemprop=\"articleBody\">\n<p>Apple marche d\u00e9sormais sur des \u0153ufs d\u00e8s qu\u2019il s\u2019agit de batteries. La soci\u00e9t\u00e9 vient de communiquer sur le changement de la gestion de leur chargement qu\u2019elle va op\u00e9rer avec la prochaine mise \u00e0 jour 10.15.5 de macOS.\u00a0<\/p>\n<p>Sur son site, la marque explique qu\u2019avec la future version de son syst\u00e8me d\u2019exploitation, tous ses MacBook \u00e9quip\u00e9s d\u2019un port Thunderbolt 3 (tous les mod\u00e8les Pro depuis 2016 et les Air avec \u00e9cran Retina) b\u00e9n\u00e9ficieront d\u2019un nouveau mode de chargement destin\u00e9 \u00e0 pr\u00e9serv\u00e9 la dur\u00e9e de vie de leurs batteries.\u00a0<\/p>\n<h3 style=\"color:#333; font-family:arial,helvetica,sans-serif; font-size:23px; font-weight:700\">Analyse des habitudes pour \u00e9viter le vieillissement\u00a0<\/h3>\n<p>Concr\u00e8tement, le syst\u00e8me analysera les habitudes d\u2019utilisation de la machine et l\u2019historique des temp\u00e9ratures pour optimiser la dur\u00e9e de vie de la batterie lithium-ion. Cette technologie vieillit effectivement plus rapidement lorsque les accumulateurs sont constamment recharg\u00e9s \u00e0 100 %. Cette nouvelle gestion \u00e9vitera donc de les charger \u00e0 fond pour ralentir le vieillissement chimique des batteries.<\/p>\n<figure class=\"figure text-center\"><img decoding=\"async\" class=\"article-img img-responsive-l\" src=\"https:\/\/img.bfmtv.com\/c\/1200\/906\/def\/e66a4e4729fb50db860cb57dbb318.jpg\" alt=\"\"\/><figcaption class=\"figure-caption figcaption color-txt-0 title-xs hidden-xs\"\/><\/figure>\n<p>Ce syst\u00e8me est finalement tr\u00e8s proche de <a data-cke-saved-href=\"https:\/\/www.01net.com\/actualites\/pour-preserver-la-batterie-des-iphone-ios-13-ne-les-chargera-qu-a-80-percent-1705761.html\" target=\"_blank\" href=\"https:\/\/www.01net.com\/actualites\/pour-preserver-la-batterie-des-iphone-ios-13-ne-les-chargera-qu-a-80-percent-1705761.html\" rel=\"noopener noreferrer\">ce qui a d\u00e9j\u00e0 \u00e9t\u00e9 mis en place sur les iPhone avec l\u2019arriv\u00e9e d\u2019iOS 13<\/a>. Cette fonctionnalit\u00e9 pourra \u00eatre d\u00e9sactiv\u00e9e par l\u2019utilisateur qui d\u00e9sire profiter d\u2019une autonomie optimale. En effet, avec ce principe, le temps d\u2019utilisation du MacBook jusqu\u2019\u00e0 son d\u00e9chargement complet sera r\u00e9duit puisque sa batterie ne sera plus recharg\u00e9e syst\u00e9matiquement \u00e0 100 %.\u00a0<\/p>\n<aside class=\"bg-color-0 padding-inside-all-s bloc border-s\">\n<h4 class=\"box-txt-normal\">\n<p><strong>\u00c0 d\u00e9couvrir aussi en vid\u00e9o<\/strong><\/p>\n<\/h4>\n<\/aside>\n<p>Apple communique d\u00e9sormais clairement les changements op\u00e9r\u00e9s sur la gestion de la batterie de ses appareils. En 2017, <a href=\"https:\/\/www.01net.com\/actualites\/apple-confirme-ralentir-les-iphone-vieillissants-pour-preserver-leurs-batteries-1332486.html\" target=\"_blank\" rel=\"noopener noreferrer\">la marque avait effectu\u00e9 \u00e0 l\u2019insu des utilisateurs une modification sur ses iPhone<\/a>, en ralentissant le fonctionnement de ceux dont la batterie \u00e9t\u00e9 vieillissante pour la pr\u00e9server. En avaient d\u00e9coul\u00e9 de nombreuses plaintes&#8230; ce qui avait pouss\u00e9 la soci\u00e9t\u00e9 \u00e0 mettre en place une offre de remplacement de batterie \u00e0 prix r\u00e9duit.\u00a0<\/p>\n<p><strong>Source : <a href=\"https:\/\/support.apple.com\/en-us\/HT211094\" target=\"_blank\" rel=\"noopener noreferrer\">Apple<\/a><\/strong><\/p>\n<\/p><\/div>\n<p><script>\n         !function(f,b,e,v,n,t,s){if(f.fbq)return;n=f.fbq=function()\n         {n.callMethod? n.callMethod.apply(n,arguments):n.queue.push(arguments)}\n         ;if(!f._fbq)f._fbq=n;\n             n.push=n;n.loaded=!0;n.version='2.0';n.queue=[];t=b.createElement(e);t.async=!0;\n             t.src=v;s=b.getElementsByTagName(e)[0];s.parentNode.insertBefore(t,s)}(window,\n                 document,'script','https:\/\/connect.facebook.net\/en_US\/fbevents.js');\n         fbq('init', '1065890633454496');\n         fbq('track', 'PageView');\n     <\/script><br \/>\n<br \/>[ad_2]<br \/>\n<br \/><a href=\"https:\/\/www.01net.com\/actualites\/apple-les-macbook-ne-se-chargeront-bientot-plus-a-100-percent-pour-preserver-leur-batterie-1894726.html\">Source link <\/a><\/p>\n","protected":false},"excerpt":{"rendered":"<p>[ad_1] Apple marche d\u00e9sormais sur des \u0153ufs d\u00e8s qu\u2019il s\u2019agit de batteries. La soci\u00e9t\u00e9 vient de communiquer sur le changement &hellip; <a href=\"http:\/\/www.affinite.fr\/index.php\/2020\/04\/18\/les-macbook-ne-se-chargeront-bientot-plus-a-100-pour-preserver-leur-batterie\/\" class=\"more-link\">Plus <span class=\"screen-reader-text\">les MacBook ne se chargeront bient\u00f4t plus \u00e0 100 % pour pr\u00e9server leur batterie<\/span> <span class=\"meta-nav\">&rarr;<\/span><\/a><\/p>\n","protected":false},"author":1,"featured_media":2029,"comment_status":"open","ping_status":"open","sticky":false,"template":"","format":"standard","meta":{"_sitemap_exclude":false,"_sitemap_priority":"","_sitemap_frequency":"","footnotes":""},"categories":[1],"tags":[],"class_list":["post-2028","post","type-post","status-publish","format-standard","has-post-thumbnail","hentry","category-tous"],"_links":{"self":[{"href":"http:\/\/www.affinite.fr\/index.php\/wp-json\/wp\/v2\/posts\/2028"}],"collection":[{"href":"http:\/\/www.affinite.fr\/index.php\/wp-json\/wp\/v2\/posts"}],"about":[{"href":"http:\/\/www.affinite.fr\/index.php\/wp-json\/wp\/v2\/types\/post"}],"author":[{"embeddable":true,"href":"http:\/\/www.affinite.fr\/index.php\/wp-json\/wp\/v2\/users\/1"}],"replies":[{"embeddable":true,"href":"http:\/\/www.affinite.fr\/index.php\/wp-json\/wp\/v2\/comments?post=2028"}],"version-history":[{"count":0,"href":"http:\/\/www.affinite.fr\/index.php\/wp-json\/wp\/v2\/posts\/2028\/revisions"}],"wp:featuredmedia":[{"embeddable":true,"href":"http:\/\/www.affinite.fr\/index.php\/wp-json\/wp\/v2\/media\/2029"}],"wp:attachment":[{"href":"http:\/\/www.affinite.fr\/index.php\/wp-json\/wp\/v2\/media?parent=2028"}],"wp:term":[{"taxonomy":"category","embeddable":true,"href":"http:\/\/www.affinite.fr\/index.php\/wp-json\/wp\/v2\/categories?post=2028"},{"taxonomy":"post_tag","embeddable":true,"href":"http:\/\/www.affinite.fr\/index.php\/wp-json\/wp\/v2\/tags?post=2028"}],"curies":[{"name":"wp","href":"https:\/\/api.w.org\/{rel}","templated":true}]}}