{"id":2024,"date":"2020-04-18T03:38:08","date_gmt":"2020-04-18T03:38:08","guid":{"rendered":"https:\/\/www.affinite.fr\/index.php\/2020\/04\/18\/le-casque-audio-dapple-devrait-etre-personnalisable-comme-les-apple-watch\/"},"modified":"2020-04-18T03:38:08","modified_gmt":"2020-04-18T03:38:08","slug":"le-casque-audio-dapple-devrait-etre-personnalisable-comme-les-apple-watch","status":"publish","type":"post","link":"http:\/\/www.affinite.fr\/index.php\/2020\/04\/18\/le-casque-audio-dapple-devrait-etre-personnalisable-comme-les-apple-watch\/","title":{"rendered":"Le casque audio d\u2019Apple devrait \u00eatre personnalisable, comme les Apple Watch"},"content":{"rendered":"<p> [ad_1]<br \/>\n<br \/><img decoding=\"async\" src=\"https:\/\/img.bfmtv.com\/i\/0\/0\/eb3\/32e3fdccb59bf7ac26537d4c048e8.jpeg\" \/><\/p>\n<div itemprop=\"articleBody\">\n<p>Les informations se pr\u00e9cisent autour d\u2019un probable futur casque audio con\u00e7u par Apple. L\u2019appareil devrait proposer un syst\u00e8me in\u00e9dit d\u2019accessoires interchangeables permettant de le personnaliser selon son utilisation.\u00a0<\/p>\n<p>D\u2019apr\u00e8s Bloomberg, deux configurations par d\u00e9faut pourraient ainsi \u00eatre propos\u00e9es aux clients. La premi\u00e8re serait haut de gamme, avec un habillage en cuir, la seconde ax\u00e9e sur l\u2019activit\u00e9 physique gr\u00e2ce \u00e0 des tissus microperfor\u00e9s permettant la respiration de la peau.\u00a0<\/p>\n<h3 style=\"color:#333; font-family:arial,helvetica,sans-serif; font-size:23px; font-weight:700\">Sport ou voyage ?\u00a0<\/h3>\n<p>Toutefois, les coussinets et le rembourrage de l\u2019arceau seraient fix\u00e9s gr\u00e2ce \u00e0 un syst\u00e8me magn\u00e9tique pour permettre de les changer \u00e0 la vol\u00e9e, en fonction de son activit\u00e9. On pourrait ainsi passer d\u2019un look \u00e9l\u00e9gant et confortable (pour un voyage en avion par exemple) \u00e0 un autre d\u00e9di\u00e9 au fitness. Ce principe serait finalement tr\u00e8s proche de ce que propose d\u00e9j\u00e0 Apple avec les bracelets de ses Watch.\u00a0<\/p>\n<p>Les prototypes actuels du casque seraient bas\u00e9s sur un design global assez r\u00e9tro, avec des \u00e9couteurs ovo\u00efdes pivotants \u2014 certainement pour le rangement. L\u2019arceau serait fix\u00e9 sur la partie sup\u00e9rieure des oreillettes \u2014plut\u00f4t que les c\u00f4t\u00e9s \u2014 simplement par de minces bras m\u00e9talliques.\u00a0<\/p>\n<h3 style=\"color:#333; font-family:arial,helvetica,sans-serif; font-size:23px; font-weight:700\">Un travail de longue haleine<\/h3>\n<p>Apple travaillerait depuis 2018 \u00e0 ce casque, si l\u2019on en croit <a href=\"https:\/\/www.01net.com\/actualites\/apres-les-airpods-apple-preparerait-son-propre-casque-audio-1382355.html\" target=\"_blank\" rel=\"noopener noreferrer\">les premi\u00e8res informations publi\u00e9es par l\u2019analyste Ming-Chi Kuo<\/a> \u00e0 l\u2019\u00e9poque. Bloomberg avait confirm\u00e9 cela dans la foul\u00e9e, <a href=\"https:\/\/www.01net.com\/actualites\/le-futur-casque-haut-de-gamme-d-apple-integrerait-la-reduction-de-bruit-active-1388484.html\" target=\"_blank\" rel=\"noopener noreferrer\">ajoutant que l\u2019appareil int\u00e9grerait un syst\u00e8me de r\u00e9duction de bruit active<\/a> ; \u00e0 l\u2019image de ce que proposent les mod\u00e8les de Bose et Sony, leaders du march\u00e9 dans le domaine.\u00a0<\/p>\n<p>Apple ma\u00eetrise en effet de mieux en mieux cette technologie. La soci\u00e9t\u00e9 l\u2019a int\u00e9gr\u00e9e avec efficacit\u00e9 dans <a href=\"https:\/\/www.01net.com\/tests\/test-des-airpods-pro-apple-soigne-enfin-nos-oreilles-avec-ses-ecouteurs-true-wireless-6345.html\" target=\"_blank\" rel=\"noopener noreferrer\">ses derniers AirPods Pro<\/a>, mais aussi dans<a href=\"https:\/\/www.01net.com\/tests\/test-du-beats-solo-pro-un-casque-a-reduction-de-bruit-efficace-et-enfin-compact-6353.html\" target=\"_blank\" rel=\"noopener noreferrer\"> le Solo Pro de Beats<\/a>, marque dont elle est propri\u00e9taire.<\/p>\n<aside class=\"bg-color-0 padding-inside-all-s bloc border-s\">\n<h4 class=\"box-txt-normal\">\n<p><strong>\u00c0 d\u00e9couvrir aussi en vid\u00e9o<\/strong><\/p>\n<\/h4>\n<\/aside>\n<p>Enfin, en mars dernier, <a href=\"https:\/\/www.01net.com\/actualites\/on-a-enfin-la-preuve-de-l-existence-d-un-casque-apple-1871977.html\" target=\"_blank\" rel=\"noopener noreferrer\">des ic\u00f4nes de casque audio ont \u00e9t\u00e9 d\u00e9couvertes dans la version b\u00eata d\u2019iOS 14<\/a>, laissant indiquer qu\u2019Apple pr\u00e9parait ainsi la gestion de ce nouvel appareil par ses iPhone.\u00a0<\/p>\n<p>Reste que l\u2019\u00e9pid\u00e9mie du Covid-19 pourrait retarder son lancement, pr\u00e9vu en fin d\u2019ann\u00e9e 2020. D\u2019apr\u00e8s Bloomberg, Apple aurait d\u00e9j\u00e0 repouss\u00e9 deux fois sa commercialisation ces deux derni\u00e8res ann\u00e9es.\u00a0<\/p>\n<p><strong>Source : <a href=\"https:\/\/www.bloomberg.com\/news\/articles\/2020-04-16\/apple-developing-high-end-headphones-with-interchangeable-parts?sref=eTJxxXf2\" target=\"_blank\" rel=\"noopener noreferrer\">Bloomberg<\/a><\/strong><\/p>\n<\/p><\/div>\n<p><script>\n         !function(f,b,e,v,n,t,s){if(f.fbq)return;n=f.fbq=function()\n         {n.callMethod? n.callMethod.apply(n,arguments):n.queue.push(arguments)}\n         ;if(!f._fbq)f._fbq=n;\n             n.push=n;n.loaded=!0;n.version='2.0';n.queue=[];t=b.createElement(e);t.async=!0;\n             t.src=v;s=b.getElementsByTagName(e)[0];s.parentNode.insertBefore(t,s)}(window,\n                 document,'script','https:\/\/connect.facebook.net\/en_US\/fbevents.js');\n         fbq('init', '1065890633454496');\n         fbq('track', 'PageView');\n     <\/script><br \/>\n<br \/>[ad_2]<br \/>\n<br \/><a href=\"https:\/\/www.01net.com\/actualites\/le-casque-audio-d-apple-devrait-etre-personnalisable-comme-les-apple-watch-1894751.html\">Source link <\/a><\/p>\n","protected":false},"excerpt":{"rendered":"<p>[ad_1] Les informations se pr\u00e9cisent autour d\u2019un probable futur casque audio con\u00e7u par Apple. L\u2019appareil devrait proposer un syst\u00e8me in\u00e9dit &hellip; <a href=\"http:\/\/www.affinite.fr\/index.php\/2020\/04\/18\/le-casque-audio-dapple-devrait-etre-personnalisable-comme-les-apple-watch\/\" class=\"more-link\">Plus <span class=\"screen-reader-text\">Le casque audio d\u2019Apple devrait \u00eatre personnalisable, comme les Apple Watch<\/span> <span class=\"meta-nav\">&rarr;<\/span><\/a><\/p>\n","protected":false},"author":1,"featured_media":2025,"comment_status":"open","ping_status":"open","sticky":false,"template":"","format":"standard","meta":{"_sitemap_exclude":false,"_sitemap_priority":"","_sitemap_frequency":"","footnotes":""},"categories":[1],"tags":[],"class_list":["post-2024","post","type-post","status-publish","format-standard","has-post-thumbnail","hentry","category-tous"],"_links":{"self":[{"href":"http:\/\/www.affinite.fr\/index.php\/wp-json\/wp\/v2\/posts\/2024"}],"collection":[{"href":"http:\/\/www.affinite.fr\/index.php\/wp-json\/wp\/v2\/posts"}],"about":[{"href":"http:\/\/www.affinite.fr\/index.php\/wp-json\/wp\/v2\/types\/post"}],"author":[{"embeddable":true,"href":"http:\/\/www.affinite.fr\/index.php\/wp-json\/wp\/v2\/users\/1"}],"replies":[{"embeddable":true,"href":"http:\/\/www.affinite.fr\/index.php\/wp-json\/wp\/v2\/comments?post=2024"}],"version-history":[{"count":0,"href":"http:\/\/www.affinite.fr\/index.php\/wp-json\/wp\/v2\/posts\/2024\/revisions"}],"wp:featuredmedia":[{"embeddable":true,"href":"http:\/\/www.affinite.fr\/index.php\/wp-json\/wp\/v2\/media\/2025"}],"wp:attachment":[{"href":"http:\/\/www.affinite.fr\/index.php\/wp-json\/wp\/v2\/media?parent=2024"}],"wp:term":[{"taxonomy":"category","embeddable":true,"href":"http:\/\/www.affinite.fr\/index.php\/wp-json\/wp\/v2\/categories?post=2024"},{"taxonomy":"post_tag","embeddable":true,"href":"http:\/\/www.affinite.fr\/index.php\/wp-json\/wp\/v2\/tags?post=2024"}],"curies":[{"name":"wp","href":"https:\/\/api.w.org\/{rel}","templated":true}]}}