{"id":2020,"date":"2020-04-18T01:30:32","date_gmt":"2020-04-18T01:30:32","guid":{"rendered":"https:\/\/www.affinite.fr\/index.php\/2020\/04\/18\/lunion-europeenne-se-dit-favorable-aux-applications-de-tracage\/"},"modified":"2020-04-18T01:30:32","modified_gmt":"2020-04-18T01:30:32","slug":"lunion-europeenne-se-dit-favorable-aux-applications-de-tracage","status":"publish","type":"post","link":"http:\/\/www.affinite.fr\/index.php\/2020\/04\/18\/lunion-europeenne-se-dit-favorable-aux-applications-de-tracage\/","title":{"rendered":"l&rsquo;Union europ\u00e9enne se dit favorable aux applications de tra\u00e7age\u00a0"},"content":{"rendered":"<p> [ad_1]<br \/>\n<br \/><img decoding=\"async\" src=\"https:\/\/img.bfmtv.com\/i\/0\/0\/763\/a973477114a54b5b4a96d38a7cb09.jpeg\" \/><\/p>\n<div itemprop=\"articleBody\">\n<p>L&rsquo;Union europ\u00e9enne (UE) s\u2019est d\u00e9clar\u00e9e\u00a0favorable aux applications de suivi des personnes\u00a0dans le cadre de la lutte contre le Covid-19. Bruxelles a ainsi mis au point une \u00ab\u00a0<em>bo\u00eete \u00e0 outils visant \u00e0 permettre la lev\u00e9e progressive des mesures de confinement\u00a0<\/em>\u00bb.\u00a0En r\u00e9sum\u00e9, ces applications de tra\u00e7age des contacts\u00a0devront \u00eatre fond\u00e9es sur le\u00a0volontariat,\u00a0temporaires, anonymes et \u00ab\u00a0<em>probablement bas\u00e9es sur la technologie Bluetooth<\/em>\u00a0\u00bb &#8211; soit les principales caract\u00e9ristiques de la version fran\u00e7aise <a href=\"https:\/\/www.01net.com\/actualites\/stopcovid-que-sait-on-de-la-future-application-de-tracage-des-malades-1893456.html\" target=\"_blank\" rel=\"noopener noreferrer\">Stop Covid<\/a>. L\u2019UE ajoute \u00e9galement \u00e0 ses exigences\u00a0un crit\u00e8re d\u2019interop\u00e9rabilit\u00e9 entre les applications europ\u00e9ennes.\u00a0<\/p>\n<h3 style=\"color:#333; font-family:arial,helvetica,sans-serif; font-size:23px; font-weight:700\">Volontariat, anonymat\u00a0et Bluetooth<\/h3>\n<p>L\u2019objectif de ces applications de tra\u00e7age est de \u00ab\u00a0<em>permettre de compl\u00e9ter l&rsquo;actuel tra\u00e7age manuel des contacts et aider \u00e0 rompre la cha\u00eene de transmission du virus<\/em>\u00a0\u00bb, rappelle l\u2019UE qui a publi\u00e9 en guise d\u2019accompagnement des <a href=\"https:\/\/ec.europa.eu\/commission\/presscorner\/detail\/en\/ip_20_669\" target=\"_blank\" rel=\"noopener noreferrer\">orientations en mati\u00e8re de protection des donn\u00e9es<\/a>. Ladite \u00ab\u00a0bo\u00eete \u00e0 outils\u00a0\u00bb a \u00e9t\u00e9 \u00e9labor\u00e9e par le r\u00e9seau \u00ab\u00a0Sant\u00e9 en ligne\u00a0\u00bb avec le soutien de la Commission europ\u00e9enne et doit fournir aux \u00c9tats membres un guide pratique pour la mise en place de ces\u00a0applications. Les technologies de tra\u00e7age de contacts\u00a0utilis\u00e9es par les \u00c9tats membres devront \u00ab\u00a0<em>respecter les r\u00e8gles de l\u2019UE<\/em>\u00a0\u00bb et \u00ab\u00a0<em>\u00eatre bien coordonn\u00e9es\u00a0<\/em>[\u2026]\u00a0<em>du point de vue de leur efficacit\u00e9, de leur s\u00e9curit\u00e9<\/em>\u00a0\u00bb.\u00a0<\/p>\n<h3 style=\"color:#333; font-family:arial,helvetica,sans-serif; font-size:23px; font-weight:700\">Des applications jug\u00e9es\u00a0\u00ab utiles\u00a0\u00bb<\/h3>\n<p>Alors qu\u2019il s\u2019\u00e9tait montr\u00e9 <a href=\"https:\/\/www.01net.com\/actualites\/l-union-europeenne-n-est-pas-favorable-au-suivi-des-smartphones-pour-gerer-l-apres-confinement-1887013.html\" target=\"_blank\" rel=\"noopener noreferrer\">plut\u00f4t d\u00e9favorable<\/a> \u00e0 de tels dispositifs il y a quelques semaines, Thierry Breton, commissaire au March\u00e9 int\u00e9rieur, a salu\u00e9 cette initiative europ\u00e9enne.<\/p>\n<blockquote>\n<p>\u00ab <em>L&rsquo;utilisation d&rsquo;applications de tra\u00e7age des contacts pour limiter la propagation du coronavirus peut \u00eatre utile, en particulier dans le cadre des strat\u00e9gies de sortie des \u00c9tats membres. Toutefois, pour que ces applications puissent \u00eatre adopt\u00e9es et donc pour qu&rsquo;elles puissent \u00eatre utiles, il faut absolument des garanties solides en ce qui concerne le respect de la vie priv\u00e9e. Nous devons innover et utiliser au mieux la technologie pour lutter contre la pand\u00e9mie, mais nous ne transigerons pas sur nos valeurs et nos exigences en mati\u00e8re de protection de la vie priv\u00e9e <\/em>\u00bb, a-t-il d\u00e9clar\u00e9.\u00a0<\/p>\n<\/blockquote>\n<h3 style=\"color:#333; font-family:arial,helvetica,sans-serif; font-size:23px; font-weight:700\">Avant le 30\u00a0avril 2020<\/h3>\n<p>Cette \u00ab\u00a0bo\u00eete \u00e0 outils\u00a0\u00bb s&rsquo;inscrit dans le cadre d&rsquo;un processus actuel de collaboration appel\u00e9 PEPP-PT des \u00c9tats membres\u00a0visant \u00e0 concevoir, dans les semaines et les mois \u00e0 venir, ces outils pratiques et d&rsquo;autres, et \u00e0 perfectionner leur utilisation.\u00a0<\/p>\n<p>Bruxelles a fix\u00e9 l&rsquo;\u00e9ch\u00e9ance au 30\u00a0avril 2020. \u00ab\u00a0<em>Les\u00a0autorit\u00e9s de sant\u00e9 publique \u00e9valueront l&rsquo;efficacit\u00e9 des applications au niveau national et transfronti\u00e8re. Les \u00c9tats membres devraient rendre compte des mesures qu&rsquo;ils ont prises au plus tard le 31\u00a0mai 2020 et permettre \u00e0 la Commission et aux autres \u00c9tats membres.<\/em>\u00a0\u00bb Et c\u2019est \u00e0 partir de \u00ab<em>\u00a0juin\u00a02020 et tout au long de la crise\u00a0<\/em>\u00bb que la Commission donnera ses recommandations.<\/p>\n<aside class=\"bg-color-0 padding-inside-all-s bloc border-s\">\n<h4 class=\"box-txt-normal\">\n<p><strong>\u00c0 d\u00e9couvrir aussi en vid\u00e9o<\/strong><\/p>\n<\/h4>\n<\/aside>\n<p><strong>Source<\/strong> :<a href=\"https:\/\/ec.europa.eu\/info\/files\/recommendation-apps-contact-tracing_fr\" target=\"_blank\" rel=\"noopener noreferrer\"> Commission europ\u00e9enne<\/a> [<a href=\"https:\/\/ec.europa.eu\/info\/sites\/info\/files\/recommendation_on_apps_for_contact_tracing_4.pdf\" target=\"_blank\" rel=\"noopener noreferrer\">PDF<\/a>]<\/p><\/div>\n<p><script>\n         !function(f,b,e,v,n,t,s){if(f.fbq)return;n=f.fbq=function()\n         {n.callMethod? n.callMethod.apply(n,arguments):n.queue.push(arguments)}\n         ;if(!f._fbq)f._fbq=n;\n             n.push=n;n.loaded=!0;n.version='2.0';n.queue=[];t=b.createElement(e);t.async=!0;\n             t.src=v;s=b.getElementsByTagName(e)[0];s.parentNode.insertBefore(t,s)}(window,\n                 document,'script','https:\/\/connect.facebook.net\/en_US\/fbevents.js');\n         fbq('init', '1065890633454496');\n         fbq('track', 'PageView');\n     <\/script><br \/>\n<br \/>[ad_2]<br \/>\n<br \/><a href=\"https:\/\/www.01net.com\/actualites\/coronavirus-l-union-europeenne-se-dit-favorable-aux-applications-de-tracage-1894794.html\">Source link <\/a><\/p>\n","protected":false},"excerpt":{"rendered":"<p>[ad_1] L&rsquo;Union europ\u00e9enne (UE) s\u2019est d\u00e9clar\u00e9e\u00a0favorable aux applications de suivi des personnes\u00a0dans le cadre de la lutte contre le Covid-19. &hellip; <a href=\"http:\/\/www.affinite.fr\/index.php\/2020\/04\/18\/lunion-europeenne-se-dit-favorable-aux-applications-de-tracage\/\" class=\"more-link\">Plus <span class=\"screen-reader-text\">l&rsquo;Union europ\u00e9enne se dit favorable aux applications de tra\u00e7age\u00a0<\/span> <span class=\"meta-nav\">&rarr;<\/span><\/a><\/p>\n","protected":false},"author":1,"featured_media":2021,"comment_status":"open","ping_status":"open","sticky":false,"template":"","format":"standard","meta":{"_sitemap_exclude":false,"_sitemap_priority":"","_sitemap_frequency":"","footnotes":""},"categories":[1],"tags":[],"class_list":["post-2020","post","type-post","status-publish","format-standard","has-post-thumbnail","hentry","category-tous"],"_links":{"self":[{"href":"http:\/\/www.affinite.fr\/index.php\/wp-json\/wp\/v2\/posts\/2020"}],"collection":[{"href":"http:\/\/www.affinite.fr\/index.php\/wp-json\/wp\/v2\/posts"}],"about":[{"href":"http:\/\/www.affinite.fr\/index.php\/wp-json\/wp\/v2\/types\/post"}],"author":[{"embeddable":true,"href":"http:\/\/www.affinite.fr\/index.php\/wp-json\/wp\/v2\/users\/1"}],"replies":[{"embeddable":true,"href":"http:\/\/www.affinite.fr\/index.php\/wp-json\/wp\/v2\/comments?post=2020"}],"version-history":[{"count":0,"href":"http:\/\/www.affinite.fr\/index.php\/wp-json\/wp\/v2\/posts\/2020\/revisions"}],"wp:featuredmedia":[{"embeddable":true,"href":"http:\/\/www.affinite.fr\/index.php\/wp-json\/wp\/v2\/media\/2021"}],"wp:attachment":[{"href":"http:\/\/www.affinite.fr\/index.php\/wp-json\/wp\/v2\/media?parent=2020"}],"wp:term":[{"taxonomy":"category","embeddable":true,"href":"http:\/\/www.affinite.fr\/index.php\/wp-json\/wp\/v2\/categories?post=2020"},{"taxonomy":"post_tag","embeddable":true,"href":"http:\/\/www.affinite.fr\/index.php\/wp-json\/wp\/v2\/tags?post=2020"}],"curies":[{"name":"wp","href":"https:\/\/api.w.org\/{rel}","templated":true}]}}