{"id":2014,"date":"2020-04-17T22:18:44","date_gmt":"2020-04-17T22:18:44","guid":{"rendered":"https:\/\/www.affinite.fr\/index.php\/2020\/04\/17\/des-chercheurs-tunisiens-concoivent-un-respirateur-open-source-a-imprimer-en-3d\/"},"modified":"2020-04-17T22:18:44","modified_gmt":"2020-04-17T22:18:44","slug":"des-chercheurs-tunisiens-concoivent-un-respirateur-open-source-a-imprimer-en-3d","status":"publish","type":"post","link":"http:\/\/www.affinite.fr\/index.php\/2020\/04\/17\/des-chercheurs-tunisiens-concoivent-un-respirateur-open-source-a-imprimer-en-3d\/","title":{"rendered":"des chercheurs tunisiens con\u00e7oivent un respirateur open source \u00e0 imprimer en 3D"},"content":{"rendered":"<p> [ad_1]<br \/>\n<\/p>\n<div itemprop=\"articleBody\">\n<p>Les respirateurs sont une denr\u00e9e rare en Afrique &#8211; moins de cent ont \u00e9t\u00e9 recens\u00e9s\u00a0sur tout le continent.\u00a0Face \u00e0 cette p\u00e9nurie, un groupe d\u2019universitaires du r\u00e9seau panafricain <em>Honoris United Universities<\/em> a con\u00e7u un Ventilateur non invasif (VNI) \u00e0 imprimer en 3D\u00a0pour moins de 400 euros pi\u00e8ce.\u00a0<\/p>\n<h3 style=\"color:#333; font-family:arial,helvetica,sans-serif; font-size:23px; font-weight:700\">Un respirateur en DIY<\/h3>\n<p>Sans breveter l\u2019invention, les scientifiques vont ensuite mettre le patron en <em>open source<\/em>. Il suffira\u00a0donc\u00a0de t\u00e9l\u00e9charger le logiciel sur Internet qui s\u2019accompagne d\u2019un manuel de fabrication et d\u2019un mode d\u2019emploi complet pour particuliers ou professionnels. Les mati\u00e8res premi\u00e8res ont \u00e9t\u00e9 choisies \u00e0 la fois pour leur \u00ab\u00a0fiabilit\u00e9\u00a0\u00bb mais aussi pour leur \u00ab\u00a0facilit\u00e9 d\u2019acc\u00e8s\u00a0\u00bb. Le d\u00e9fi est immense :\u00a0permettre \u00e0 n\u2019importe qui de fabriquer rapidement des respirateurs.<\/p>\n<figure class=\"figure text-center\"><img decoding=\"async\" class=\"article-img img-responsive-l\" src=\"https:\/\/img.bfmtv.com\/c\/0\/708\/c41\/fdf81001c456e8b3b1ef5af64d8fa.png\" alt=\"\"\/><figcaption class=\"figure-caption figcaption color-txt-0 title-xs hidden-xs\">\n                                    Honoris United Universities<br \/>\n                                                    &#8211;<br \/>\n                            <\/figcaption><\/figure>\n<p>Comme sa fabrication, son utilisation est aussi compos\u00e9e sur le mode du kit. A priori, le VNI se pr\u00e9sente comme un simple masque lavable en silicone avec filtre (image 1). Auquel s\u2019ajoutent un tube, un venturi\u00a0qui permet de calibrer le d\u00e9bit\u00a0et une bouteille d\u2019oxyg\u00e8ne (image 2). L\u2019option compl\u00e8te y additionne enfin un presseur qui actionne le ballon insufflateur en cas de motorisation du dispositif (image 3). Vous pouvez \u00e9galement voir un r\u00e9sum\u00e9 du projet dans la vid\u00e9o\u00a0ci-dessous.\u00a0<\/p>\n<p>\n        <iframe loading=\"lazy\" class=\"video-d6cd71f54851b7892ddc9b2f08d174f3\" width=\"560\" height=\"315\" src=\"http:\/\/www.youtube.com\/embed\/SPeBHYDUODU\" frameborder=\"0\" allowfullscreen=\"\"><\/iframe><\/p>\n<p>Cette initiative est\u00a0port\u00e9e par\u00a0le Tunisien Nidhal Rezg, docteur en automatique industrielle qui enseigne \u00e0 l\u2019Ecole polytechnique de Tunis et \u00e0 l\u2019Universit\u00e9 de Lorraine, \u00e0 Metz.\u00a0Interrog\u00e9 par Le Monde Afrique, l\u2019initiateur du projet raconte :\u00a0\u00ab <em>C\u2019est gr\u00e2ce au t\u00e9l\u00e9travail et au confinement que l\u2019id\u00e9e a \u00e9merg\u00e9\u00a0<\/em>\u00bb. Et en quelques jours, le consortium \u00e9tait mis sur pied.<\/p>\n<h3 style=\"color:#333; font-family:arial,helvetica,sans-serif; font-size:23px; font-weight:700\">Une\u00a0\u00ab\u00a0version\u00a0simplifi\u00e9e\u00a0\u00bb<\/h3>\n<p>Aujourd\u2019hui, deux prototypes sont en phase de test. Les machines ont \u00e9t\u00e9 fabriqu\u00e9es par deux entreprises sp\u00e9cialis\u00e9es en robotique et conception industrielle : Level\u00a01 \u00e0 Tunis et Tech3D \u00e0 Niderviller, en Moselle. Selon le journal, les chercheurs se laissent encore deux semaines pour fignoler les respirateurs imprim\u00e9s en 3D. Ils ont fix\u00e9\u00a0le 4 mai comme date limite pour obtenir l\u2019aval des autorit\u00e9s.\u00a0<\/p>\n<p>Si ces respirateurs sont des \u00ab\u00a0<em>versions simplifi\u00e9es par rapport aux mod\u00e8les industriels sophistiqu\u00e9s\u00a0<\/em>\u00bb, c\u2019est l\u2019urgence de la situation plan\u00e9taire qui prime, aggrav\u00e9e par la p\u00e9nurie de respirateurs sur le continent africain. Les premi\u00e8res machines seront produites par Level 1 et Tech3D puis les \u00c9tats devront\u00a0imprimer les leurs.<\/p>\n<aside class=\"bg-color-0 padding-inside-all-s bloc border-s\">\n<h4 class=\"box-txt-normal\">\n<p><strong>\u00c0 d\u00e9couvrir aussi en vid\u00e9o<\/strong><\/p>\n<\/h4>\n<\/aside>\n<p><strong>Sources<\/strong> : <a href=\"http:\/\/honoris.net\/honoris-united-universities-develops-3d-printed-respirator\/\" target=\"_blank\" rel=\"noopener noreferrer\">Honoris United Universities<\/a>\u00a0&amp; <a href=\"https:\/\/www.lemonde.fr\/afrique\/article\/2020\/04\/17\/coronavirus-des-chercheurs-tunisiens-concoivent-un-respirateur-a-imprimer-en-3d_6036915_3212.html?utm_medium=Social&amp;utm_source=Facebook&amp;fbclid=IwAR3A9_-jTX9E99EPxXT-yf2lfyCvnJ0XQQWnjJ5nANs037mCX-M8JNZqUpQ#Echobox=1587121417\" target=\"_blank\" rel=\"noopener noreferrer\">Le Monde Afrique\u00a0<\/a><\/p><\/div>\n<p><script>\n         !function(f,b,e,v,n,t,s){if(f.fbq)return;n=f.fbq=function()\n         {n.callMethod? n.callMethod.apply(n,arguments):n.queue.push(arguments)}\n         ;if(!f._fbq)f._fbq=n;\n             n.push=n;n.loaded=!0;n.version='2.0';n.queue=[];t=b.createElement(e);t.async=!0;\n             t.src=v;s=b.getElementsByTagName(e)[0];s.parentNode.insertBefore(t,s)}(window,\n                 document,'script','https:\/\/connect.facebook.net\/en_US\/fbevents.js');\n         fbq('init', '1065890633454496');\n         fbq('track', 'PageView');\n     <\/script><br \/>\n<br \/>[ad_2]<br \/>\n<br \/><a href=\"https:\/\/www.01net.com\/actualites\/coronavirus-des-chercheurs-tunisiens-concoivent-un-respirateur-open-source-a-imprimer-en-3d-1894986.html\">Source link <\/a><\/p>\n","protected":false},"excerpt":{"rendered":"<p>[ad_1] Les respirateurs sont une denr\u00e9e rare en Afrique &#8211; moins de cent ont \u00e9t\u00e9 recens\u00e9s\u00a0sur tout le continent.\u00a0Face \u00e0 &hellip; <a href=\"http:\/\/www.affinite.fr\/index.php\/2020\/04\/17\/des-chercheurs-tunisiens-concoivent-un-respirateur-open-source-a-imprimer-en-3d\/\" class=\"more-link\">Plus <span class=\"screen-reader-text\">des chercheurs tunisiens con\u00e7oivent un respirateur open source \u00e0 imprimer en 3D<\/span> <span class=\"meta-nav\">&rarr;<\/span><\/a><\/p>\n","protected":false},"author":1,"featured_media":2015,"comment_status":"open","ping_status":"open","sticky":false,"template":"","format":"standard","meta":{"_sitemap_exclude":false,"_sitemap_priority":"","_sitemap_frequency":"","footnotes":""},"categories":[1],"tags":[],"class_list":["post-2014","post","type-post","status-publish","format-standard","has-post-thumbnail","hentry","category-tous"],"_links":{"self":[{"href":"http:\/\/www.affinite.fr\/index.php\/wp-json\/wp\/v2\/posts\/2014"}],"collection":[{"href":"http:\/\/www.affinite.fr\/index.php\/wp-json\/wp\/v2\/posts"}],"about":[{"href":"http:\/\/www.affinite.fr\/index.php\/wp-json\/wp\/v2\/types\/post"}],"author":[{"embeddable":true,"href":"http:\/\/www.affinite.fr\/index.php\/wp-json\/wp\/v2\/users\/1"}],"replies":[{"embeddable":true,"href":"http:\/\/www.affinite.fr\/index.php\/wp-json\/wp\/v2\/comments?post=2014"}],"version-history":[{"count":0,"href":"http:\/\/www.affinite.fr\/index.php\/wp-json\/wp\/v2\/posts\/2014\/revisions"}],"wp:featuredmedia":[{"embeddable":true,"href":"http:\/\/www.affinite.fr\/index.php\/wp-json\/wp\/v2\/media\/2015"}],"wp:attachment":[{"href":"http:\/\/www.affinite.fr\/index.php\/wp-json\/wp\/v2\/media?parent=2014"}],"wp:term":[{"taxonomy":"category","embeddable":true,"href":"http:\/\/www.affinite.fr\/index.php\/wp-json\/wp\/v2\/categories?post=2014"},{"taxonomy":"post_tag","embeddable":true,"href":"http:\/\/www.affinite.fr\/index.php\/wp-json\/wp\/v2\/tags?post=2014"}],"curies":[{"name":"wp","href":"https:\/\/api.w.org\/{rel}","templated":true}]}}