{"id":2008,"date":"2020-04-17T19:10:33","date_gmt":"2020-04-17T19:10:33","guid":{"rendered":"https:\/\/www.affinite.fr\/index.php\/2020\/04\/17\/liphone-se-enfin-devoile-par-apple\/"},"modified":"2020-04-17T19:10:33","modified_gmt":"2020-04-17T19:10:33","slug":"liphone-se-enfin-devoile-par-apple","status":"publish","type":"post","link":"http:\/\/www.affinite.fr\/index.php\/2020\/04\/17\/liphone-se-enfin-devoile-par-apple\/","title":{"rendered":"L&rsquo;iPhone SE enfin d\u00e9voil\u00e9 par Apple"},"content":{"rendered":"<p> [ad_1]<br \/>\n<br \/><img decoding=\"async\" src=\"https:\/\/img.bfmtv.com\/i\/0\/0\/45a\/4509f324f5feea4a1ce312665a57b.jpg\" \/><\/p>\n<div itemprop=\"articleBody\">\n<p><strong>Au programme de ce nouvel \u00e9pisode de Tech A Break :\u00a0<\/strong><\/p>\n<p>&#8211; L&rsquo;actualit\u00e9 de la semaine, c&rsquo;est bien \u00e9videmment le nouvel iPhone SE. Le nouveau smartphone low-cost sign\u00e9 Apple a \u00e9t\u00e9 d\u00e9voil\u00e9 mercredi 15 avril. Reprenant le design de l&rsquo;iPhone 8, il est \u00e9quip\u00e9 d&rsquo;un \u00e9cran 4,7 pouces mais c&rsquo;est aussi le grand retour de Touch ID.\u00a0<\/p>\n<p>&#8211; Le chiffre de la semaine, c&rsquo;est 120 $ :\u00a0c&rsquo;est le prix des nouveaux \u00e9couteurs true wireless de Razer en collaboration avec Pokemon.<\/p>\n<p>&#8211; La vid\u00e9o de la semaine, c&rsquo;est la retouche num\u00e9rique maladroite de Disney sur le film Splash pour le diffuser sur Disney+. Des cheveux ont \u00e9t\u00e9 rajout\u00e9s pour dissimuler les fesses d&rsquo;une actrice. Une autocensure injustifi\u00e9e ?<\/p>\n<\/p><\/div>\n<p><script>\n         !function(f,b,e,v,n,t,s){if(f.fbq)return;n=f.fbq=function()\n         {n.callMethod? n.callMethod.apply(n,arguments):n.queue.push(arguments)}\n         ;if(!f._fbq)f._fbq=n;\n             n.push=n;n.loaded=!0;n.version='2.0';n.queue=[];t=b.createElement(e);t.async=!0;\n             t.src=v;s=b.getElementsByTagName(e)[0];s.parentNode.insertBefore(t,s)}(window,\n                 document,'script','https:\/\/connect.facebook.net\/en_US\/fbevents.js');\n         fbq('init', '1065890633454496');\n         fbq('track', 'PageView');\n     <\/script><br \/>\n<br \/>[ad_2]<br \/>\n<br \/><a href=\"https:\/\/www.01net.com\/actualites\/l-iphone-se-enfin-devoile-par-apple-tech-a-break-50-1895006.html\">Source link <\/a><\/p>\n","protected":false},"excerpt":{"rendered":"<p>[ad_1] Au programme de ce nouvel \u00e9pisode de Tech A Break :\u00a0 &#8211; L&rsquo;actualit\u00e9 de la semaine, c&rsquo;est bien \u00e9videmment &hellip; <a href=\"http:\/\/www.affinite.fr\/index.php\/2020\/04\/17\/liphone-se-enfin-devoile-par-apple\/\" class=\"more-link\">Plus <span class=\"screen-reader-text\">L&rsquo;iPhone SE enfin d\u00e9voil\u00e9 par Apple<\/span> <span class=\"meta-nav\">&rarr;<\/span><\/a><\/p>\n","protected":false},"author":1,"featured_media":2009,"comment_status":"open","ping_status":"open","sticky":false,"template":"","format":"standard","meta":{"_sitemap_exclude":false,"_sitemap_priority":"","_sitemap_frequency":"","footnotes":""},"categories":[1],"tags":[],"class_list":["post-2008","post","type-post","status-publish","format-standard","has-post-thumbnail","hentry","category-tous"],"_links":{"self":[{"href":"http:\/\/www.affinite.fr\/index.php\/wp-json\/wp\/v2\/posts\/2008"}],"collection":[{"href":"http:\/\/www.affinite.fr\/index.php\/wp-json\/wp\/v2\/posts"}],"about":[{"href":"http:\/\/www.affinite.fr\/index.php\/wp-json\/wp\/v2\/types\/post"}],"author":[{"embeddable":true,"href":"http:\/\/www.affinite.fr\/index.php\/wp-json\/wp\/v2\/users\/1"}],"replies":[{"embeddable":true,"href":"http:\/\/www.affinite.fr\/index.php\/wp-json\/wp\/v2\/comments?post=2008"}],"version-history":[{"count":0,"href":"http:\/\/www.affinite.fr\/index.php\/wp-json\/wp\/v2\/posts\/2008\/revisions"}],"wp:featuredmedia":[{"embeddable":true,"href":"http:\/\/www.affinite.fr\/index.php\/wp-json\/wp\/v2\/media\/2009"}],"wp:attachment":[{"href":"http:\/\/www.affinite.fr\/index.php\/wp-json\/wp\/v2\/media?parent=2008"}],"wp:term":[{"taxonomy":"category","embeddable":true,"href":"http:\/\/www.affinite.fr\/index.php\/wp-json\/wp\/v2\/categories?post=2008"},{"taxonomy":"post_tag","embeddable":true,"href":"http:\/\/www.affinite.fr\/index.php\/wp-json\/wp\/v2\/tags?post=2008"}],"curies":[{"name":"wp","href":"https:\/\/api.w.org\/{rel}","templated":true}]}}