{"id":1998,"date":"2020-04-17T13:56:18","date_gmt":"2020-04-17T13:56:18","guid":{"rendered":"https:\/\/www.affinite.fr\/index.php\/2020\/04\/17\/ce-mode-guepard-va-faire-bondir-les-model-s-et-x-a-lacceleration\/"},"modified":"2020-04-17T13:56:18","modified_gmt":"2020-04-17T13:56:18","slug":"ce-mode-guepard-va-faire-bondir-les-model-s-et-x-a-lacceleration","status":"publish","type":"post","link":"http:\/\/www.affinite.fr\/index.php\/2020\/04\/17\/ce-mode-guepard-va-faire-bondir-les-model-s-et-x-a-lacceleration\/","title":{"rendered":"ce mode \u00ab\u00a0gu\u00e9pard\u00a0\u00bb va faire bondir les Model S et X \u00e0 l&rsquo;acc\u00e9l\u00e9ration"},"content":{"rendered":"<p> [ad_1]<br \/>\n<br \/><img decoding=\"async\" src=\"https:\/\/img.bfmtv.com\/i\/0\/0\/8ab\/d646458dd778c90d19e70c4ca58f4.jpg\" \/><\/p>\n<div itemprop=\"articleBody\">\n<p>Les <a href=\"https:\/\/www.01net.com\/actualites\/la-voiture-electrique-convient-elle-aux-long-periples-roadtrip-en-tesla-pour-le-savoir-1815566.html\" target=\"_blank\" rel=\"noopener noreferrer\">Model S<\/a> et <a href=\"https:\/\/www.01net.com\/actualites\/exclu-on-a-essaye-la-model-x-l-impressionnant-suv-electrique-de-tesla-1031620.html\" target=\"_blank\" rel=\"noopener noreferrer\">Model X<\/a> du constructeur californien vont voir \u00e9voluer leur mode \u00ab\u00a0Ludicrous\u00a0\u00bb. Une mise \u00e0 jour, en cour de d\u00e9ploiement, va ajouter l\u2019option \u00ab\u00a0gu\u00e9pard\u00a0\u00bb \u00e0 ces deux mod\u00e8les.\u00a0 Inspir\u00e9 de ces f\u00e9lins agiles et bondissants le mode \u00ab\u00a0cheetah\u00a0\u00bb en VO, a pour objectif de cr\u00e9er une sensation de bond et d\u2019explosivit\u00e9 \u00e0 la voiture lors d\u2019un d\u00e9marrage un peu sportif.<\/p>\n<p>\n            <iframe loading=\"lazy\" width=\"560\" height=\"315\" src=\"https:\/\/www.youtube.com\/embed\/Grlj7_itDX8\" frameborder=\"0\" allow=\"accelerometer; autoplay; encrypted-media; gyroscope; picture-in-picture\" allowfullscreen=\"\"><\/iframe>\n    <\/p>\n<h3 style=\"color:#333; font-family:arial,helvetica,sans-serif; font-size:23px; font-weight:700\">Un bond de puissance \u00e0 l&rsquo;acc\u00e9l\u00e9ration<\/h3>\n<p>Pour y parvenir, Tesla joue bien \u00e9videmment sur les suspensions adaptatives de ses voitures. En effet, le syst\u00e8me \u00ab\u00a0Smart Adaptative Air Suspension\u00a0\u00bb permet d\u2019abaisser l\u2019avant d\u2019un v\u00e9hicule, mais aussi de\u00a0cr\u00e9er ce fameux effet bondissant et d\u2019augmenter la puissance maximale de la voiture. Celle-ci passerait de 580 kW \u00e0 614 kW, soit un gain concret de 34 kW, l\u2019\u00e9quivalent de 46 chevaux. En cons\u00e9quence, les performances en acc\u00e9l\u00e9ration des deux mod\u00e8les progressent l\u00e9g\u00e8rement. Ainsi, le youtubeur am\u00e9ricain DragTimes a pu r\u00e9aliser les premi\u00e8res mesures en mode \u00ab\u00a0gu\u00e9pard\u00a0\u00bb sur sa version Performance de la berline \u00e9lectrique.\u00a0<\/p>\n<aside class=\"bg-color-0 padding-inside-all-s bloc border-s\">\n<h4 class=\"box-txt-normal\">\n<p><strong>A d\u00e9couvrir aussi en vid\u00e9o<\/strong><\/p>\n<\/h4>\n<\/aside>\n<p>Sur une Model S, donc, le 0 \u00e0 96 km\/h (ou 0 \u00e0 60 mph) passe de 2,47 secondes \u00e0 2,41 secondes et les 200 premiers m\u00e8tres sont aval\u00e9s en moins de 7 secondes avec une vitesse qui atteint quasiment les 170 km\/h. Des performances r\u00e9ellement impressionnantes qui pourraient encore s\u2019am\u00e9liorer avec quelques optimisations, notamment en \u00e9quipant la Model S des jantes \u00ab\u00a0Arachnid\u00a0\u00bb de la marque.<\/p>\n<\/p><\/div>\n<p><script>\n         !function(f,b,e,v,n,t,s){if(f.fbq)return;n=f.fbq=function()\n         {n.callMethod? n.callMethod.apply(n,arguments):n.queue.push(arguments)}\n         ;if(!f._fbq)f._fbq=n;\n             n.push=n;n.loaded=!0;n.version='2.0';n.queue=[];t=b.createElement(e);t.async=!0;\n             t.src=v;s=b.getElementsByTagName(e)[0];s.parentNode.insertBefore(t,s)}(window,\n                 document,'script','https:\/\/connect.facebook.net\/en_US\/fbevents.js');\n         fbq('init', '1065890633454496');\n         fbq('track', 'PageView');\n     <\/script><br \/>\n<br \/>[ad_2]<br \/>\n<br \/><a href=\"https:\/\/www.01net.com\/actualites\/tesla-ce-mode-guepard-va-faire-bondir-les-model-s-et-x-a-l-acceleration-1894722.html\">Source link <\/a><\/p>\n","protected":false},"excerpt":{"rendered":"<p>[ad_1] Les Model S et Model X du constructeur californien vont voir \u00e9voluer leur mode \u00ab\u00a0Ludicrous\u00a0\u00bb. Une mise \u00e0 jour, &hellip; <a href=\"http:\/\/www.affinite.fr\/index.php\/2020\/04\/17\/ce-mode-guepard-va-faire-bondir-les-model-s-et-x-a-lacceleration\/\" class=\"more-link\">Plus <span class=\"screen-reader-text\">ce mode \u00ab\u00a0gu\u00e9pard\u00a0\u00bb va faire bondir les Model S et X \u00e0 l&rsquo;acc\u00e9l\u00e9ration<\/span> <span class=\"meta-nav\">&rarr;<\/span><\/a><\/p>\n","protected":false},"author":1,"featured_media":1999,"comment_status":"open","ping_status":"open","sticky":false,"template":"","format":"standard","meta":{"_sitemap_exclude":false,"_sitemap_priority":"","_sitemap_frequency":"","footnotes":""},"categories":[1],"tags":[],"class_list":["post-1998","post","type-post","status-publish","format-standard","has-post-thumbnail","hentry","category-tous"],"_links":{"self":[{"href":"http:\/\/www.affinite.fr\/index.php\/wp-json\/wp\/v2\/posts\/1998"}],"collection":[{"href":"http:\/\/www.affinite.fr\/index.php\/wp-json\/wp\/v2\/posts"}],"about":[{"href":"http:\/\/www.affinite.fr\/index.php\/wp-json\/wp\/v2\/types\/post"}],"author":[{"embeddable":true,"href":"http:\/\/www.affinite.fr\/index.php\/wp-json\/wp\/v2\/users\/1"}],"replies":[{"embeddable":true,"href":"http:\/\/www.affinite.fr\/index.php\/wp-json\/wp\/v2\/comments?post=1998"}],"version-history":[{"count":0,"href":"http:\/\/www.affinite.fr\/index.php\/wp-json\/wp\/v2\/posts\/1998\/revisions"}],"wp:featuredmedia":[{"embeddable":true,"href":"http:\/\/www.affinite.fr\/index.php\/wp-json\/wp\/v2\/media\/1999"}],"wp:attachment":[{"href":"http:\/\/www.affinite.fr\/index.php\/wp-json\/wp\/v2\/media?parent=1998"}],"wp:term":[{"taxonomy":"category","embeddable":true,"href":"http:\/\/www.affinite.fr\/index.php\/wp-json\/wp\/v2\/categories?post=1998"},{"taxonomy":"post_tag","embeddable":true,"href":"http:\/\/www.affinite.fr\/index.php\/wp-json\/wp\/v2\/tags?post=1998"}],"curies":[{"name":"wp","href":"https:\/\/api.w.org\/{rel}","templated":true}]}}