{"id":1977,"date":"2020-04-17T02:34:57","date_gmt":"2020-04-17T02:34:57","guid":{"rendered":"https:\/\/www.affinite.fr\/index.php\/2020\/04\/17\/une-courte-majorite-de-francais-favorable-a-lapplication-de-suivi-du-gouvernement\/"},"modified":"2020-04-17T02:34:57","modified_gmt":"2020-04-17T02:34:57","slug":"une-courte-majorite-de-francais-favorable-a-lapplication-de-suivi-du-gouvernement","status":"publish","type":"post","link":"http:\/\/www.affinite.fr\/index.php\/2020\/04\/17\/une-courte-majorite-de-francais-favorable-a-lapplication-de-suivi-du-gouvernement\/","title":{"rendered":"une courte majorit\u00e9 de Fran\u00e7ais favorable \u00e0 l\u2019application de suivi du gouvernement"},"content":{"rendered":"<p> [ad_1]<br \/>\n<br \/><img decoding=\"async\" src=\"https:\/\/img.bfmtv.com\/i\/0\/0\/31042e\/3023c83786e976399070907ee5.jpeg\" \/><\/p>\n<div itemprop=\"articleBody\">\n<p>Le sujet divise. D\u2019apr\u00e8s le dernier sondage d\u2019Elabe, 51 % des Fran\u00e7ais affirment vouloir utiliser \u00ab\u00a0l\u2019application de suivi\u00a0\u00bb si elle \u00e9tait propos\u00e9e par le gouvernement, dont 14 %\u00a0certainement.\u00a0Dans le d\u00e9tail, le dispositif ne s\u00e9duit qu\u2019\u00e0 moiti\u00e9 les Fran\u00e7ais \u00e2g\u00e9s entre 35 et 49 ans &#8211; bien qu\u2019ils repr\u00e9sentent les plus actifs, mobiles et connect\u00e9s.<\/p>\n<h3 style=\"color:#333; font-family:arial,helvetica,sans-serif; font-size:23px; font-weight:700\">Les seniors en majorit\u00e9 favorables<\/h3>\n<p>Contrairement \u00e0 ce que l\u2019on pourrait \u00eatre tent\u00e9 de penser, ce sont les plus de 65 ans qui sont les plus enclins \u00e0 utiliser l\u2019appli (56 %). Particuli\u00e8rement vuln\u00e9rables face au Covid-19, les seniors sont pourtant ceux qui disposent le moins de smartphones parmi les 77 % de Fran\u00e7ais qui en sont \u00e9quip\u00e9s &#8211; d&rsquo;apr\u00e8s le <a href=\"https:\/\/www.arcep.fr\/cartes-et-donnees\/nos-publications-chiffrees\/numerique\/le-barometre-du-numerique.html\" target=\"_blank\" rel=\"noopener noreferrer\">Barom\u00e8tre du num\u00e9rique 2019<\/a>.\u00a0<\/p>\n<p>Les habitants en zones rurales &#8211; o\u00f9 la couverture du r\u00e9seau peut \u00eatre partielle &#8211; sont, eux aussi moins dot\u00e9s en smartphones (10 % n&rsquo;en n&rsquo;ont pas). Et les ruraux sont en majorit\u00e9 d\u00e9favorables \u00e0 un tel outil de suivi. L&rsquo;appli semble correspondre plus aux urbains.\u00a0Parmi les cat\u00e9gories socio-professionnelles, ce sont les cadres qui se montrent plus int\u00e9ress\u00e9s (63 %) contrairement \u00e0 la majorit\u00e9 des professions interm\u00e9diaires ou des cat\u00e9gories populaires.\u00a0<\/p>\n<h3 style=\"color:#333; font-family:arial,helvetica,sans-serif; font-size:23px; font-weight:700\">1 \u00e9lecteur de Beno\u00eet Hamon sur 3 se m\u00e9fie<\/h3>\n<p>Politiquement, cette application int\u00e9resserait d\u2019abord les \u00e9lecteurs de Fran\u00e7ois Fillon (74%). Mais aussi &#8211; de mani\u00e8re assez logique &#8211;\u00a0ceux qui ont vot\u00e9 Emmanuel Macron. En revanche, elle partage plus les \u00e9lecteurs de Jean-Luc M\u00e9lenchon, des abstentionnistes et des \u00e9lecteurs de Marine Le Pen. Enfin, un \u00e9lecteur de Beno\u00eet Hamon sur trois\u00a0se m\u00e9fie.<\/p>\n<aside class=\"bg-color-0 padding-inside-all-s bloc border-s\">\n<h4 class=\"box-txt-normal\">\n<p><strong>\u00c0 d\u00e9couvrir aussi en vid\u00e9o\u00a0<\/strong><\/p>\n<\/h4>\n<\/aside>\n<p><strong>Source<\/strong> : <a href=\"https:\/\/elabe.fr\/coronavirus-vague9\/\" target=\"_blank\" rel=\"noopener noreferrer\">Elabe<\/a>\u00a0<\/p><\/div>\n<p><script>\n         !function(f,b,e,v,n,t,s){if(f.fbq)return;n=f.fbq=function()\n         {n.callMethod? n.callMethod.apply(n,arguments):n.queue.push(arguments)}\n         ;if(!f._fbq)f._fbq=n;\n             n.push=n;n.loaded=!0;n.version='2.0';n.queue=[];t=b.createElement(e);t.async=!0;\n             t.src=v;s=b.getElementsByTagName(e)[0];s.parentNode.insertBefore(t,s)}(window,\n                 document,'script','https:\/\/connect.facebook.net\/en_US\/fbevents.js');\n         fbq('init', '1065890633454496');\n         fbq('track', 'PageView');\n     <\/script><br \/>\n<br \/>[ad_2]<br \/>\n<br \/><a href=\"https:\/\/www.01net.com\/actualites\/stopcovid-une-courte-majorite-de-francais-favorable-a-l-application-de-suivi-du-gouvernement-1894091.html\">Source link <\/a><\/p>\n","protected":false},"excerpt":{"rendered":"<p>[ad_1] Le sujet divise. D\u2019apr\u00e8s le dernier sondage d\u2019Elabe, 51 % des Fran\u00e7ais affirment vouloir utiliser \u00ab\u00a0l\u2019application de suivi\u00a0\u00bb si &hellip; <a href=\"http:\/\/www.affinite.fr\/index.php\/2020\/04\/17\/une-courte-majorite-de-francais-favorable-a-lapplication-de-suivi-du-gouvernement\/\" class=\"more-link\">Plus <span class=\"screen-reader-text\">une courte majorit\u00e9 de Fran\u00e7ais favorable \u00e0 l\u2019application de suivi du gouvernement<\/span> <span class=\"meta-nav\">&rarr;<\/span><\/a><\/p>\n","protected":false},"author":1,"featured_media":1978,"comment_status":"open","ping_status":"open","sticky":false,"template":"","format":"standard","meta":{"_sitemap_exclude":false,"_sitemap_priority":"","_sitemap_frequency":"","footnotes":""},"categories":[1],"tags":[],"class_list":["post-1977","post","type-post","status-publish","format-standard","has-post-thumbnail","hentry","category-tous"],"_links":{"self":[{"href":"http:\/\/www.affinite.fr\/index.php\/wp-json\/wp\/v2\/posts\/1977"}],"collection":[{"href":"http:\/\/www.affinite.fr\/index.php\/wp-json\/wp\/v2\/posts"}],"about":[{"href":"http:\/\/www.affinite.fr\/index.php\/wp-json\/wp\/v2\/types\/post"}],"author":[{"embeddable":true,"href":"http:\/\/www.affinite.fr\/index.php\/wp-json\/wp\/v2\/users\/1"}],"replies":[{"embeddable":true,"href":"http:\/\/www.affinite.fr\/index.php\/wp-json\/wp\/v2\/comments?post=1977"}],"version-history":[{"count":0,"href":"http:\/\/www.affinite.fr\/index.php\/wp-json\/wp\/v2\/posts\/1977\/revisions"}],"wp:featuredmedia":[{"embeddable":true,"href":"http:\/\/www.affinite.fr\/index.php\/wp-json\/wp\/v2\/media\/1978"}],"wp:attachment":[{"href":"http:\/\/www.affinite.fr\/index.php\/wp-json\/wp\/v2\/media?parent=1977"}],"wp:term":[{"taxonomy":"category","embeddable":true,"href":"http:\/\/www.affinite.fr\/index.php\/wp-json\/wp\/v2\/categories?post=1977"},{"taxonomy":"post_tag","embeddable":true,"href":"http:\/\/www.affinite.fr\/index.php\/wp-json\/wp\/v2\/tags?post=1977"}],"curies":[{"name":"wp","href":"https:\/\/api.w.org\/{rel}","templated":true}]}}