{"id":1973,"date":"2020-04-17T00:33:13","date_gmt":"2020-04-17T00:33:13","guid":{"rendered":"https:\/\/www.affinite.fr\/index.php\/2020\/04\/17\/la-puce-u1-grande-absente-de-liphone-se-2020\/"},"modified":"2020-04-17T00:33:13","modified_gmt":"2020-04-17T00:33:13","slug":"la-puce-u1-grande-absente-de-liphone-se-2020","status":"publish","type":"post","link":"http:\/\/www.affinite.fr\/index.php\/2020\/04\/17\/la-puce-u1-grande-absente-de-liphone-se-2020\/","title":{"rendered":"La puce U1, grande absente de l&rsquo;iPhone SE 2020"},"content":{"rendered":"<p> [ad_1]<br \/>\n<\/p>\n<div itemprop=\"articleBody\">\n<p>Le nouvel <a href=\"https:\/\/www.01net.com\/actualites\/apple-annonce-le-nouvel-iphone-se-son-smartphone-abordable-a-489-euros-1893455.html\" target=\"_blank\" rel=\"noopener noreferrer\">iPhone SE<\/a> est &#8211; pour la seconde fois &#8211; un heureux mariage entre le bo\u00eetier d&rsquo;un ancien mod\u00e8le et une motorisation dernier cri. Pour les courbes, ce sont celles de <a href=\"https:\/\/www.01net.com\/tests\/test-iphone-8-la-puissance-d-un-iphone-x-pour-350-euros-de-moins-5797.html\" target=\"_blank\" rel=\"noopener noreferrer\">l&rsquo;iPhone 8<\/a>, et pour la m\u00e9canique, le mod\u00e8le <a href=\"https:\/\/www.01net.com\/tests\/test-iphone-11-puissant-endurant-doue-en-photo-le-smartphone-le-plus-abordable-d-apple-monte-d-un-cran-6311.html\" target=\"_blank\" rel=\"noopener noreferrer\">des smartphones plus r\u00e9cents<\/a>. Enfin, pas tout \u00e0 fait. Apple a d\u00fb faire quelques choix, notamment au niveau des composants qui garnissent la carte m\u00e8re du SE 2020. Et la premi\u00e8re absente dans ce nouvel SE, c&rsquo;est la puce U1. <a href=\"https:\/\/www.01net.com\/actualites\/a13-bionic-apple-annonce-le-plus-puissant-des-processeurs-pour-smartphone-1764661.html\" target=\"_blank\" rel=\"noopener noreferrer\">Apple ne l&rsquo;avait pas pr\u00e9sent\u00e9e en d\u00e9tail en septembre dernier<\/a>, et pourtant, elle ne manque pas d&rsquo;int\u00e9r\u00eat.<\/p>\n<blockquote>\n<p><strong>\u00c0 lire aussi<\/strong> &#8211; <a href=\"https:\/\/www.01net.com\/actualites\/iphone-2020-quatre-modeles-5g-seraient-prevus-dont-deux-au-look-d-ipad-pro-1892896.html\" target=\"_blank\" rel=\"noopener noreferrer\">iPhone 2020 : quatre mod\u00e8les 5G seraient pr\u00e9vus, dont deux au look d\u2019iPad Pro<\/a><\/p>\n<\/blockquote>\n<p>L&rsquo;U1, c&rsquo;est quoi ?\u00a0 C&rsquo;est une sorte de balise bas\u00e9e sur la technologie radio\u00a0Ultrawide Band (UWB) qui permet \u00e0 l&rsquo;appareil de mieux comprendre son environnement imm\u00e9diat, et notamment la distance qui le s\u00e9pare d&rsquo;autres terminaux \u00e9quip\u00e9s. L&rsquo;iPhone SE 2020 ne l&#8217;embarque pas : aucune mention n&rsquo;en est faite sur la fiche technique de l&rsquo;appareil, et voici ce que cela implique concr\u00e8tement.<\/p>\n<figure class=\"figure text-center\"><img decoding=\"async\" class=\"article-img img-responsive-l\" src=\"https:\/\/img.bfmtv.com\/c\/0\/708\/ed4\/b72ce22ba0033d64431af5e0f3af3.jpg\" alt=\"\"\/><figcaption class=\"figure-caption figcaption color-txt-0 title-xs hidden-xs\"\/><\/figure>\n<p>L&rsquo;U1 permet \u00e0 l&rsquo;iPhone 11 et ses d\u00e9clinaisons d&rsquo;int\u00e9grer un nouveau maillage de communication. Si plusieurs appareils \u00e9quip\u00e9s de l&rsquo;U1 se croisent ou coexistent, ils se rep\u00e8rent\u00a0facilement, et peuvent \u00e9changer des donn\u00e9es automatiquement ou \u00e0 la demande\u00a0de mani\u00e8re s\u00e9curis\u00e9e, par le biais d&rsquo;applications qui fonctionnent en t\u00e2che de fond par exemple. L&rsquo;iPhone SE 2020 ne pourra donc pas se joindre \u00e0 cette grande communion d&rsquo;appareils \u00e0 la pomme et, ne pourra pas \u00eatre\u00a0le localis\u00e9 par ce biais.\u00a0<\/p>\n<p>C&rsquo;est aussi gr\u00e2ce \u00e0 l&rsquo;U1 que <a href=\"https:\/\/www.01net.com\/actualites\/l-iphone-11-booste-les-transferts-airdrop-grace-a-la-technologie-ultrawide-band-1765511.html\" target=\"_blank\" rel=\"noopener noreferrer\">les transferts via AirDrop<\/a> sont dop\u00e9s entre des appareils qui en sont \u00e9quip\u00e9s, afin d&rsquo;acc\u00e9l\u00e9rer le partage de documents, de vid\u00e9os ou d&rsquo;images entre les utilisateurs situ\u00e9s \u00e0 distance rapproch\u00e9e. L\u00e0 encore, l&rsquo;iPhone SE 2020 ne pourra pas profiter des derni\u00e8res versions de ce protocole d&rsquo;\u00e9change, dommage.<\/p>\n<blockquote>\n<p><strong>\u00c0 lire aussi &#8211;<\/strong> <a href=\"https:\/\/www.01net.com\/actualites\/confinement-apple-montre-a-quel-point-nos-deplacements-ont-diminue-depuis-le-debut-de-la-crise-1893154.html\" target=\"_blank\" rel=\"noopener noreferrer\">Confinement : Apple montre \u00e0 quel point nos d\u00e9placements ont diminu\u00e9 depuis le d\u00e9but de la crise<\/a><\/p>\n<\/blockquote>\n<p>Enfin, ce serait gr\u00e2ce aux talents de ce petit composant qu&rsquo;Apple pourrait mettre en oeuvre la technologie CarKey attendue depuis un moment. Si vous avez un SE, vous \u00eates condamn\u00e9s \u00e0 garder vos cl\u00e9s de voiture, m\u00eame sans contact, dans la poche.<\/p>\n<p>Ajoutons pour terminer qu&rsquo;Apple compte aussi sur l&rsquo;U1 et sa pr\u00e9cision chirurgicale pour exploiter le plein potentiel <a href=\"https:\/\/www.01net.com\/actualites\/airtag-les-trackers-d-apple-desormais-attendus-pour-la-fin-d-annee-1860355.html\" target=\"_blank\" rel=\"noopener noreferrer\">d&rsquo;un futur AirTag<\/a>, la petite balise de localisation d&rsquo;Apple tr\u00e8s inspir\u00e9e du <a href=\"https:\/\/www.01net.com\/tests\/test-tile-pro-le-porte-cles-connecte-pratique-et-efficace-pour-retrouver-vos-effets-personnels-6333.html\" target=\"_blank\" rel=\"noopener noreferrer\">Tile Pro<\/a>, qui vous aidera \u00e0 retrouver des objets chez vous ou ailleurs. Encore faut-il que Cupertino se d\u00e9cide \u00e0 le sortir&#8230;<\/p>\n<\/p><\/div>\n<p><script>\n         !function(f,b,e,v,n,t,s){if(f.fbq)return;n=f.fbq=function()\n         {n.callMethod? n.callMethod.apply(n,arguments):n.queue.push(arguments)}\n         ;if(!f._fbq)f._fbq=n;\n             n.push=n;n.loaded=!0;n.version='2.0';n.queue=[];t=b.createElement(e);t.async=!0;\n             t.src=v;s=b.getElementsByTagName(e)[0];s.parentNode.insertBefore(t,s)}(window,\n                 document,'script','https:\/\/connect.facebook.net\/en_US\/fbevents.js');\n         fbq('init', '1065890633454496');\n         fbq('track', 'PageView');\n     <\/script><br \/>\n<br \/>[ad_2]<br \/>\n<br \/><a href=\"https:\/\/www.01net.com\/actualites\/la-puce-u1-grande-absente-de-l-iphone-se-2020-1893986.html\">Source link <\/a><\/p>\n","protected":false},"excerpt":{"rendered":"<p>[ad_1] Le nouvel iPhone SE est &#8211; pour la seconde fois &#8211; un heureux mariage entre le bo\u00eetier d&rsquo;un ancien &hellip; <a href=\"http:\/\/www.affinite.fr\/index.php\/2020\/04\/17\/la-puce-u1-grande-absente-de-liphone-se-2020\/\" class=\"more-link\">Plus <span class=\"screen-reader-text\">La puce U1, grande absente de l&rsquo;iPhone SE 2020<\/span> <span class=\"meta-nav\">&rarr;<\/span><\/a><\/p>\n","protected":false},"author":1,"featured_media":1974,"comment_status":"open","ping_status":"open","sticky":false,"template":"","format":"standard","meta":{"_sitemap_exclude":false,"_sitemap_priority":"","_sitemap_frequency":"","footnotes":""},"categories":[1],"tags":[],"class_list":["post-1973","post","type-post","status-publish","format-standard","has-post-thumbnail","hentry","category-tous"],"_links":{"self":[{"href":"http:\/\/www.affinite.fr\/index.php\/wp-json\/wp\/v2\/posts\/1973"}],"collection":[{"href":"http:\/\/www.affinite.fr\/index.php\/wp-json\/wp\/v2\/posts"}],"about":[{"href":"http:\/\/www.affinite.fr\/index.php\/wp-json\/wp\/v2\/types\/post"}],"author":[{"embeddable":true,"href":"http:\/\/www.affinite.fr\/index.php\/wp-json\/wp\/v2\/users\/1"}],"replies":[{"embeddable":true,"href":"http:\/\/www.affinite.fr\/index.php\/wp-json\/wp\/v2\/comments?post=1973"}],"version-history":[{"count":0,"href":"http:\/\/www.affinite.fr\/index.php\/wp-json\/wp\/v2\/posts\/1973\/revisions"}],"wp:featuredmedia":[{"embeddable":true,"href":"http:\/\/www.affinite.fr\/index.php\/wp-json\/wp\/v2\/media\/1974"}],"wp:attachment":[{"href":"http:\/\/www.affinite.fr\/index.php\/wp-json\/wp\/v2\/media?parent=1973"}],"wp:term":[{"taxonomy":"category","embeddable":true,"href":"http:\/\/www.affinite.fr\/index.php\/wp-json\/wp\/v2\/categories?post=1973"},{"taxonomy":"post_tag","embeddable":true,"href":"http:\/\/www.affinite.fr\/index.php\/wp-json\/wp\/v2\/tags?post=1973"}],"curies":[{"name":"wp","href":"https:\/\/api.w.org\/{rel}","templated":true}]}}