{"id":1945,"date":"2020-04-16T11:57:52","date_gmt":"2020-04-16T11:57:52","guid":{"rendered":"https:\/\/www.affinite.fr\/index.php\/2020\/04\/16\/charge-mentale-et-epuisement-des-femmes-en-confinement-marlene-schiappa-alerte\/"},"modified":"2020-04-16T11:57:52","modified_gmt":"2020-04-16T11:57:52","slug":"charge-mentale-et-epuisement-des-femmes-en-confinement-marlene-schiappa-alerte","status":"publish","type":"post","link":"http:\/\/www.affinite.fr\/index.php\/2020\/04\/16\/charge-mentale-et-epuisement-des-femmes-en-confinement-marlene-schiappa-alerte\/","title":{"rendered":"Charge mentale et \u00ab\u00a0\u00e9puisement\u00a0\u00bb des Femmes en confinement\u00a0: Marl\u00e8ne Schiappa alerte"},"content":{"rendered":"<p> [ad_1]<br \/>\n<br \/><img decoding=\"async\" src=\"https:\/\/img-3.journaldesfemmes.fr\/wpYWv8WpNu0GTovC13Xqk2PWszA=\/1280x\/smart\/92cede40a1df4a74b7be989f5f3b806b\/ccmcms-jdf\/15009021.jpg\" \/><\/p>\n<p>\n                Ecole \u00e0 la maison, m\u00e9nage, repas&#8230; Pour la secr\u00e9taire d&rsquo;\u00c9tat Marl\u00e8ne Schiappa, ce confinement risque d&rsquo;\u00e9puiser encore davantage les femmes, d\u00e9j\u00e0 surcharg\u00e9es&#8230;            <\/p>\n<div>\n<p>En p\u00e9riode de <a href=\"https:\/\/www.journaldesfemmes.fr\/societe\/actu\/2626059-confinement-confinement-primes-pour-les-familles-modestes-fonctionnaires-et-soignants\/\" title=\"Confin\u00e9\">confinement<\/a>, tous les membres du foyers\u00a0sont assign\u00e9s \u00e0 r\u00e9sidence, certains doivent continuer \u00e0 (t\u00e9l\u00e9)travailler. Courses, cuisine, entretien de la maison, lessive, vaisselle, garde et devoirs voire \u00e9ducation des enfants&#8230; La question du partage des <a href=\"https:\/\/www.journaldesfemmes.fr\/societe\/taches-menageres\/\" title=\"T\u00e2ches m\u00e9nag\u00e8res\">t\u00e2ches m\u00e9nag\u00e8res<\/a> est plus que jamais d&rsquo;actualit\u00e9.<br \/>D&rsquo;apr\u00e8s la secr\u00e9taire d&rsquo;\u00c9tat \u00e0 l&rsquo;\u00e9galit\u00e9 femmes-hommes <strong>Marl\u00e8ne Schiappa<\/strong> pour <em>Le Point<\/em>,\u00a0<a href=\"https:\/\/www.journaldesfemmes.fr\/societe\/actu\/2611031-les-femmes-menage-corvees-taches-domestiques\/\">les femmes continuent\u00a0d&rsquo;assumer seules la majorit\u00e9\u00a0des t\u00e2ches m\u00e9nag\u00e8res<\/a> et \u00e9ducatives en cette p\u00e9riode particuli\u00e8re.\u00a0Un triste constat que vient appuyer le sondage\u00a0<em>Harris<\/em>, selon lequel <strong>58\u00a0% des femmes estiment passer plus de temps que leur conjoint \u00e0 s&rsquo;occuper des t\u00e2ches domestiques durant le confinement. <\/strong><\/p>\n<h2>Marl\u00e8ne Schiappa craint un \u00ab\u00a0\u00e9puisement silencieux\u00a0\u00bb des femmes\u00a0<\/h2>\n<p><strong><em>\u00ab\u00a054\u00a0% des femmes consacrent plus de deux heures par jour aux t\u00e2ches domestiques ou \u00e9ducatives, contre seulement 35\u00a0% des hommes\u00a0\u00bb,\u00a0<\/em><\/strong>d\u00e9clare Marl\u00e8ne Schiappa. Et d&rsquo;ajouter:\u00a0<em>\u00ab\u00a0<strong>Statistiquement, les femmes et les hommes ne vivent donc pas le m\u00eame confinement\u00a0\u00bb<\/strong><\/em>.<\/p>\n<p>En effet, les femmes doivent jongler entre l&rsquo;\u00e9cole \u00e0 la maison, les repas beaucoup plus nombreux et parfois m\u00eame le t\u00e9l\u00e9travail. Si\u00a0<em>\u00ab\u00a0la fin de la cantine a un impact n\u00e9gatif sur le budget des familles les plus modestes, <strong>dans 63% des familles, les repas sont principalement pr\u00e9par\u00e9s par les femmes <\/strong>pendant le confinement\u00a0\u00bb<\/em>, fait-elle savoir.<\/p>\n<p>Un emploi du temps surcharg\u00e9 et un <a href=\"https:\/\/www.journaldesfemmes.fr\/people\/magazine\/2631119-elodie-gossuin-confinement-enfants-travail\/\">rythme ext\u00e9nuant<\/a> qui pourrait mener \u00e0 un <em>\u00ab\u00a0<strong>\u00e9puisement silencieux\u00a0\u00bb <\/strong><\/em><strong>des femmes<\/strong> par <em>\u00ab\u00a0accumulation de t\u00e2ches professionnelles et domestiques\u00a0\u00bb<\/em>.\u00a0\u00bb<em>Dans 63\u00a0% des familles, les repas sont principalement pr\u00e9par\u00e9s par les femmes pendant le confinement\u00a0\u00bb<\/em>, s&rsquo;alarme le secr\u00e9taire d&rsquo;Etat,qui estime que les femmes ont une <em><strong>\u00ab\u00a0<a href=\"https:\/\/www.journaldesfemmes.fr\/societe\/actu\/1855575-charge-mentale-taches-menageres\/\">charge mentale d\u00e9multipli\u00e9e<\/a><\/strong>\u00ab\u00a0<\/em>.\u00a0<\/p>\n<aside id=\"NL_817479525\" class=\"newsletter_subscription jNlBlock\"><noscript><br \/>\n            <\/noscript><\/p>\n<h3 class=\"newsletter_subscription-title\">Newsletter <\/h3>\n<p><a href=\"\/\/mailing.ccmbg.com\/archive\/last-85\" target=\"_blank\" class=\"a_hover\" rel=\"noopener noreferrer\">Voir un exemple<\/a><\/p>\n<\/aside>\n<p>Pour autant,\u00a0le sondage montre\u00a0que <em>\u00ab\u00a0<a href=\"https:\/\/www.journaldesfemmes.fr\/societe\/actu\/2628667-1-femme-sur-2-se-sent-moins-bien-qu-avant-le-confinement-les-raisons\/\">20\u00a0% des femmes se disent insatisfaites<\/a> alors que 96\u00a0% des hommes sans enfant se d\u00e9clarent tr\u00e8s contents de cette r\u00e9partition des r\u00f4les\u00a0\u00bb<\/em>, fait-elle remarquer.\u00a0<em>\u00ab\u00a0On comprend pourquoi !\u00a0\u00bb<\/em>, ironise-t-elle en conclusion.<\/p>\n<\/p><\/div>\n<p>[ad_2]<br \/>\n<br \/><a href=\"https:\/\/www.journaldesfemmes.fr\/societe\/combats-de-femmes\/2631579-charge-mentale-et-epuisement-des-femmes-en-confinement-marlene-schiappa-alerte\/\">Source link <\/a><\/p>\n","protected":false},"excerpt":{"rendered":"<p>[ad_1] Ecole \u00e0 la maison, m\u00e9nage, repas&#8230; Pour la secr\u00e9taire d&rsquo;\u00c9tat Marl\u00e8ne Schiappa, ce confinement risque d&rsquo;\u00e9puiser encore davantage les &hellip; <a href=\"http:\/\/www.affinite.fr\/index.php\/2020\/04\/16\/charge-mentale-et-epuisement-des-femmes-en-confinement-marlene-schiappa-alerte\/\" class=\"more-link\">Plus <span class=\"screen-reader-text\">Charge mentale et \u00ab\u00a0\u00e9puisement\u00a0\u00bb des Femmes en confinement\u00a0: Marl\u00e8ne Schiappa alerte<\/span> <span class=\"meta-nav\">&rarr;<\/span><\/a><\/p>\n","protected":false},"author":1,"featured_media":1946,"comment_status":"open","ping_status":"open","sticky":false,"template":"","format":"standard","meta":{"_sitemap_exclude":false,"_sitemap_priority":"","_sitemap_frequency":"","footnotes":""},"categories":[1],"tags":[],"class_list":["post-1945","post","type-post","status-publish","format-standard","has-post-thumbnail","hentry","category-tous"],"_links":{"self":[{"href":"http:\/\/www.affinite.fr\/index.php\/wp-json\/wp\/v2\/posts\/1945"}],"collection":[{"href":"http:\/\/www.affinite.fr\/index.php\/wp-json\/wp\/v2\/posts"}],"about":[{"href":"http:\/\/www.affinite.fr\/index.php\/wp-json\/wp\/v2\/types\/post"}],"author":[{"embeddable":true,"href":"http:\/\/www.affinite.fr\/index.php\/wp-json\/wp\/v2\/users\/1"}],"replies":[{"embeddable":true,"href":"http:\/\/www.affinite.fr\/index.php\/wp-json\/wp\/v2\/comments?post=1945"}],"version-history":[{"count":0,"href":"http:\/\/www.affinite.fr\/index.php\/wp-json\/wp\/v2\/posts\/1945\/revisions"}],"wp:featuredmedia":[{"embeddable":true,"href":"http:\/\/www.affinite.fr\/index.php\/wp-json\/wp\/v2\/media\/1946"}],"wp:attachment":[{"href":"http:\/\/www.affinite.fr\/index.php\/wp-json\/wp\/v2\/media?parent=1945"}],"wp:term":[{"taxonomy":"category","embeddable":true,"href":"http:\/\/www.affinite.fr\/index.php\/wp-json\/wp\/v2\/categories?post=1945"},{"taxonomy":"post_tag","embeddable":true,"href":"http:\/\/www.affinite.fr\/index.php\/wp-json\/wp\/v2\/tags?post=1945"}],"curies":[{"name":"wp","href":"https:\/\/api.w.org\/{rel}","templated":true}]}}