{"id":1923,"date":"2020-04-15T23:05:02","date_gmt":"2020-04-15T23:05:02","guid":{"rendered":"https:\/\/www.affinite.fr\/index.php\/2020\/04\/15\/les-precommandes-sont-ouvertes-chez-la-fnac-darty-amazon-et-bouygues-telecom\/"},"modified":"2020-04-15T23:05:02","modified_gmt":"2020-04-15T23:05:02","slug":"les-precommandes-sont-ouvertes-chez-la-fnac-darty-amazon-et-bouygues-telecom","status":"publish","type":"post","link":"http:\/\/www.affinite.fr\/index.php\/2020\/04\/15\/les-precommandes-sont-ouvertes-chez-la-fnac-darty-amazon-et-bouygues-telecom\/","title":{"rendered":"les pr\u00e9commandes sont ouvertes chez la Fnac, Darty, Amazon et Bouygues Telecom"},"content":{"rendered":"<p> [ad_1]<br \/>\n<br \/><img decoding=\"async\" src=\"https:\/\/img.bfmtv.com\/i\/0\/0\/dca\/4ee9c53c76213cb0f11c71f40b955.jpg\" \/><\/p>\n<div itemprop=\"articleBody\">\n<p>Les nouveaux smartphones <a href=\"https:\/\/www.01net.com\/actualites\/oneplus-8-on-a-essaye-les-meilleurs-ennemis-des-galaxy-s20-1893019.html\" target=\"_blank\" rel=\"noopener noreferrer\">OnePlus 8 et 8 Pro<\/a> sont disponible sur le <a href=\"https:\/\/www.oneplus.com\/fr\/8\" target=\"_blank\" rel=\"noopener noreferrer\">site officiel du constructeur<\/a>. Mais vous pouvez \u00e9galement le pr\u00e9commander sur des sites de vente en ligne, pour une livraison pr\u00e9vue \u00e0 partir du 21 avril. en revanche, le choix est plus limit\u00e9 au niveau des coloris.<\/p>\n<p>Darty et la Fnac proposent quatre configurations :<\/p>\n<ul>\n<li><strong>OnePlus 8 8 Go\/128 Go noir<\/strong> : 699 euros.<\/li>\n<li><strong>OnePlus 8 12 Go\/256\u00a0Go vert<\/strong> : 799 euros.<\/li>\n<li><strong>OnePlus 8 Pro 8 Go\/128 Go noir<\/strong> : 899 euros.<\/li>\n<li><strong>OnePlus 8 Pro 12 Go\/256\u00a0Go vert<\/strong> : 999 euros.<\/li>\n<\/ul>\n<p>Pour les mod\u00e8les pro, le chargeur \u00e0 induction OnePlus Stand QI Warp\u00a030 est offert jusqu&rsquo;au 20 avril.<\/p>\n<p><a href=\"https:\/\/www.awin1.com\/cread.php?awinmid=7735&amp;awinaffid=304019&amp;clickref=&amp;p=https%3A%2F%2Fwww.darty.com%2Fnav%2Frecherche%3Fseller%3D0%26s%3Drelevence%26text%3Doneplus8\" target=\"_blank\" rel=\"noopener noreferrer\">Retrouvez ici les offres de Darty.<\/a><\/p>\n<p><a href=\"https:\/\/www.awin1.com\/cread.php?awinmid=12665&amp;awinaffid=304019&amp;clickref=articleconso20&amp;p=https:\/\/www.fnac.com\/SearchResult\/ResultList.aspx?SCat=0%211&amp;Search=oneplus8&amp;sft=1&amp;sa=0\" target=\"_blank\" rel=\"noopener noreferrer\">Retrouvez ici les offres de la Fnac.<\/a><\/p>\n<p>Amazon propose les m\u00eames configurations, avec les m\u00eames prix.<\/p>\n<p><a href=\"https:\/\/amzn.to\/34EaKv5\" target=\"_blank\" rel=\"noopener noreferrer\">Retrouvez ici les offres d&rsquo;Amazon.<\/a><\/p>\n<p>Enfin, Bouygues Telecom propose des tarifs avantageux si vous prenez le forfait Sensation 70 Go (30,99 euros\/mois pendant un an, puis 45,99 euros\/mois) avec un engagement de 2 ans :<\/p>\n<ul>\n<li><strong>OnePlus 8 8 Go\/128 Go noir<\/strong> : 169,90 euros, puis 8 euros par mois pendant 24 mois, soit un total de 361,90 euros.<\/li>\n<li><strong>OnePlus 8 Pro 8 Go\/128 Go noir<\/strong> : 299,90 euros, puis 8 euros par mois pendant 24 mois, soit un total de 491,90 euros.<\/li>\n<\/ul>\n<p><a href=\"http:\/\/tracking.publicidees.com\/clic.php?progid=5334&amp;partid=22153&amp;cb=articletelco&amp;dpl=https%3A%2F%2Fwww.bouyguestelecom.fr%2Ftelephones-mobiles%2Ftelephone-portable-oneplus\" target=\"_blank\" rel=\"noopener noreferrer\">Retrouvez ici les offres de Bouygues Telecom.<\/a><\/p>\n<p>Les promotions mentionn\u00e9es dans cet article peuvent \u00eatre \u00e9ph\u00e9m\u00e8res et ne plus \u00eatre valables apr\u00e8s la date de parution de l\u2019article.<\/p>\n<p><a href=\"https:\/\/www.01net.com\/bons-plans\/\">Retrouvez tous les bons plans high-tech s\u00e9lectionn\u00e9s par 01net.com sur notre page d\u00e9di\u00e9e.<\/a><\/p>\n<p><em>Cet article est une s\u00e9lection r\u00e9alis\u00e9e par l\u2019\u00e9quipe de 01net.com, en toute ind\u00e9pendance. Il est toutefois possible que ce contenu propose un lien d\u2019affiliation. Si vous cliquez sur ce lien, l\u2019e-commer\u00e7ant peut nous reverser une commission. Pour vous, rien ne change !<\/em><\/p>\n<\/p><\/div>\n<p><script>\n         !function(f,b,e,v,n,t,s){if(f.fbq)return;n=f.fbq=function()\n         {n.callMethod? n.callMethod.apply(n,arguments):n.queue.push(arguments)}\n         ;if(!f._fbq)f._fbq=n;\n             n.push=n;n.loaded=!0;n.version='2.0';n.queue=[];t=b.createElement(e);t.async=!0;\n             t.src=v;s=b.getElementsByTagName(e)[0];s.parentNode.insertBefore(t,s)}(window,\n                 document,'script','https:\/\/connect.facebook.net\/en_US\/fbevents.js');\n         fbq('init', '1065890633454496');\n         fbq('track', 'PageView');\n     <\/script><br \/>\n<br \/>[ad_2]<br \/>\n<br \/><a href=\"https:\/\/www.01net.com\/actualites\/oneplus-8-les-precommandes-sont-ouvertes-chez-la-fnac-darty-amazon-et-bouygues-telecom-1893232.html\">Source link <\/a><\/p>\n","protected":false},"excerpt":{"rendered":"<p>[ad_1] Les nouveaux smartphones OnePlus 8 et 8 Pro sont disponible sur le site officiel du constructeur. Mais vous pouvez &hellip; <a href=\"http:\/\/www.affinite.fr\/index.php\/2020\/04\/15\/les-precommandes-sont-ouvertes-chez-la-fnac-darty-amazon-et-bouygues-telecom\/\" class=\"more-link\">Plus <span class=\"screen-reader-text\">les pr\u00e9commandes sont ouvertes chez la Fnac, Darty, Amazon et Bouygues Telecom<\/span> <span class=\"meta-nav\">&rarr;<\/span><\/a><\/p>\n","protected":false},"author":1,"featured_media":1924,"comment_status":"open","ping_status":"open","sticky":false,"template":"","format":"standard","meta":{"_sitemap_exclude":false,"_sitemap_priority":"","_sitemap_frequency":"","footnotes":""},"categories":[1],"tags":[],"class_list":["post-1923","post","type-post","status-publish","format-standard","has-post-thumbnail","hentry","category-tous"],"_links":{"self":[{"href":"http:\/\/www.affinite.fr\/index.php\/wp-json\/wp\/v2\/posts\/1923"}],"collection":[{"href":"http:\/\/www.affinite.fr\/index.php\/wp-json\/wp\/v2\/posts"}],"about":[{"href":"http:\/\/www.affinite.fr\/index.php\/wp-json\/wp\/v2\/types\/post"}],"author":[{"embeddable":true,"href":"http:\/\/www.affinite.fr\/index.php\/wp-json\/wp\/v2\/users\/1"}],"replies":[{"embeddable":true,"href":"http:\/\/www.affinite.fr\/index.php\/wp-json\/wp\/v2\/comments?post=1923"}],"version-history":[{"count":0,"href":"http:\/\/www.affinite.fr\/index.php\/wp-json\/wp\/v2\/posts\/1923\/revisions"}],"wp:featuredmedia":[{"embeddable":true,"href":"http:\/\/www.affinite.fr\/index.php\/wp-json\/wp\/v2\/media\/1924"}],"wp:attachment":[{"href":"http:\/\/www.affinite.fr\/index.php\/wp-json\/wp\/v2\/media?parent=1923"}],"wp:term":[{"taxonomy":"category","embeddable":true,"href":"http:\/\/www.affinite.fr\/index.php\/wp-json\/wp\/v2\/categories?post=1923"},{"taxonomy":"post_tag","embeddable":true,"href":"http:\/\/www.affinite.fr\/index.php\/wp-json\/wp\/v2\/tags?post=1923"}],"curies":[{"name":"wp","href":"https:\/\/api.w.org\/{rel}","templated":true}]}}