{"id":1913,"date":"2020-04-15T17:54:30","date_gmt":"2020-04-15T17:54:30","guid":{"rendered":"https:\/\/www.affinite.fr\/index.php\/2020\/04\/15\/le-magic-keyboard-le-clavier-ultime-pour-lipad-pro-est-disponible\/"},"modified":"2020-04-15T17:54:30","modified_gmt":"2020-04-15T17:54:30","slug":"le-magic-keyboard-le-clavier-ultime-pour-lipad-pro-est-disponible","status":"publish","type":"post","link":"http:\/\/www.affinite.fr\/index.php\/2020\/04\/15\/le-magic-keyboard-le-clavier-ultime-pour-lipad-pro-est-disponible\/","title":{"rendered":"Le Magic Keyboard, le clavier ultime pour l\u2019iPad Pro, est disponible"},"content":{"rendered":"<p> [ad_1]<br \/>\n<br \/><img decoding=\"async\" src=\"https:\/\/img.bfmtv.com\/i\/0\/0\/707cf\/3cf3fd09d8fa550bbb2713615b8.jpg\" \/><\/p>\n<div itemprop=\"articleBody\">\n<p>Les possesseurs d\u2019un <a href=\"https:\/\/www.01net.com\/actualites\/test-de-l-ipad-pro-2020-apple-tourne-sa-tablette-vers-le-futur-et-son-os-dans-le-bon-sens-1884601.html\" target=\"_blank\" rel=\"noopener noreferrer\">iPad Pro<\/a> tout neuf vont enfin pouvoir profiter de son indispensable compagnon, le clavier. En la mati\u00e8re, Apple a choisi d\u2019aller un peu plus loin que son traditionnel Smart Keyboard en proposant une nouvelle version de son accessoire, plus design et r\u00e9tro\u00e9clair\u00e9e, appel\u00e9e <a href=\"https:\/\/www.01net.com\/actualites\/apple-devoile-de-nouveaux-ipad-pro-equipes-d-un-trackpad-et-d-un-scanner-3d-1877227.html\" target=\"_blank\" rel=\"noopener noreferrer\">Magic Keyboard<\/a>. Ce-dernier peut donc \u00eatre command\u00e9 d\u00e8s aujourd\u2019hui pour une livraison estim\u00e9e \u00e0 la semaine prochaine.\u00a0<\/p>\n<h3 style=\"color:#333; font-family:arial,helvetica,sans-serif; font-size:23px; font-weight:700\">Un clavier suspendu et r\u00e9tro\u00e9clair\u00e9<\/h3>\n<p>Ce nouveau clavier au design suspendu est compatible avec la derni\u00e8re tablette haut de gamme de la marque mais aussi avec l\u2019iPad Pro 11 pouces de premi\u00e8re g\u00e9n\u00e9ration ainsi que que l\u2019iPad Pro 12,9 pouces de 3e g\u00e9n\u00e9ration. Comme le Smart Keyboard, il se fixe \u00e0 la tablette via un port magn\u00e9tique, mais contrairement aux mod\u00e8les pr\u00e9c\u00e9dents, il permet une inclinaison pouvant aller jusqu\u2019\u00e0 130\u00b0. Les touches, en plus d\u2019\u00eatre r\u00e9tro\u00e9clair\u00e9es, b\u00e9n\u00e9ficient d\u2019un m\u00e9canisme \u00e0 ciseau (comme les derniers Macbook) avec une course de frappe d\u20191 mm. Enfin, l\u2019accessoire dispose d\u2019un trackpad et d\u2019un port USB-C, ce qui confirme la vocation ultime de l\u2019iPad Pro qui est de pouvoir remplacer un PC portable.<\/p>\n<p>Le Magic Keyboard existe \u00e9videmment en deux tailles pour accompagner les deux versions de la tablette. Le mod\u00e8le compatible avec l\u2019iPad Pro 11 sera vendu 339 euros, quant \u00e0 la version pour l\u2019iPad Pro 12,9 pouces, son prix est de 399 euros\u2026 soit approximativement le tarif d\u2019un iPad 32 Go ou de la <a href=\"https:\/\/www.01net.com\/tests\/test-watch-series-5-la-montre-connectee-d-apple-a-enfin-tout-d-une-montre-et-bien-plus-6299.html\" target=\"_blank\" rel=\"noopener noreferrer\">derni\u00e8re Apple Watch<\/a>\u00a0!\u00a0<\/p>\n<\/p><\/div>\n<p><script>\n         !function(f,b,e,v,n,t,s){if(f.fbq)return;n=f.fbq=function()\n         {n.callMethod? n.callMethod.apply(n,arguments):n.queue.push(arguments)}\n         ;if(!f._fbq)f._fbq=n;\n             n.push=n;n.loaded=!0;n.version='2.0';n.queue=[];t=b.createElement(e);t.async=!0;\n             t.src=v;s=b.getElementsByTagName(e)[0];s.parentNode.insertBefore(t,s)}(window,\n                 document,'script','https:\/\/connect.facebook.net\/en_US\/fbevents.js');\n         fbq('init', '1065890633454496');\n         fbq('track', 'PageView');\n     <\/script><br \/>\n<br \/>[ad_2]<br \/>\n<br \/><a href=\"https:\/\/www.01net.com\/actualites\/le-magic-keyboard-le-clavier-ultime-pour-l-ipad-pro-est-disponible-1893471.html\">Source link <\/a><\/p>\n","protected":false},"excerpt":{"rendered":"<p>[ad_1] Les possesseurs d\u2019un iPad Pro tout neuf vont enfin pouvoir profiter de son indispensable compagnon, le clavier. En la &hellip; <a href=\"http:\/\/www.affinite.fr\/index.php\/2020\/04\/15\/le-magic-keyboard-le-clavier-ultime-pour-lipad-pro-est-disponible\/\" class=\"more-link\">Plus <span class=\"screen-reader-text\">Le Magic Keyboard, le clavier ultime pour l\u2019iPad Pro, est disponible<\/span> <span class=\"meta-nav\">&rarr;<\/span><\/a><\/p>\n","protected":false},"author":1,"featured_media":1914,"comment_status":"open","ping_status":"open","sticky":false,"template":"","format":"standard","meta":{"_sitemap_exclude":false,"_sitemap_priority":"","_sitemap_frequency":"","footnotes":""},"categories":[1],"tags":[],"class_list":["post-1913","post","type-post","status-publish","format-standard","has-post-thumbnail","hentry","category-tous"],"_links":{"self":[{"href":"http:\/\/www.affinite.fr\/index.php\/wp-json\/wp\/v2\/posts\/1913"}],"collection":[{"href":"http:\/\/www.affinite.fr\/index.php\/wp-json\/wp\/v2\/posts"}],"about":[{"href":"http:\/\/www.affinite.fr\/index.php\/wp-json\/wp\/v2\/types\/post"}],"author":[{"embeddable":true,"href":"http:\/\/www.affinite.fr\/index.php\/wp-json\/wp\/v2\/users\/1"}],"replies":[{"embeddable":true,"href":"http:\/\/www.affinite.fr\/index.php\/wp-json\/wp\/v2\/comments?post=1913"}],"version-history":[{"count":0,"href":"http:\/\/www.affinite.fr\/index.php\/wp-json\/wp\/v2\/posts\/1913\/revisions"}],"wp:featuredmedia":[{"embeddable":true,"href":"http:\/\/www.affinite.fr\/index.php\/wp-json\/wp\/v2\/media\/1914"}],"wp:attachment":[{"href":"http:\/\/www.affinite.fr\/index.php\/wp-json\/wp\/v2\/media?parent=1913"}],"wp:term":[{"taxonomy":"category","embeddable":true,"href":"http:\/\/www.affinite.fr\/index.php\/wp-json\/wp\/v2\/categories?post=1913"},{"taxonomy":"post_tag","embeddable":true,"href":"http:\/\/www.affinite.fr\/index.php\/wp-json\/wp\/v2\/tags?post=1913"}],"curies":[{"name":"wp","href":"https:\/\/api.w.org\/{rel}","templated":true}]}}