{"id":1903,"date":"2020-04-15T13:41:54","date_gmt":"2020-04-15T13:41:54","guid":{"rendered":"https:\/\/www.affinite.fr\/index.php\/2020\/04\/15\/la-garantie-de-vos-appareils-est-prolongee-jusquau-23-aout\/"},"modified":"2020-04-15T13:41:54","modified_gmt":"2020-04-15T13:41:54","slug":"la-garantie-de-vos-appareils-est-prolongee-jusquau-23-aout","status":"publish","type":"post","link":"http:\/\/www.affinite.fr\/index.php\/2020\/04\/15\/la-garantie-de-vos-appareils-est-prolongee-jusquau-23-aout\/","title":{"rendered":"la garantie de vos appareils est prolong\u00e9e jusqu&rsquo;au 23 ao\u00fbt"},"content":{"rendered":"<p> [ad_1]<br \/>\n<br \/><img decoding=\"async\" src=\"https:\/\/img.bfmtv.com\/i\/0\/0\/938\/59d995d6b615e1ce4d9a10c41e760.jpg\" \/><\/p>\n<div itemprop=\"articleBody\">\n<p>Le confinement est prolong\u00e9 jusqu&rsquo;au 11 mai, ce qui augmente encore d&rsquo;un mois la p\u00e9riode pendant laquelle il vous est quasi impossible faire r\u00e9parer vos appareils en cas de panne. Les services apr\u00e8s-vente fonctionnent au ralenti et ne sont plus accessibles directement en magasin. De plus, les techniciens ne se d\u00e9placent qu&rsquo;au cas par\u00a0cas,\u00a0notamment chez certaines personnes isol\u00e9es ou pour des appareils indispensables. Cette situation devient encore plus frustrante si votre appareil arrive ou est arriv\u00e9 en fin de garantie avant le 11 mai. Heureusement, une ordonnance du gouvernement a pr\u00e9vu d&rsquo;apporter une solution.<\/p>\n<p>L&rsquo;ordonnance\u00a0n\u00b0 2020-306 du 25 mars 2020 concerne la\u00a0prorogation des d\u00e9lais \u00e9chus pendant la p\u00e9riode d&rsquo;urgence sanitaire, d\u00e9finie entre le 23 mars et le 23 mai. Il faut regarder les articles 1 et 2 pour comprendre comment les garanties des appareils sont prolong\u00e9es.<\/p>\n<p>L&rsquo;article 1 pr\u00e9cise\u00a0:\u00a0<\/p>\n<blockquote>\n<p style=\"text-align:left\"><em>Les dispositions du pr\u00e9sent titre sont applicables aux d\u00e9lais et mesures qui ont expir\u00e9 ou qui expirent entre le 12 mars 2020 et l&rsquo;expiration d&rsquo;un d\u00e9lai d&rsquo;un mois \u00e0 compter de la date de cessation de l&rsquo;\u00e9tat d&rsquo;urgence sanitaire<\/em>.\u00a0<br \/>\u00a0<\/p>\n<\/blockquote>\n<p style=\"text-align:left\">Ce qui veut dire que l&rsquo;ordonnance s&rsquo;applique pour une p\u00e9riode\u00a0allant du 12 mars 2020 au 23 juin 2020.<\/p>\n<p>L&rsquo;article 2 donne d&rsquo;autres \u00e9l\u00e9ments :<\/p>\n<blockquote>\n<p><em>Tout acte, recours, action en justice, formalit\u00e9, inscription, d\u00e9claration, notification ou publication prescrit par la loi ou le r\u00e8glement \u00e0 peine de nullit\u00e9, sanction, caducit\u00e9, forclusion, prescription, inopposabilit\u00e9, irrecevabilit\u00e9, p\u00e9remption, d\u00e9sistement d&rsquo;office, application d&rsquo;un r\u00e9gime particulier, non avenu ou d\u00e9ch\u00e9ance d&rsquo;un droit quelconque et qui aurait d\u00fb \u00eatre accompli pendant la p\u00e9riode mentionn\u00e9e \u00e0 l&rsquo;article 1er sera r\u00e9put\u00e9 avoir \u00e9t\u00e9 fait \u00e0 temps s&rsquo;il a \u00e9t\u00e9 effectu\u00e9 dans un d\u00e9lai qui ne peut exc\u00e9der, \u00e0 compter de la fin de cette p\u00e9riode, le d\u00e9lai l\u00e9galement imparti pour agir, dans la limite de deux mois.<\/em><\/p>\n<\/blockquote>\n<aside class=\"bg-color-0 padding-inside-all-s bloc border-s\">\n<h4 class=\"box-txt-normal\">\n<p><strong>A d\u00e9couvrir aussi en vid\u00e9o :<\/strong><\/p>\n<\/h4>\n<\/aside>\n<p>Ce qui nous int\u00e9resse dans cet article 2 est la derni\u00e8re partie qui indique que vous disposez d\u00e9sormais d&rsquo;un d\u00e9lai de deux mois \u00e0 partir du 23 juin pour faire jouer la garantie. On aboutit donc \u00e0 la date limite du 23 ao\u00fbt.<\/p>\n<p>Lorsque les services apr\u00e8s-vente seront \u00e0 nouvau op\u00e9rationnels, vous pourrez donc faire r\u00e9parer gratuitement un appareil dont la garantie a expir\u00e9 pendant la p\u00e9riode de confinement. Si vous vous rendez dans un magasin, nous vous conseillons d&rsquo;imprimer une copie de l&rsquo;ordonnance. En cas de litige, vous pouvez utiliser le site <a href=\"https:\/\/www.01net.com\/actualites\/signal-conso-une-plate-forme-pour-denoncer-un-souci-avec-une-entreprise-en-quelques-clics-1860036.html\" target=\"_blank\" rel=\"noopener noreferrer\">Signal Conso<\/a> pour faire valoir vos droits.<\/p>\n<p><strong>Source <\/strong>: <a href=\"https:\/\/www.legifrance.gouv.fr\/affichTexte.do?cidTexte=JORFTEXT000041755644\" target=\"_blank\" rel=\"noopener noreferrer\">Legifrance<\/a><\/p>\n<\/p><\/div>\n<p><script>\n         !function(f,b,e,v,n,t,s){if(f.fbq)return;n=f.fbq=function()\n         {n.callMethod? n.callMethod.apply(n,arguments):n.queue.push(arguments)}\n         ;if(!f._fbq)f._fbq=n;\n             n.push=n;n.loaded=!0;n.version='2.0';n.queue=[];t=b.createElement(e);t.async=!0;\n             t.src=v;s=b.getElementsByTagName(e)[0];s.parentNode.insertBefore(t,s)}(window,\n                 document,'script','https:\/\/connect.facebook.net\/en_US\/fbevents.js');\n         fbq('init', '1065890633454496');\n         fbq('track', 'PageView');\n     <\/script><br \/>\n<br \/>[ad_2]<br \/>\n<br \/><a href=\"https:\/\/www.01net.com\/actualites\/confinement-la-garantie-de-vos-appareils-est-prolongee-jusqu-au-23-aout-1893189.html\">Source link <\/a><\/p>\n","protected":false},"excerpt":{"rendered":"<p>[ad_1] Le confinement est prolong\u00e9 jusqu&rsquo;au 11 mai, ce qui augmente encore d&rsquo;un mois la p\u00e9riode pendant laquelle il vous &hellip; <a href=\"http:\/\/www.affinite.fr\/index.php\/2020\/04\/15\/la-garantie-de-vos-appareils-est-prolongee-jusquau-23-aout\/\" class=\"more-link\">Plus <span class=\"screen-reader-text\">la garantie de vos appareils est prolong\u00e9e jusqu&rsquo;au 23 ao\u00fbt<\/span> <span class=\"meta-nav\">&rarr;<\/span><\/a><\/p>\n","protected":false},"author":1,"featured_media":1904,"comment_status":"open","ping_status":"open","sticky":false,"template":"","format":"standard","meta":{"_sitemap_exclude":false,"_sitemap_priority":"","_sitemap_frequency":"","footnotes":""},"categories":[1],"tags":[],"class_list":["post-1903","post","type-post","status-publish","format-standard","has-post-thumbnail","hentry","category-tous"],"_links":{"self":[{"href":"http:\/\/www.affinite.fr\/index.php\/wp-json\/wp\/v2\/posts\/1903"}],"collection":[{"href":"http:\/\/www.affinite.fr\/index.php\/wp-json\/wp\/v2\/posts"}],"about":[{"href":"http:\/\/www.affinite.fr\/index.php\/wp-json\/wp\/v2\/types\/post"}],"author":[{"embeddable":true,"href":"http:\/\/www.affinite.fr\/index.php\/wp-json\/wp\/v2\/users\/1"}],"replies":[{"embeddable":true,"href":"http:\/\/www.affinite.fr\/index.php\/wp-json\/wp\/v2\/comments?post=1903"}],"version-history":[{"count":0,"href":"http:\/\/www.affinite.fr\/index.php\/wp-json\/wp\/v2\/posts\/1903\/revisions"}],"wp:featuredmedia":[{"embeddable":true,"href":"http:\/\/www.affinite.fr\/index.php\/wp-json\/wp\/v2\/media\/1904"}],"wp:attachment":[{"href":"http:\/\/www.affinite.fr\/index.php\/wp-json\/wp\/v2\/media?parent=1903"}],"wp:term":[{"taxonomy":"category","embeddable":true,"href":"http:\/\/www.affinite.fr\/index.php\/wp-json\/wp\/v2\/categories?post=1903"},{"taxonomy":"post_tag","embeddable":true,"href":"http:\/\/www.affinite.fr\/index.php\/wp-json\/wp\/v2\/tags?post=1903"}],"curies":[{"name":"wp","href":"https:\/\/api.w.org\/{rel}","templated":true}]}}