{"id":1901,"date":"2020-04-15T12:40:48","date_gmt":"2020-04-15T12:40:48","guid":{"rendered":"https:\/\/www.affinite.fr\/index.php\/2020\/04\/15\/les-premieres-mesures-dexposition-aux-ondes-electromagnetiques-sont-rassurantes\/"},"modified":"2020-04-15T12:40:48","modified_gmt":"2020-04-15T12:40:48","slug":"les-premieres-mesures-dexposition-aux-ondes-electromagnetiques-sont-rassurantes","status":"publish","type":"post","link":"http:\/\/www.affinite.fr\/index.php\/2020\/04\/15\/les-premieres-mesures-dexposition-aux-ondes-electromagnetiques-sont-rassurantes\/","title":{"rendered":"les premi\u00e8res mesures d\u2019exposition aux ondes \u00e9lectromagn\u00e9tiques sont rassurantes"},"content":{"rendered":"<p> [ad_1]<br \/>\n<\/p>\n<div itemprop=\"articleBody\">\n<p>Au d\u00e9but de l&rsquo;ann\u00e9e, l\u2019Agence nationale de s\u00e9curit\u00e9 sanitaire (ANSES) avait regrett\u00e9 ne pas disposer de <a href=\"https:\/\/www.01net.com\/actualites\/on-saura-si-la-5g-est-dangereuse-pour-la-sante-apres-son-deploiement-1847840.html\" target=\"_blank\" rel=\"noopener noreferrer\">suffisamment de donn\u00e9es concernant les effets biologiques de la 5G<\/a>. Sans r\u00e9pondre enti\u00e8rement \u00e0 la question, l\u2019Agence nationale des fr\u00e9quences apporte un compl\u00e9ment pr\u00e9cieux en publiant les r\u00e9sultats de ses premiers tests sur <a href=\"https:\/\/www.01net.com\/actualites\/5g-pourquoi-ce-futur-standard-va-revolutionner-la-telephonie-mobile-1514955.html\" target=\"_blank\" rel=\"noopener noreferrer\">des sites pilotes 5G<\/a>.<\/p>\n<p>La bonne nouvelle, c\u2019est que les niveaux des champs mesur\u00e9s se sont tous retrouv\u00e9s tr\u00e8s en-dessous de la valeur limite r\u00e9glementaire qui est de 61 V\/m dans la bande de fr\u00e9quences 3,4 &#8211; 3,8 GHz.<\/p>\n<h3 style=\"color:#333; font-family:arial,helvetica,sans-serif; font-size:23px; font-weight:700\">10 villes concern\u00e9es<\/h3>\n<p>L\u2019ANFR a pratiqu\u00e9 des mesures d\u2019exposition aux ondes \u00e9lectromagn\u00e9tiques avant et apr\u00e8s activation de 43 sites 5G \u00e0 Pau, Marseille, Lille, Douai, Bordeaux, Lyon, Nantes, Rouen, Saint-Ouen et Toulouse.<\/p>\n<figure class=\"figure text-center\"><img decoding=\"async\" class=\"article-img img-responsive-l\" src=\"https:\/\/img.bfmtv.com\/c\/673\/536\/0c47\/9fbd258e8fdc6a4c7798263523db.jpeg\" alt=\"La carte des sites pilotes 5G mesur\u00e9s par l'ANFR.\"\/><figcaption class=\"figure-caption figcaption color-txt-0 title-xs hidden-xs\">\n                                    ANFR<br \/>\n                                                    &#8211; La carte des sites pilotes 5G mesur\u00e9s par l&rsquo;ANFR.<br \/>\n                            <\/figcaption><\/figure>\n<p>Bouygues Telecom, Orange et SFR sont concern\u00e9s mais pas Free. L\u2019id\u00e9e \u00e9tait de cibler diff\u00e9rentes configurations d\u2019op\u00e9rateurs, de constructeurs et de types d\u2019antennes. Comme les r\u00e9seaux n\u2019\u00e9taient pas ouverts aux abonn\u00e9s et en l\u2019absence de trafic, les agents de l\u2019ANFR ont d\u2019abord observ\u00e9 les signaux de signalisation qui permettent aux relais mobiles de scruter la zone de couverture \u00e0 la recherche d\u2019\u00e9ventuels utilisateurs. Ils ont ensuite d\u00fb\u00a0simuler du trafic.<\/p>\n<aside class=\"bg-color-0 padding-inside-all-s bloc border-s\">\n<h4 class=\"box-txt-normal\">\n<p><strong>A d\u00e9couvrir aussi en vid\u00e9o<\/strong><\/p>\n<\/h4>\n<\/aside>\n<h3 style=\"color:#333; font-family:arial,helvetica,sans-serif; font-size:23px; font-weight:700\">L&rsquo;exposition \u00e0 la 5G est plus difficile \u00e0 mesurer<\/h3>\n<p>L\u2019ANFR souligne qu\u2019avec la 5G, les niveaux d\u2019exposition vont varier suivant les usages et \u00e9galement d\u00e9pendre de la focalisation du faisceau et du nombre de faisceaux pilot\u00e9s par l\u2019antenne, ainsi que de la demande de donn\u00e9es par les terminaux dans le faisceau. Il a donc fallu mettre au point un nouvel indicateur de mesure.<\/p>\n<p>D\u2019autres tests seront n\u00e9cessaires lorsque les r\u00e9seaux seront ouverts aux abonn\u00e9s, en situation r\u00e9elle de trafic. Des mesures en int\u00e9rieur devront \u00e9galement \u00eatre r\u00e9alis\u00e9es, ce qui n\u2019a pas \u00e9t\u00e9 le cas jusque-l\u00e0. Enfin, il restera \u00e0 \u00e9tudier les effets de la bande 26 GHz dont <a href=\"https:\/\/www.01net.com\/actualites\/5g-les-frequences-les-plus-hautes-testees-des-a-present-en-france-1782514.html\" target=\"_blank\" rel=\"noopener noreferrer\">les premi\u00e8res exp\u00e9rimentations <\/a>ont \u00e9t\u00e9 autoris\u00e9es par l\u2019Arcep fin 2019.<\/p>\n<p>Source : <a href=\"https:\/\/www.anfr.fr\/fileadmin\/mediatheque\/documents\/5G\/20200410-ANFR-rapport-mesures-pilotes-5G.pdf\" target=\"_blank\" rel=\"noopener noreferrer\">ANFR<\/a><\/p>\n<\/p><\/div>\n<p><script>\n         !function(f,b,e,v,n,t,s){if(f.fbq)return;n=f.fbq=function()\n         {n.callMethod? n.callMethod.apply(n,arguments):n.queue.push(arguments)}\n         ;if(!f._fbq)f._fbq=n;\n             n.push=n;n.loaded=!0;n.version='2.0';n.queue=[];t=b.createElement(e);t.async=!0;\n             t.src=v;s=b.getElementsByTagName(e)[0];s.parentNode.insertBefore(t,s)}(window,\n                 document,'script','https:\/\/connect.facebook.net\/en_US\/fbevents.js');\n         fbq('init', '1065890633454496');\n         fbq('track', 'PageView');\n     <\/script><br \/>\n<br \/>[ad_2]<br \/>\n<br \/><a href=\"https:\/\/www.01net.com\/actualites\/5g-les-premieres-mesures-d-exposition-aux-ondes-electromagnetiques-sont-rassurantes-1893226.html\">Source link <\/a><\/p>\n","protected":false},"excerpt":{"rendered":"<p>[ad_1] Au d\u00e9but de l&rsquo;ann\u00e9e, l\u2019Agence nationale de s\u00e9curit\u00e9 sanitaire (ANSES) avait regrett\u00e9 ne pas disposer de suffisamment de donn\u00e9es &hellip; <a href=\"http:\/\/www.affinite.fr\/index.php\/2020\/04\/15\/les-premieres-mesures-dexposition-aux-ondes-electromagnetiques-sont-rassurantes\/\" class=\"more-link\">Plus <span class=\"screen-reader-text\">les premi\u00e8res mesures d\u2019exposition aux ondes \u00e9lectromagn\u00e9tiques sont rassurantes<\/span> <span class=\"meta-nav\">&rarr;<\/span><\/a><\/p>\n","protected":false},"author":1,"featured_media":1902,"comment_status":"open","ping_status":"open","sticky":false,"template":"","format":"standard","meta":{"_sitemap_exclude":false,"_sitemap_priority":"","_sitemap_frequency":"","footnotes":""},"categories":[1],"tags":[],"class_list":["post-1901","post","type-post","status-publish","format-standard","has-post-thumbnail","hentry","category-tous"],"_links":{"self":[{"href":"http:\/\/www.affinite.fr\/index.php\/wp-json\/wp\/v2\/posts\/1901"}],"collection":[{"href":"http:\/\/www.affinite.fr\/index.php\/wp-json\/wp\/v2\/posts"}],"about":[{"href":"http:\/\/www.affinite.fr\/index.php\/wp-json\/wp\/v2\/types\/post"}],"author":[{"embeddable":true,"href":"http:\/\/www.affinite.fr\/index.php\/wp-json\/wp\/v2\/users\/1"}],"replies":[{"embeddable":true,"href":"http:\/\/www.affinite.fr\/index.php\/wp-json\/wp\/v2\/comments?post=1901"}],"version-history":[{"count":0,"href":"http:\/\/www.affinite.fr\/index.php\/wp-json\/wp\/v2\/posts\/1901\/revisions"}],"wp:featuredmedia":[{"embeddable":true,"href":"http:\/\/www.affinite.fr\/index.php\/wp-json\/wp\/v2\/media\/1902"}],"wp:attachment":[{"href":"http:\/\/www.affinite.fr\/index.php\/wp-json\/wp\/v2\/media?parent=1901"}],"wp:term":[{"taxonomy":"category","embeddable":true,"href":"http:\/\/www.affinite.fr\/index.php\/wp-json\/wp\/v2\/categories?post=1901"},{"taxonomy":"post_tag","embeddable":true,"href":"http:\/\/www.affinite.fr\/index.php\/wp-json\/wp\/v2\/tags?post=1901"}],"curies":[{"name":"wp","href":"https:\/\/api.w.org\/{rel}","templated":true}]}}