{"id":1891,"date":"2020-04-15T08:14:36","date_gmt":"2020-04-15T08:14:36","guid":{"rendered":"https:\/\/www.affinite.fr\/index.php\/2020\/04\/15\/premieres-fuites-sur-lun-des-velos-electriques-les-plus-attendus-de-lannee\/"},"modified":"2020-04-15T08:14:36","modified_gmt":"2020-04-15T08:14:36","slug":"premieres-fuites-sur-lun-des-velos-electriques-les-plus-attendus-de-lannee","status":"publish","type":"post","link":"http:\/\/www.affinite.fr\/index.php\/2020\/04\/15\/premieres-fuites-sur-lun-des-velos-electriques-les-plus-attendus-de-lannee\/","title":{"rendered":"premi\u00e8res fuites sur l\u2019un des v\u00e9los \u00e9lectriques les plus attendus de l\u2019ann\u00e9e"},"content":{"rendered":"<p> [ad_1]<br \/>\n<\/p>\n<div itemprop=\"articleBody\">\n<p>Un prix plus \u00e9lev\u00e9 que son principal concurrent, Cowboy, et un choix de freins discutable. Voil\u00e0 les deux principales (et presque seules) critiques que nous avions \u00e9mises \u00e0 l\u2019encontre du <a href=\"https:\/\/www.01net.com\/tests\/on-a-teste-le-vanmoof-s2-plus-qu-un-velo-electrique-connecte-un-bolide-survitamine-6272.html\" target=\"_blank\" rel=\"noopener noreferrer\">Van Moof S2 lors de notre test<\/a>. Et si son successeur en profitait pour gommer ces deux d\u00e9fauts ?\u00a0Si l&rsquo;\u00e9ventuel\u00a0passage aux freins \u00e0 disques hydrauliques demeure une inconnue, les premi\u00e8res fuites concernant les S3 et X3, confirment d\u2019ores et d\u00e9j\u00e0 que le fabricant hollandais \u00e0 revu ses tarifs \u00e0 la baisse : 1998 euros, soit 1 euro de moins que le concurrent Belge.\u00a0<\/p>\n<h3 style=\"color:#333; font-family:arial,helvetica,sans-serif; font-size:23px; font-weight:700\">Un Van Moof \u00e9lectrique \u00e0 moins de 2 000 euros<\/h3>\n<p>Le prix, quelques photos ainsi que des informations techniques parcellaires sont les premiers \u00e9l\u00e9ments \u00e0 avoir fuit\u00e9 sur Internet, en amont de l&rsquo;annonce pr\u00e9vue le 21 avril. Les images diffus\u00e9es sur <a href=\"https:\/\/www.reddit.com\/r\/vanmoofbicycle\/comments\/fx60jh\/new_pictures_of_s3_and_x3\/\" target=\"_blank\" rel=\"noopener noreferrer\">Reddit<\/a> et sur un groupe Facebook de fans du cycle d\u00e9voilent un cadre tr\u00e8s similaire \u00e0 celui des\u00a0 S2 et X2 (le S et le X distinguant toujours les deux types de cadres d\u2019un v\u00e9lo en tout point identique)\u00a0mais aussi un nouveau coloris bleu plut\u00f4t r\u00e9ussi.<\/p>\n<figure class=\"figure text-center\"><img decoding=\"async\" class=\"article-img img-responsive-l\" src=\"https:\/\/img.bfmtv.com\/c\/0\/708\/46f\/6c1e09a817f5545fc021a2b9629cc.jpeg\" alt=\"\"\/><figcaption class=\"figure-caption figcaption color-txt-0 title-xs hidden-xs\">\n                                    Van Moof<br \/>\n                                                    &#8211; La selle des S3 et X3 \u00e9volue \u00e9galement.<br \/>\n                            <\/figcaption><\/figure>\n<p>On y d\u00e9couvre \u00e9galement que Van Moof aurait travaill\u00e9 sur un nouveau syst\u00e8me de transmission. Enfin, l\u2019analyse des clich\u00e9s permet de confirmer la pr\u00e9sence du fameux bouton \u00ab\u00a0boost\u00a0\u00bb qui permettait de tirer la pleine puissance de l\u2019assistance du S2. En revanche, Van Moof semble avoir opt\u00e9 pour un nouveau mod\u00e8le de selle.<\/p>\n<aside class=\"bg-color-0 padding-inside-all-s bloc border-s\">\n<h4 class=\"box-txt-normal\">\n<p><strong>\u00c0 d\u00e9couvrir aussi en vid\u00e9o :<\/strong><\/p>\n<\/h4>\n<\/aside>\n<p>En d\u00e9finitive, ces premiers \u00e9l\u00e9ments laissent entrevoir une \u00e9volution assez int\u00e9ressante de l\u2019un des v\u00e9los les plus r\u00e9ussis de l\u2019an dernier. Van Moof a d\u00e9j\u00e0 ouvert les r\u00e9servations sur son site. L\u2019annonce officielle aura bien lieu le 21 avril mais les inconditionnels de la marque peuvent d\u00e9j\u00e0 r\u00e9server un S3 ou X3 avec la certitude de l\u2019avoir en main tr\u00e8s rapidement. En effet, Van Moof nous a confirm\u00e9 que les deux mod\u00e8les \u00e9taient d\u00e9j\u00e0 en production et que le long temps d\u2019attente d\u00e9cri\u00e9 lors de la sortie des S2 et X2 ne devrait plus \u00eatre \u00eatre constat\u00e9 avec leurs successeurs.\u00a0<\/p>\n<\/p><\/div>\n<p><script>\n         !function(f,b,e,v,n,t,s){if(f.fbq)return;n=f.fbq=function()\n         {n.callMethod? n.callMethod.apply(n,arguments):n.queue.push(arguments)}\n         ;if(!f._fbq)f._fbq=n;\n             n.push=n;n.loaded=!0;n.version='2.0';n.queue=[];t=b.createElement(e);t.async=!0;\n             t.src=v;s=b.getElementsByTagName(e)[0];s.parentNode.insertBefore(t,s)}(window,\n                 document,'script','https:\/\/connect.facebook.net\/en_US\/fbevents.js');\n         fbq('init', '1065890633454496');\n         fbq('track', 'PageView');\n     <\/script><br \/>\n<br \/>[ad_2]<br \/>\n<br \/><a href=\"https:\/\/www.01net.com\/actualites\/van-moof-s3-et-x3-premieres-fuites-sur-l-un-des-velos-electriques-les-plus-attendus-de-l-annee-1893155.html\">Source link <\/a><\/p>\n","protected":false},"excerpt":{"rendered":"<p>[ad_1] Un prix plus \u00e9lev\u00e9 que son principal concurrent, Cowboy, et un choix de freins discutable. Voil\u00e0 les deux principales &hellip; <a href=\"http:\/\/www.affinite.fr\/index.php\/2020\/04\/15\/premieres-fuites-sur-lun-des-velos-electriques-les-plus-attendus-de-lannee\/\" class=\"more-link\">Plus <span class=\"screen-reader-text\">premi\u00e8res fuites sur l\u2019un des v\u00e9los \u00e9lectriques les plus attendus de l\u2019ann\u00e9e<\/span> <span class=\"meta-nav\">&rarr;<\/span><\/a><\/p>\n","protected":false},"author":1,"featured_media":1892,"comment_status":"open","ping_status":"open","sticky":false,"template":"","format":"standard","meta":{"_sitemap_exclude":false,"_sitemap_priority":"","_sitemap_frequency":"","footnotes":""},"categories":[1],"tags":[],"class_list":["post-1891","post","type-post","status-publish","format-standard","has-post-thumbnail","hentry","category-tous"],"_links":{"self":[{"href":"http:\/\/www.affinite.fr\/index.php\/wp-json\/wp\/v2\/posts\/1891"}],"collection":[{"href":"http:\/\/www.affinite.fr\/index.php\/wp-json\/wp\/v2\/posts"}],"about":[{"href":"http:\/\/www.affinite.fr\/index.php\/wp-json\/wp\/v2\/types\/post"}],"author":[{"embeddable":true,"href":"http:\/\/www.affinite.fr\/index.php\/wp-json\/wp\/v2\/users\/1"}],"replies":[{"embeddable":true,"href":"http:\/\/www.affinite.fr\/index.php\/wp-json\/wp\/v2\/comments?post=1891"}],"version-history":[{"count":0,"href":"http:\/\/www.affinite.fr\/index.php\/wp-json\/wp\/v2\/posts\/1891\/revisions"}],"wp:featuredmedia":[{"embeddable":true,"href":"http:\/\/www.affinite.fr\/index.php\/wp-json\/wp\/v2\/media\/1892"}],"wp:attachment":[{"href":"http:\/\/www.affinite.fr\/index.php\/wp-json\/wp\/v2\/media?parent=1891"}],"wp:term":[{"taxonomy":"category","embeddable":true,"href":"http:\/\/www.affinite.fr\/index.php\/wp-json\/wp\/v2\/categories?post=1891"},{"taxonomy":"post_tag","embeddable":true,"href":"http:\/\/www.affinite.fr\/index.php\/wp-json\/wp\/v2\/tags?post=1891"}],"curies":[{"name":"wp","href":"https:\/\/api.w.org\/{rel}","templated":true}]}}