{"id":1880,"date":"2020-04-15T01:56:39","date_gmt":"2020-04-15T01:56:39","guid":{"rendered":"https:\/\/www.affinite.fr\/index.php\/2020\/04\/15\/microsoft-serait-sur-le-point-de-lancer-une-nouvelle-surface-tres-abordable\/"},"modified":"2020-04-15T01:56:39","modified_gmt":"2020-04-15T01:56:39","slug":"microsoft-serait-sur-le-point-de-lancer-une-nouvelle-surface-tres-abordable","status":"publish","type":"post","link":"http:\/\/www.affinite.fr\/index.php\/2020\/04\/15\/microsoft-serait-sur-le-point-de-lancer-une-nouvelle-surface-tres-abordable\/","title":{"rendered":"Microsoft serait sur le point de lancer une nouvelle Surface tr\u00e8s abordable"},"content":{"rendered":"<p> [ad_1]<br \/>\n<br \/><img decoding=\"async\" src=\"https:\/\/img.bfmtv.com\/i\/0\/0\/b5a\/f4ae92be0e2b6d8d14f26a8eeec66.jpg\" \/><\/p>\n<div itemprop=\"articleBody\">\n<p>Le lancement de la Surface Go 2 pourrait-il intervenir dans les semaines qui viennent ? C&rsquo;est envisageable, d&rsquo;apr\u00e8s plusieurs rumeurs. Rumeurs qui ont gagn\u00e9 en cr\u00e9dit en fin de semaine derni\u00e8re car, un appareil de type \u00ab <em>ordinateur nomade<\/em>\u00a0\u00bb a subi les tests de la FCC, la commission f\u00e9d\u00e9rale des communications, et il est de marque Microsoft.<\/p>\n<blockquote>\n<p><strong>\u00c0 lire aussi &#8211;<\/strong> <a href=\"https:\/\/www.01net.com\/tests\/test-microsoft-surface-go-le-pc-ultra-portable-efficace-si-on-y-met-le-prix-6051.html\" target=\"_blank\" rel=\"noopener noreferrer\">Test : Microsoft Surface Go, le PC ultra portable efficace&#8230; si on y met le prix<\/a><\/p>\n<\/blockquote>\n<p>Hormis le nom de code \u00ab EV2\u00a0\u00bb qui figure sur le formulaire de certification de la FCC, aucune nomenclature claire et commerciale n&rsquo;est indiqu\u00e9e. Ce code fait r\u00e9f\u00e9rence \u00e0 un appareil de la famille Surface dont plusieurs scores ont fait leur apparition dans la base de donn\u00e9es du <a href=\"https:\/\/www.01net.com\/actualites\/mediatek-triche-sur-les-performances-de-ses-processeurs-mobiles-depuis-des-annees-1891829.html\" target=\"_blank\" rel=\"noopener noreferrer\">logiciel de tests Geekbench<\/a>.<\/p>\n<p>Son passage devant les instances de la FCC vise \u00e0 valider que cet appareil respecte les normes de communications sans-fil, <a data-cke-saved-href=\"https:\/\/www.01net.com\/actualites\/le-wi-fi-6-est-lance-officiellement-aujourd-hui-1768570.html\" target=\"_blank\" href=\"https:\/\/www.01net.com\/actualites\/le-wi-fi-6-est-lance-officiellement-aujourd-hui-1768570.html\" rel=\"noopener noreferrer\">Wi-Fi (6 ?)<\/a>, Bluetooth et 4G. Un futur mod\u00e8le avec <a data-cke-saved-href=\"https:\/\/www.01net.com\/actualites\/sfr-etend-l-usage-de-l-esim-aux-smartphones-1841086.html\" target=\"_blank\" href=\"https:\/\/www.01net.com\/actualites\/sfr-etend-l-usage-de-l-esim-aux-smartphones-1841086.html\" rel=\"noopener noreferrer\">eSim<\/a> serait-il \u00e0 la carte ?<\/p>\n<aside class=\"bg-color-0 padding-inside-all-s bloc border-s\">\n<h4 class=\"box-txt-normal\">\n<p><strong>\u00c0 d\u00e9couvrir aussi en vid\u00e9o :<\/strong><\/p>\n<\/h4>\n<\/aside>\n<p>Hasard ou co\u00efncidence : il y a quelques semaines, un listing de produits Microsoft \u00e0 destination des enseignes europ\u00e9ennes montrait l&rsquo;existence de deux \u00ab <em>Surface Project<\/em> \u00bb, le V et le U.<br \/>Le premier, le V, se situait &#8211; sur la liste des tarifs &#8211; dans les m\u00eames eaux que l&rsquo;actuelle Go (\u00e0 partir de 500 euros environ). Le U, pour sa part, affichait plus de chiffres sur l&rsquo;\u00e9tiquette, et pourrait d\u00e9signer un potentiel Surface Book 3.<\/p>\n<blockquote>\n<p><strong>\u00c0 lire aussi &#8211;<\/strong> <a href=\"https:\/\/www.01net.com\/tests\/test-du-microsoft-surface-book-2-15-pouces-5943.html\" target=\"_blank\" rel=\"noopener noreferrer\">Test : Surface Book 2 15 pouces, Microsoft a-t-il cr\u00e9\u00e9 le PC portable hybride ultime ?<\/a><\/p>\n<\/blockquote>\n<p>Selon le journaliste Brad Sams du site am\u00e9ricain <em>Petri<\/em>, un <a href=\"https:\/\/www.01net.com\/actualites\/microsoft-ne-tiendra-que-des-evenements-en-ligne-pour-le-reste-de-l-annee-2020-1886242.html\" target=\"_blank\" rel=\"noopener noreferrer\">\u00e9v\u00e9nement &#8211; virtuel &#8211; de lancement Surface<\/a> serait \u00e0 l&rsquo;agenda de Microsoft, dans la p\u00e9riode comprise entre la fin avril et le d\u00e9but du mois de mai. Il n&rsquo;y a plus qu&rsquo;\u00e0 attendre une potentielle invitation officielle !<\/p>\n<p><strong>Sources :<\/strong> <a href=\"https:\/\/apps.fcc.gov\/eas\/GetApplicationAttachment.html?id=4685525\" target=\"_blank\" rel=\"noopener noreferrer\">FCC<\/a> et <a href=\"https:\/\/www.petri.com\/microsofts-spring-hardware-event-surface-book-3-and-go-2-detailed\" target=\"_blank\" rel=\"noopener noreferrer\">Petri<\/a><\/p>\n<\/p><\/div>\n<p><script>\n         !function(f,b,e,v,n,t,s){if(f.fbq)return;n=f.fbq=function()\n         {n.callMethod? n.callMethod.apply(n,arguments):n.queue.push(arguments)}\n         ;if(!f._fbq)f._fbq=n;\n             n.push=n;n.loaded=!0;n.version='2.0';n.queue=[];t=b.createElement(e);t.async=!0;\n             t.src=v;s=b.getElementsByTagName(e)[0];s.parentNode.insertBefore(t,s)}(window,\n                 document,'script','https:\/\/connect.facebook.net\/en_US\/fbevents.js');\n         fbq('init', '1065890633454496');\n         fbq('track', 'PageView');\n     <\/script><br \/>\n<br \/>[ad_2]<br \/>\n<br \/><a href=\"https:\/\/www.01net.com\/actualites\/microsoft-serait-sur-le-point-de-lancer-une-nouvelle-surface-tres-abordable-1892927.html\">Source link <\/a><\/p>\n","protected":false},"excerpt":{"rendered":"<p>[ad_1] Le lancement de la Surface Go 2 pourrait-il intervenir dans les semaines qui viennent ? C&rsquo;est envisageable, d&rsquo;apr\u00e8s plusieurs &hellip; <a href=\"http:\/\/www.affinite.fr\/index.php\/2020\/04\/15\/microsoft-serait-sur-le-point-de-lancer-une-nouvelle-surface-tres-abordable\/\" class=\"more-link\">Plus <span class=\"screen-reader-text\">Microsoft serait sur le point de lancer une nouvelle Surface tr\u00e8s abordable<\/span> <span class=\"meta-nav\">&rarr;<\/span><\/a><\/p>\n","protected":false},"author":1,"featured_media":1881,"comment_status":"open","ping_status":"open","sticky":false,"template":"","format":"standard","meta":{"_sitemap_exclude":false,"_sitemap_priority":"","_sitemap_frequency":"","footnotes":""},"categories":[1],"tags":[],"class_list":["post-1880","post","type-post","status-publish","format-standard","has-post-thumbnail","hentry","category-tous"],"_links":{"self":[{"href":"http:\/\/www.affinite.fr\/index.php\/wp-json\/wp\/v2\/posts\/1880"}],"collection":[{"href":"http:\/\/www.affinite.fr\/index.php\/wp-json\/wp\/v2\/posts"}],"about":[{"href":"http:\/\/www.affinite.fr\/index.php\/wp-json\/wp\/v2\/types\/post"}],"author":[{"embeddable":true,"href":"http:\/\/www.affinite.fr\/index.php\/wp-json\/wp\/v2\/users\/1"}],"replies":[{"embeddable":true,"href":"http:\/\/www.affinite.fr\/index.php\/wp-json\/wp\/v2\/comments?post=1880"}],"version-history":[{"count":0,"href":"http:\/\/www.affinite.fr\/index.php\/wp-json\/wp\/v2\/posts\/1880\/revisions"}],"wp:featuredmedia":[{"embeddable":true,"href":"http:\/\/www.affinite.fr\/index.php\/wp-json\/wp\/v2\/media\/1881"}],"wp:attachment":[{"href":"http:\/\/www.affinite.fr\/index.php\/wp-json\/wp\/v2\/media?parent=1880"}],"wp:term":[{"taxonomy":"category","embeddable":true,"href":"http:\/\/www.affinite.fr\/index.php\/wp-json\/wp\/v2\/categories?post=1880"},{"taxonomy":"post_tag","embeddable":true,"href":"http:\/\/www.affinite.fr\/index.php\/wp-json\/wp\/v2\/tags?post=1880"}],"curies":[{"name":"wp","href":"https:\/\/api.w.org\/{rel}","templated":true}]}}