{"id":1878,"date":"2020-04-15T00:54:30","date_gmt":"2020-04-15T00:54:30","guid":{"rendered":"https:\/\/www.affinite.fr\/index.php\/2020\/04\/15\/quels-sont-les-arguments-des-opposants-a-lappli-de-tracage-voulue-par-le-gouvernement\/"},"modified":"2020-04-15T00:54:30","modified_gmt":"2020-04-15T00:54:30","slug":"quels-sont-les-arguments-des-opposants-a-lappli-de-tracage-voulue-par-le-gouvernement","status":"publish","type":"post","link":"http:\/\/www.affinite.fr\/index.php\/2020\/04\/15\/quels-sont-les-arguments-des-opposants-a-lappli-de-tracage-voulue-par-le-gouvernement\/","title":{"rendered":"quels sont les arguments des opposants \u00e0 l&rsquo;appli de tra\u00e7age voulue par le gouvernement ?"},"content":{"rendered":"<p> [ad_1]<br \/>\n<br \/><img decoding=\"async\" src=\"https:\/\/img.bfmtv.com\/i\/0\/0\/c2f\/873fba1d2edf147145aa8b16e0d5e.jpeg\" \/><\/p>\n<div itemprop=\"articleBody\">\n<p>Lors de son <a href=\"https:\/\/www.youscribe.com\/BookReader\/IframeEmbed?productId=3131196&amp;width=auto&amp;height=auto&amp;startPage=2&amp;displayMode=scroll&amp;documentId=3689064&amp;fullscreen=1&amp;token=\" target=\"_blank\" rel=\"noopener noreferrer\">allocution<\/a> du lundi 13 avril, le pr\u00e9sident de la R\u00e9publique, Emmanuel Macron a confirm\u00e9 la mise en place d\u2019une application de \u00ab\u00a0<em>contact tracing\u00a0<\/em>\u00bb en France. \u00ab<em>\u00a0Plusieurs innovations font l\u2019objet de travaux avec certains de nos partenaires europ\u00e9ens, comme une application d\u00e9di\u00e9e,\u00a0qui sur la base du volontariat et de l\u2019anonymat, permettra de savoir si, oui ou non, l\u2019on s\u2019est retrouv\u00e9 en contact avec une personne contamin\u00e9e. Vous en avez s\u00fbrement entendu parler<\/em>\u00a0\u00bb, a-t-il d\u00e9clar\u00e9. Le chef de l\u2019\u00c9tat a dans la foul\u00e9e rappel\u00e9\u00a0que \u00ab\u00a0<em>cette \u00e9pid\u00e9mie ne saurait affaiblir notre d\u00e9mocratie, ni mordre sur quelques libert\u00e9s<\/em>\u00a0\u00bb.<\/p>\n<h3 style=\"color:#333; font-family:arial,helvetica,sans-serif; font-size:23px; font-weight:700\">Non \u00e0 un \u00ab\u00a0pistage massif\u00a0\u00bb<\/h3>\n<p>Pourtant, depuis l\u2019annonce de son lancement le 9 avril dans les colonnes du <a href=\"https:\/\/www.lemonde.fr\/planete\/article\/2020\/04\/08\/stopcovid-l-application-sur-laquelle-travaille-le-gouvernement-pour-contrer-l-epidemie_6035927_3244.html\" target=\"_blank\" rel=\"noopener noreferrer\"><em>Monde<\/em><\/a>, les avis d\u00e9favorables \u00e0 l\u2019application gouvernementale, baptis\u00e9e \u00ab\u00a0StopCovid\u00a0\u00bb, sont innombrables. De nombreuses voix s\u2019\u00e9l\u00e8vent contre ce projet, jug\u00e9 liberticide.\u00a0Aux premiers rangs, il y a les d\u00e9put\u00e9s de la majorit\u00e9. Rassembl\u00e9s autour de Paula Forteza, tr\u00e8s au fait des sujets num\u00e9riques, quinze \u00e9lus ont sign\u00e9 une tribune dans <em><a href=\"http:\/\/https:\/\/www.lefigaro.fr\/vox\/politique\/tribune-de-15-deputes-nous-avons-besoin-d-un-depistage-massif-pas-d-un-pistage-massif-20200408\" target=\"_blank\" rel=\"noopener noreferrer\">Le Figaro<\/a><\/em>\u00a0le 8 avril.\u00a0Ils \u00e9tayent leur\u00a0opposition \u00e0 un tel projet.<\/p>\n<blockquote>\n<p>\u00ab\u00a0<em>La premi\u00e8re est technique: cette solution n\u2019est pas gage d\u2019efficacit\u00e9<\/em>\u00a0\u00bb, \u00e9crivent-ils, pointant du doigt l\u2019impr\u00e9cision du Bluetooth et\u00a0les risques de \u00ab\u00a0faux positifs\u00a0\u00bb, doubl\u00e9s de\u00a0la facture num\u00e9rique sur le territoire. \u00ab<em>\u00a0Pour que cette application r\u00e9cup\u00e8re la quantit\u00e9 de donn\u00e9es suffisantes \u00e0 son bon fonctionnement, il faudrait qu\u2019au moins 60 % de la population la t\u00e9l\u00e9charge<\/em>\u00a0\u00bb, relatent-ils. Or, \u00ab\u00a0<em>m\u00eame \u00e0 Singapour\u00a0<\/em>\u00bb le taux de t\u00e9l\u00e9chargement n\u2019a \u00e9t\u00e9 que de 19 % d\u2019apr\u00e8s les d\u00e9put\u00e9s.\u00a0<\/p>\n<\/blockquote>\n<h3 style=\"color:#333; font-family:arial,helvetica,sans-serif; font-size:23px; font-weight:700\">Imposer un \u00ab\u00a0dilemme moral\u00a0\u00bb<\/h3>\n<p>\u00ab<em>\u00a0La seconde objection est d\u2019ordre \u00e9thique.\u00a0Poser les bases techniques et juridiques d\u2019un tra\u00e7age num\u00e9rique et individuel de la population constitue un changement de paradigme majeur par rapport \u00e0 nos usages num\u00e9riques. <\/em>\u00bb Les quinze \u00e9lus appellent \u00e0 ne pas prendre une telle d\u00e9cision dans un climat d\u2019urgence et \u00ab\u00a0<em>sans consultation publique, ni d\u00e9bat parlementaire<\/em>\u00a0\u00bb. Une inqui\u00e9tude \u00e0 laquelle le pr\u00e9sident de la R\u00e9publique a r\u00e9pondu qu\u2019il souhaitait \u00ab\u00a0<em>qu\u2019avant le 11 mai nos assembl\u00e9es puissent en d\u00e9battre et que les autorit\u00e9s comp\u00e9tentes puissent nous \u00e9clairer\u00a0<\/em>\u00bb.\u00a0<\/p>\n<p>Enfin, la tribune souligne le \u00ab\u00a0dilemme moral\u00a0\u00bb impos\u00e9 aux citoyens. \u00ab\u00a0<em>Serions-nous fautifs si nous ne t\u00e9l\u00e9chargeons pas cette application ? La pression sociale ou le sentiment de culpabilit\u00e9 pourrait faire na\u00eetre un consentement induit. Jusqu\u2019o\u00f9 ira la communication publique gouvernementale pour assurer le succ\u00e8s d\u2019une telle application?<\/em>\u00a0\u00bb, interrogent les quinze d\u00e9put\u00e9s rappelant tout de m\u00eame qu\u2019il ne faut pas c\u00e9der aux r\u00e9flexes technophobes.\u00a0<\/p>\n<h3 style=\"color:#333; font-family:arial,helvetica,sans-serif; font-size:23px; font-weight:700\">\u00ab Ce n&rsquo;est pas seulement un d\u00e9bat m\u00e9dical et juridique\u00a0\u00bb<\/h3>\n<p>Un peu avant la d\u00e9claration du pr\u00e9sident de la R\u00e9publique, d\u2019autres voix se sont lev\u00e9es contre le dispositif, notamment dans l&rsquo;opposition. Interrog\u00e9 par <em><a href=\"https:\/\/www.parismatch.com\/Actu\/Politique\/Application-StopCovid-le-coup-de-gueule-d-un-depute-membre-de-la-Cnil-1681932\" target=\"_blank\" rel=\"noopener noreferrer\">Paris Match<\/a><\/em>, le d\u00e9put\u00e9 Les R\u00e9publicains Philippe Gosselin confiait qu\u2019il voyait d\u2019un mauvais oeil l\u2019emballement qui aur\u00e9ole l\u2019appli gouvernementale \u00ab\u00a0StopCovid\u00a0\u00bb.\u00a0 Membre de la Commission nationale de l\u2019informatique et des libert\u00e9s (Cnil) depuis plus de dix ans, le d\u00e9put\u00e9 met en parall\u00e8le les fondements de cette commission dans les ann\u00e9es 1970 et les inqui\u00e9tudes actuelles. \u00ab\u00a0<em>C&rsquo;est l&rsquo;\u00e9poque o\u00f9 les premiers fichiers sont mis en place et commencent \u00e0 \u00eatre crois\u00e9s. D\u00e9but 1974, un fichier baptis\u00e9 Safari met le monde politique en \u00e9moi. <\/em>[\u2026] <em>Cela aboutit \u00e0 la loi du 6 janvier 1978 qui cr\u00e9e la Cnil, un organisme pr\u00e9curseur.<\/em>\u00a0\u00bb, se souvient-il. \u00ab\u00a0<em>Aujourd&rsquo;hui, ce n&rsquo;est pas seulement un d\u00e9bat m\u00e9dical et juridique : c&rsquo;est aussi un d\u00e9bat \u00e9thique.<\/em>\u00a0\u00bb<\/p>\n<p>M\u00eame son de cloche au sein de l&rsquo;institution. <a href=\"http:\/\/www.assemblee-nationale.fr\/15\/cr-cloi\/19-20\/c1920051.asp\" target=\"_blank\" rel=\"noopener noreferrer\">Auditionn\u00e9e par l&rsquo;Assembl\u00e9e nationale<\/a> le 8 avril, la Cnil s&rsquo;est montr\u00e9e tr\u00e8s prudente quant \u00e0 l&rsquo;utilisation du telle application. \u00ab <em>Il est encore difficile d\u2019\u00e9valuer<\/em> [les]\u00a0<em>b\u00e9n\u00e9fices effectifs<\/em> [de ces\u00a0\u00a0nouvelles technologies, NDLR], <em>d\u2019autant plus que les usages peuvent varier selon le type de donn\u00e9es collect\u00e9es et les finalit\u00e9s poursuivies\u00a0<\/em>\u00bb, a soulign\u00e9\u00a0Marie-Laure Denis, pr\u00e9sidente de la Cnil.\u00a0<\/p>\n<aside class=\"bg-color-0 padding-inside-all-s bloc border-s\">\n<h4 class=\"box-txt-normal\">\n<div class=\"\">\n<p><strong>\u00c0 d\u00e9couvrir aussi en vid\u00e9o<\/strong><\/p>\n<\/div>\n<\/h4>\n<\/aside>\n<h3 style=\"color:#333; font-family:arial,helvetica,sans-serif; font-size:23px; font-weight:700\">Des garanties techniques exig\u00e9es\u00a0<\/h3>\n<p>L\u2019aspect principalement juridique du d\u00e9bat a \u00e9galement provoqu\u00e9 la <a href=\"https:\/\/www.laquadrature.net\/2020\/04\/08\/la-crise-sanitaire-ne-justifie-pas-dimposer-les-technologies-de-surveillance\/\" target=\"_blank\" rel=\"noopener noreferrer\">mobilisation de l\u2019Observatoire des libert\u00e9s et du num\u00e9rique<\/a>, compos\u00e9 d&rsquo;organisations \u00e9tiquet\u00e9es \u00e0 gauche :\u00a0la Ligue des droits de l\u2019Homme, des syndicats de la magistrature (SM) et des avocats de France (SAF) ou encore de la Quadrature du Net. \u00ab\u00a0<em>Les utilisations envisag\u00e9es de nos donn\u00e9es personnelles (applications utilisant le Bluetooth pour le suivi des contacts) ou d\u00e9j\u00e0 mises en \u0153uvre (g\u00e9olocalisation) constituent une grave atteinte \u00e0 nos libert\u00e9s et ne sauraient \u00eatre autoris\u00e9es, ni utilis\u00e9es sans notre consentement<\/em>\u00a0\u00bb, alertent-ils \u00e0 l\u2019unisson.\u00a0<\/p>\n<p>Le collectif demande des conditions strictes d\u2019utilisations de ces informations sensibles. \u00ab<em>\u00a0Nous devrions \u00eatre inform\u00e9s du moment o\u00f9 ces donn\u00e9es sont anonymis\u00e9es, notre consentement devrait nous \u00eatre demand\u00e9, des informations faciles \u00e0 lire et \u00e0 comprendre devraient nous \u00eatre fournies pour permettre un consentement libre sp\u00e9cifique et \u00e9clair\u00e9. Des garanties devraient \u00e9galement \u00eatre fournies sur les techniques utilis\u00e9es pour rendre impossible leur r\u00e9-identification<\/em>\u00a0\u00bb, d\u00e9taillent-ils. \u00a0<\/p>\n<h3 style=\"color:#333; font-family:arial,helvetica,sans-serif; font-size:23px; font-weight:700\">Des valeurs \u00ab\u00a0contraires \u00e0 notre culture\u00a0\u00bb<\/h3>\n<p>En outre, ils rappellent \u00e9galement que le caract\u00e8re\u00a0volontaire\u00a0du t\u00e9l\u00e9chargement ne peut emp\u00eacher une \u00ab <em>pression patronale ou sociale qui pourrait exister avec une telle application, \u00e9ventuellement impos\u00e9e pour continuer de travailler ou pour acc\u00e9der \u00e0 certains lieux publics<\/em>\u00a0\u00bb qui serait discriminatoire et imcompatible avec le principe de consentement libre consacr\u00e9 par le RGPD.\u00a0<\/p>\n<\/p><\/div>\n<p><script>\n         !function(f,b,e,v,n,t,s){if(f.fbq)return;n=f.fbq=function()\n         {n.callMethod? n.callMethod.apply(n,arguments):n.queue.push(arguments)}\n         ;if(!f._fbq)f._fbq=n;\n             n.push=n;n.loaded=!0;n.version='2.0';n.queue=[];t=b.createElement(e);t.async=!0;\n             t.src=v;s=b.getElementsByTagName(e)[0];s.parentNode.insertBefore(t,s)}(window,\n                 document,'script','https:\/\/connect.facebook.net\/en_US\/fbevents.js');\n         fbq('init', '1065890633454496');\n         fbq('track', 'PageView');\n     <\/script><br \/>\n<br \/>[ad_2]<br \/>\n<br \/><a href=\"https:\/\/www.01net.com\/actualites\/stopcovid-quels-sont-les-arguments-des-opposants-a-l-appli-de-tracage-voulue-par-le-gouvernement-1892948.html\">Source link <\/a><\/p>\n","protected":false},"excerpt":{"rendered":"<p>[ad_1] Lors de son allocution du lundi 13 avril, le pr\u00e9sident de la R\u00e9publique, Emmanuel Macron a confirm\u00e9 la mise &hellip; <a href=\"http:\/\/www.affinite.fr\/index.php\/2020\/04\/15\/quels-sont-les-arguments-des-opposants-a-lappli-de-tracage-voulue-par-le-gouvernement\/\" class=\"more-link\">Plus <span class=\"screen-reader-text\">quels sont les arguments des opposants \u00e0 l&rsquo;appli de tra\u00e7age voulue par le gouvernement ?<\/span> <span class=\"meta-nav\">&rarr;<\/span><\/a><\/p>\n","protected":false},"author":1,"featured_media":1879,"comment_status":"open","ping_status":"open","sticky":false,"template":"","format":"standard","meta":{"_sitemap_exclude":false,"_sitemap_priority":"","_sitemap_frequency":"","footnotes":""},"categories":[1],"tags":[],"class_list":["post-1878","post","type-post","status-publish","format-standard","has-post-thumbnail","hentry","category-tous"],"_links":{"self":[{"href":"http:\/\/www.affinite.fr\/index.php\/wp-json\/wp\/v2\/posts\/1878"}],"collection":[{"href":"http:\/\/www.affinite.fr\/index.php\/wp-json\/wp\/v2\/posts"}],"about":[{"href":"http:\/\/www.affinite.fr\/index.php\/wp-json\/wp\/v2\/types\/post"}],"author":[{"embeddable":true,"href":"http:\/\/www.affinite.fr\/index.php\/wp-json\/wp\/v2\/users\/1"}],"replies":[{"embeddable":true,"href":"http:\/\/www.affinite.fr\/index.php\/wp-json\/wp\/v2\/comments?post=1878"}],"version-history":[{"count":0,"href":"http:\/\/www.affinite.fr\/index.php\/wp-json\/wp\/v2\/posts\/1878\/revisions"}],"wp:featuredmedia":[{"embeddable":true,"href":"http:\/\/www.affinite.fr\/index.php\/wp-json\/wp\/v2\/media\/1879"}],"wp:attachment":[{"href":"http:\/\/www.affinite.fr\/index.php\/wp-json\/wp\/v2\/media?parent=1878"}],"wp:term":[{"taxonomy":"category","embeddable":true,"href":"http:\/\/www.affinite.fr\/index.php\/wp-json\/wp\/v2\/categories?post=1878"},{"taxonomy":"post_tag","embeddable":true,"href":"http:\/\/www.affinite.fr\/index.php\/wp-json\/wp\/v2\/tags?post=1878"}],"curies":[{"name":"wp","href":"https:\/\/api.w.org\/{rel}","templated":true}]}}