{"id":1876,"date":"2020-04-14T23:52:41","date_gmt":"2020-04-14T23:52:41","guid":{"rendered":"https:\/\/www.affinite.fr\/index.php\/2020\/04\/14\/la-justice-condamne-amazon-a-ne-vendre-plus-que-des-marchandises-essentielles\/"},"modified":"2020-04-14T23:52:41","modified_gmt":"2020-04-14T23:52:41","slug":"la-justice-condamne-amazon-a-ne-vendre-plus-que-des-marchandises-essentielles","status":"publish","type":"post","link":"http:\/\/www.affinite.fr\/index.php\/2020\/04\/14\/la-justice-condamne-amazon-a-ne-vendre-plus-que-des-marchandises-essentielles\/","title":{"rendered":"La justice condamne Amazon \u00e0 ne vendre plus que des \u00ab\u00a0marchandises essentielles\u00a0\u00bb"},"content":{"rendered":"<p> [ad_1]<br \/>\n<br \/><img decoding=\"async\" src=\"https:\/\/img.bfmtv.com\/i\/0\/0\/9e5\/d2e8d33a409e1fb65e93cd0e98f04.jpeg\" \/><\/p>\n<div itemprop=\"articleBody\">\n<p>La d\u00e9cision est tomb\u00e9e. Le tribunal judiciaire de Nanterre (Hauts-de-Seine), dont d\u00e9pend son si\u00e8ge fran\u00e7ais \u00e0 Clichy-la-Garenne, vient mardi 14 avril d&rsquo;obliger Amazon\u00a0\u00e0 \u00ab <em>restreindre l&rsquo;activit\u00e9 de ses entrep\u00f4ts aux seules activit\u00e9s de r\u00e9ception des marchandises, de pr\u00e9paration et d&rsquo;exp\u00e9dition des commandes de produits alimentaires, de produits d&rsquo;hygi\u00e8ne et de produits m\u00e9dicaux, sous astreinte d&rsquo;un million d&rsquo;euros par jour de retard et par infraction constat\u00e9e<\/em> \u00bb dans les 24 heures.<\/p>\n<h3 style=\"color:#333; font-family:arial,helvetica,sans-serif; font-size:23px; font-weight:700\">Pendant un mois (ou plus)<\/h3>\n<p>Selon l&rsquo;AFP qui a obtenu le jugement, la d\u00e9cision s&rsquo;applique dans l&rsquo;attente de \u00ab <em>l&rsquo;\u00e9valuation des risques professionnels inh\u00e9rents \u00e0 l\u2019\u00e9pid\u00e9mie de Covid-19 sur l&rsquo;ensemble de ses entrep\u00f4ts ainsi qu&rsquo;\u00e0 la mise en \u0153uvre des mesures pr\u00e9vues \u00e0 l&rsquo;article L 4121-1 du Code du travail<\/em> \u00bb et pendant \u00ab <em>une dur\u00e9e maximum d&rsquo;un mois<\/em> \u00bb. Ce d\u00e9lai\u00a0pourra \u00eatre allong\u00e9 si n\u00e9cessaire.\u00a0<\/p>\n<p>Sud Solidaires a saisi mercredi 8 avril le tribunal de Nanterre en r\u00e9f\u00e9r\u00e9. L\u2019organisation syndicale demandait \u00ab<em>\u00a0l\u2019interdiction pour Amazon de continuer \u00e0 employer du personnel sur ses six sites fran\u00e7ais et, \u00e0 tout le moins, de r\u00e9duire, comme la soci\u00e9t\u00e9 s\u2019y est engag\u00e9e, son activit\u00e9 aux 10\u00a0% de marchandises \u00ab\u00a0essentielles\u00a0\u00bb\u00a0et corr\u00e9lativement le nombre de pr\u00e9sent-es permettant ainsi que les mesures de protection mises en \u0153uvre en cascade produisent r\u00e9ellement leur effet que la promiscuit\u00e9 rend inop\u00e9rante\u00a0<\/em>\u00bb. C&rsquo;est \u00e0 cette deuxi\u00e8me option que le tribunal vient de faire droit.<\/p>\n<h3 style=\"color:#333; font-family:arial,helvetica,sans-serif; font-size:23px; font-weight:700\">\u00ab\u00a0Une\u00a0bombe sanitaire et sociale\u00a0\u00bb<\/h3>\n<p>\u00ab\u00a0<em>C\u2019est une bombe sanitaire et sociale en train d\u2019exploser aux quatre coins de la France dans une soci\u00e9t\u00e9 qui compte plus de 10.000 travailleurs\/euses, directs, mais aussi une arm\u00e9e d\u2019int\u00e9rimaires et de livreurs\/euses qui apportent y compris le virus \u00e0 domicile\u00a0: apr\u00e8s des dizaines de salari\u00e9-es atteints des sympt\u00f4mes du Covid-19, des cas av\u00e9r\u00e9s ont depuis \u00e9t\u00e9 d\u00e9tect\u00e9s sur plusieurs des sites et un premier employ\u00e9 est toujours en r\u00e9animatio<\/em>n\u00a0\u00bb, peut-on lire dans le <a href=\"https:\/\/solidaires.org\/AMAZON-pour-nos-vies-plutot-que-leurs-profits-nous-demandons-la-fermeture-des?fbclid=IwAR1c-ofpDMnJUX3ZUrNbBQKkxKb6dOzxdKbhIQJomLd3vwNWY2pDo_0NbWc\" target=\"_blank\" rel=\"noopener noreferrer\">communiqu\u00e9<\/a>. Sud Solidaires reprochait\u00a0\u00e0 Amazon de poursuivre son activit\u00e9 \u00ab <em>comme si de rien n&rsquo;\u00e9tait, en d\u00e9pit de la mobilisation du personnel, des mises en demeure des syndicats, de l&rsquo;inspection et de la m\u00e9decine du travail, mais aussi des critiques des ministres de l&rsquo;\u00c9conomie et du Travail<\/em> \u00bb.<\/p>\n<aside class=\"bg-color-0 padding-inside-all-s bloc border-s\">\n<h4 class=\"box-txt-normal\">\n<p><strong>\u00c0 d\u00e9couvrir aussi en vid\u00e9o\u00a0<\/strong><\/p>\n<\/h4>\n<\/aside>\n<h3 style=\"color:#333; font-family:arial,helvetica,sans-serif; font-size:23px; font-weight:700\">Un employ\u00e9 hospitalis\u00e9\u00a0<\/h3>\n<p>De son c\u00f4t\u00e9, Amazon n\u2019a pas encore r\u00e9agi. D\u00e8s les premi\u00e8res accusations, la soci\u00e9t\u00e9 avait assur\u00e9 faire de son mieux pour garantir la sant\u00e9 de ses employ\u00e9s, recourant par exemple \u00e0 la prise de leur temp\u00e9rature tous les matins. Sur <a href=\"https:\/\/www.rtl.fr\/actu\/debats-societe\/coronavirus-le-patron-d-amazon-france-rassure-sur-les-normes-de-securite-7800353019\" target=\"_blank\" rel=\"noopener noreferrer\">RTL<\/a>, le directeur g\u00e9n\u00e9ral d&rsquo;Amazon France, Fr\u00e9d\u00e9ric Duval, revendiquait \u00e9galement le port du masques dans tous les b\u00e2timents de l\u2019entreprise.\u00a0<\/p>\n<p>Officiellement, un seul employ\u00e9 est actuellement hospitalis\u00e9 en r\u00e9animation \u00e0 cause du Covid-19, mais les syndicats soup\u00e7onnent des dizaines de malades non comptabilis\u00e9s.\u00a0<\/p>\n<p><strong>Source<\/strong> : AFP et <em><a href=\"http:\/\/www.leparisien.fr\/economie\/amazon-condamne-a-ne-plus-livrer-que-les-produits-alimentaires-medicaux-et-d-hygiene-14-04-2020-8299380.php\" target=\"_blank\" rel=\"noopener noreferrer\">Le Parisien\u00a0<\/a><\/em><\/p>\n<\/p><\/div>\n<p><script>\n         !function(f,b,e,v,n,t,s){if(f.fbq)return;n=f.fbq=function()\n         {n.callMethod? n.callMethod.apply(n,arguments):n.queue.push(arguments)}\n         ;if(!f._fbq)f._fbq=n;\n             n.push=n;n.loaded=!0;n.version='2.0';n.queue=[];t=b.createElement(e);t.async=!0;\n             t.src=v;s=b.getElementsByTagName(e)[0];s.parentNode.insertBefore(t,s)}(window,\n                 document,'script','https:\/\/connect.facebook.net\/en_US\/fbevents.js');\n         fbq('init', '1065890633454496');\n         fbq('track', 'PageView');\n     <\/script><br \/>\n<br \/>[ad_2]<br \/>\n<br \/><a href=\"https:\/\/www.01net.com\/actualites\/la-justice-condamne-amazon-a-ne-vendre-plus-que-des-marchandises-essentielles-1893046.html\">Source link <\/a><\/p>\n","protected":false},"excerpt":{"rendered":"<p>[ad_1] La d\u00e9cision est tomb\u00e9e. Le tribunal judiciaire de Nanterre (Hauts-de-Seine), dont d\u00e9pend son si\u00e8ge fran\u00e7ais \u00e0 Clichy-la-Garenne, vient mardi &hellip; <a href=\"http:\/\/www.affinite.fr\/index.php\/2020\/04\/14\/la-justice-condamne-amazon-a-ne-vendre-plus-que-des-marchandises-essentielles\/\" class=\"more-link\">Plus <span class=\"screen-reader-text\">La justice condamne Amazon \u00e0 ne vendre plus que des \u00ab\u00a0marchandises essentielles\u00a0\u00bb<\/span> <span class=\"meta-nav\">&rarr;<\/span><\/a><\/p>\n","protected":false},"author":1,"featured_media":1877,"comment_status":"open","ping_status":"open","sticky":false,"template":"","format":"standard","meta":{"_sitemap_exclude":false,"_sitemap_priority":"","_sitemap_frequency":"","footnotes":""},"categories":[1],"tags":[],"class_list":["post-1876","post","type-post","status-publish","format-standard","has-post-thumbnail","hentry","category-tous"],"_links":{"self":[{"href":"http:\/\/www.affinite.fr\/index.php\/wp-json\/wp\/v2\/posts\/1876"}],"collection":[{"href":"http:\/\/www.affinite.fr\/index.php\/wp-json\/wp\/v2\/posts"}],"about":[{"href":"http:\/\/www.affinite.fr\/index.php\/wp-json\/wp\/v2\/types\/post"}],"author":[{"embeddable":true,"href":"http:\/\/www.affinite.fr\/index.php\/wp-json\/wp\/v2\/users\/1"}],"replies":[{"embeddable":true,"href":"http:\/\/www.affinite.fr\/index.php\/wp-json\/wp\/v2\/comments?post=1876"}],"version-history":[{"count":0,"href":"http:\/\/www.affinite.fr\/index.php\/wp-json\/wp\/v2\/posts\/1876\/revisions"}],"wp:featuredmedia":[{"embeddable":true,"href":"http:\/\/www.affinite.fr\/index.php\/wp-json\/wp\/v2\/media\/1877"}],"wp:attachment":[{"href":"http:\/\/www.affinite.fr\/index.php\/wp-json\/wp\/v2\/media?parent=1876"}],"wp:term":[{"taxonomy":"category","embeddable":true,"href":"http:\/\/www.affinite.fr\/index.php\/wp-json\/wp\/v2\/categories?post=1876"},{"taxonomy":"post_tag","embeddable":true,"href":"http:\/\/www.affinite.fr\/index.php\/wp-json\/wp\/v2\/tags?post=1876"}],"curies":[{"name":"wp","href":"https:\/\/api.w.org\/{rel}","templated":true}]}}