{"id":1864,"date":"2020-04-14T17:33:54","date_gmt":"2020-04-14T17:33:54","guid":{"rendered":"https:\/\/www.affinite.fr\/index.php\/2020\/04\/14\/quatre-modeles-5g-seraient-prevus-dont-deux-au-look-dipad-pro\/"},"modified":"2020-04-14T17:33:54","modified_gmt":"2020-04-14T17:33:54","slug":"quatre-modeles-5g-seraient-prevus-dont-deux-au-look-dipad-pro","status":"publish","type":"post","link":"http:\/\/www.affinite.fr\/index.php\/2020\/04\/14\/quatre-modeles-5g-seraient-prevus-dont-deux-au-look-dipad-pro\/","title":{"rendered":"quatre mod\u00e8les 5G seraient pr\u00e9vus, dont deux au look d\u2019iPad Pro"},"content":{"rendered":"<p> [ad_1]<br \/>\n<br \/><img decoding=\"async\" src=\"https:\/\/img.bfmtv.com\/i\/0\/0\/c70f43\/c5f322d9cc2273b865879f8575.jpeg\" \/><\/p>\n<div itemprop=\"articleBody\">\n<p>Un iPhone au look d\u2019iPad Pro. C\u2019est ce que semble pr\u00e9parer Apple pour ses prochains mod\u00e8les de smartphones. Les deux versions haut de gamme devraient en effet s&rsquo;inspirer du design de cette tablette\u00a0: tranches anguleuses, coins arrondis et \u00e9cran enti\u00e8rement plat. L\u2019encoche devrait pour sa part \u00eatre r\u00e9duite par rapport \u00e0 celle pr\u00e9sente sur les\u00a0mod\u00e8les actuels.\u00a0<\/p>\n<p>Ces deux appareils se d\u00e9clineraient en deux tailles d\u2019\u00e9cran, dont la plus grande serait sensiblement sup\u00e9rieure aux 6,5 pouces de l\u2019iPhone 11 Pro Max. Ces deux mod\u00e8les continueraient \u00e0 embarquer un triple module cam\u00e9ra, mais y ajouteraient un lidar, l\u00e0 aussi comme sur les derniers iPad Pro, explique Bloomberg.\u00a0<\/p>\n<h3 style=\"color:#333; font-family:arial,helvetica,sans-serif; font-size:23px; font-weight:700\">Deux tailles pour le successeur de l\u2019iPhone 11<\/h3>\n<p>Le successeur de l\u2019iPhone 11 serait, quant \u00e0 lui, d\u00e9clin\u00e9 en deux diagonales cette ann\u00e9e. Il conserverait toutefois le m\u00eame design et son double module cam\u00e9ra.\u00a0<\/p>\n<p>En revanche, ces quatre mod\u00e8les devraient tous \u00eatre compatibles 5G, une technologie d\u00e9sormais absolument n\u00e9cessaire alors que la majeure partie des smartphones haut de gamme de la concurrence en est pourvue.<\/p>\n<aside class=\"bg-color-0 padding-inside-all-s bloc border-s\">\n<h4 class=\"box-txt-normal\">\n<p><strong>A d\u00e9couvrir aussi en vid\u00e9o<\/strong><\/p>\n<\/h4>\n<\/aside>\n<p>Enfin, la disponibilit\u00e9 de ces quatre nouveaux mod\u00e8les d\u2019iPhone pourrait \u00eatre retard\u00e9e par rapport au mois de rendez-vous traditionnel, septembre. La faute \u00e9videmment \u00e0 l\u2019\u00e9pid\u00e9mie de Covid-19 qui retarde aussi bien la conception que la production. Les premiers ing\u00e9nieurs d\u2019Apple ne seraient ainsi attendus en Chine qu\u2019\u00e0 partir du mois de mai prochain.\u00a0<\/p>\n<p><strong>Source : <a href=\"https:\/\/www.bloomberg.com\/news\/articles\/2020-04-13\/apple-plans-ipad-like-design-for-next-iphone-smaller-homepod\" target=\"_blank\" rel=\"noopener noreferrer\">Bloomberg<\/a><\/strong><\/p>\n<\/p><\/div>\n<p><script>\n         !function(f,b,e,v,n,t,s){if(f.fbq)return;n=f.fbq=function()\n         {n.callMethod? n.callMethod.apply(n,arguments):n.queue.push(arguments)}\n         ;if(!f._fbq)f._fbq=n;\n             n.push=n;n.loaded=!0;n.version='2.0';n.queue=[];t=b.createElement(e);t.async=!0;\n             t.src=v;s=b.getElementsByTagName(e)[0];s.parentNode.insertBefore(t,s)}(window,\n                 document,'script','https:\/\/connect.facebook.net\/en_US\/fbevents.js');\n         fbq('init', '1065890633454496');\n         fbq('track', 'PageView');\n     <\/script><br \/>\n<br \/>[ad_2]<br \/>\n<br \/><a href=\"https:\/\/www.01net.com\/actualites\/iphone-2020-quatre-modeles-5g-seraient-prevus-dont-deux-au-look-d-ipad-pro-1892896.html\">Source link <\/a><\/p>\n","protected":false},"excerpt":{"rendered":"<p>[ad_1] Un iPhone au look d\u2019iPad Pro. C\u2019est ce que semble pr\u00e9parer Apple pour ses prochains mod\u00e8les de smartphones. Les &hellip; <a href=\"http:\/\/www.affinite.fr\/index.php\/2020\/04\/14\/quatre-modeles-5g-seraient-prevus-dont-deux-au-look-dipad-pro\/\" class=\"more-link\">Plus <span class=\"screen-reader-text\">quatre mod\u00e8les 5G seraient pr\u00e9vus, dont deux au look d\u2019iPad Pro<\/span> <span class=\"meta-nav\">&rarr;<\/span><\/a><\/p>\n","protected":false},"author":1,"featured_media":1865,"comment_status":"open","ping_status":"open","sticky":false,"template":"","format":"standard","meta":{"_sitemap_exclude":false,"_sitemap_priority":"","_sitemap_frequency":"","footnotes":""},"categories":[1],"tags":[],"class_list":["post-1864","post","type-post","status-publish","format-standard","has-post-thumbnail","hentry","category-tous"],"_links":{"self":[{"href":"http:\/\/www.affinite.fr\/index.php\/wp-json\/wp\/v2\/posts\/1864"}],"collection":[{"href":"http:\/\/www.affinite.fr\/index.php\/wp-json\/wp\/v2\/posts"}],"about":[{"href":"http:\/\/www.affinite.fr\/index.php\/wp-json\/wp\/v2\/types\/post"}],"author":[{"embeddable":true,"href":"http:\/\/www.affinite.fr\/index.php\/wp-json\/wp\/v2\/users\/1"}],"replies":[{"embeddable":true,"href":"http:\/\/www.affinite.fr\/index.php\/wp-json\/wp\/v2\/comments?post=1864"}],"version-history":[{"count":0,"href":"http:\/\/www.affinite.fr\/index.php\/wp-json\/wp\/v2\/posts\/1864\/revisions"}],"wp:featuredmedia":[{"embeddable":true,"href":"http:\/\/www.affinite.fr\/index.php\/wp-json\/wp\/v2\/media\/1865"}],"wp:attachment":[{"href":"http:\/\/www.affinite.fr\/index.php\/wp-json\/wp\/v2\/media?parent=1864"}],"wp:term":[{"taxonomy":"category","embeddable":true,"href":"http:\/\/www.affinite.fr\/index.php\/wp-json\/wp\/v2\/categories?post=1864"},{"taxonomy":"post_tag","embeddable":true,"href":"http:\/\/www.affinite.fr\/index.php\/wp-json\/wp\/v2\/tags?post=1864"}],"curies":[{"name":"wp","href":"https:\/\/api.w.org\/{rel}","templated":true}]}}