{"id":1860,"date":"2020-04-14T15:30:15","date_gmt":"2020-04-14T15:30:15","guid":{"rendered":"https:\/\/www.affinite.fr\/index.php\/2020\/04\/14\/reportee-ledition-printaniere-des-french-days-aura-bien-lieu-apres-la-fin-du-confinement\/"},"modified":"2020-04-14T15:30:15","modified_gmt":"2020-04-14T15:30:15","slug":"reportee-ledition-printaniere-des-french-days-aura-bien-lieu-apres-la-fin-du-confinement","status":"publish","type":"post","link":"http:\/\/www.affinite.fr\/index.php\/2020\/04\/14\/reportee-ledition-printaniere-des-french-days-aura-bien-lieu-apres-la-fin-du-confinement\/","title":{"rendered":"Report\u00e9e, l&rsquo;\u00e9dition printani\u00e8re des French Days aura bien lieu&#8230; apr\u00e8s la fin du confinement\u00a0"},"content":{"rendered":"<p> [ad_1]<br \/>\n<br \/><img decoding=\"async\" src=\"https:\/\/img.bfmtv.com\/i\/0\/0\/445\/12436e769ecb55f882af3d2d9546b.jpg\" \/><\/p>\n<div itemprop=\"articleBody\">\n<p>L&rsquo;op\u00e9ration commerciale French Days n&rsquo;aura pas lieu comme pr\u00e9vu, du 29 avril au 4 mai. Les grandes enseignes \u00e0 l&rsquo;origine de l&rsquo;\u00e9v\u00e9nement (Boulanger, Cdiscount, Fnac Darty, La Redoute, Rue du Commerce et Showroompriv\u00e9) ont annonc\u00e9 qu&rsquo;elle \u00e9tait report\u00e9e \u00e0 une date ult\u00e9rieure, apr\u00e8s la sortie du confinement.<\/p>\n<p>Ils indiquent que cette d\u00e9cision\u00a0est motiv\u00e9e par la volont\u00e9 d&rsquo;associer au maximum \u00e0 cette op\u00e9ration, les\u00a0commer\u00e7ants, dont la plupart ont d\u00fb fermer leurs magasins le 16 mars.<\/p>\n<blockquote>\n<p>\u00ab L&rsquo;op\u00e9ration sera reprogramm\u00e9e \u00e0 une date ult\u00e9rieure, quand l&rsquo;activit\u00e9 commerciale aura repris normalement, afin de permettre au commerce physique de b\u00e9n\u00e9ficier pleinement de la dynamique du mouvement. \u00bb<\/p>\n<\/blockquote>\n<aside class=\"bg-color-0 padding-inside-all-s bloc border-s\">\n<h4 class=\"box-txt-normal\">\n<p><strong>A d\u00e9couvrir aussi en vid\u00e9o :<\/strong><\/p>\n<\/h4>\n<\/aside>\n<p>Les French Days ont \u00e9t\u00e9 lanc\u00e9s il y a deux ans pour cr\u00e9er un Black Friday \u00e0 la fran\u00e7aise, avec des promotions en ligne, mais aussi dans les magasins physiques. Ils ont lieu deux fois dans l&rsquo;ann\u00e9e. L&rsquo;\u00e9dition d&rsquo;automne est pr\u00e9vue du\u00a025 septembre au 28\u00a0Septembre 2020.<\/p>\n<p><strong>Source <\/strong>: <a href=\"https:\/\/www.lefigaro.fr\/flash-eco\/coronavirus-les-french-days-repousses-a-l-apres-confinement-20200409\" target=\"_blank\" rel=\"noopener noreferrer\">Le Figaro<\/a><\/p>\n<\/p><\/div>\n<p><script>\n         !function(f,b,e,v,n,t,s){if(f.fbq)return;n=f.fbq=function()\n         {n.callMethod? n.callMethod.apply(n,arguments):n.queue.push(arguments)}\n         ;if(!f._fbq)f._fbq=n;\n             n.push=n;n.loaded=!0;n.version='2.0';n.queue=[];t=b.createElement(e);t.async=!0;\n             t.src=v;s=b.getElementsByTagName(e)[0];s.parentNode.insertBefore(t,s)}(window,\n                 document,'script','https:\/\/connect.facebook.net\/en_US\/fbevents.js');\n         fbq('init', '1065890633454496');\n         fbq('track', 'PageView');\n     <\/script><br \/>\n<br \/>[ad_2]<br \/>\n<br \/><a href=\"https:\/\/www.01net.com\/actualites\/reportee-l-edition-printaniere-des-french-days-aura-bien-lieu-apres-la-fin-du-confinement-1892895.html\">Source link <\/a><\/p>\n","protected":false},"excerpt":{"rendered":"<p>[ad_1] L&rsquo;op\u00e9ration commerciale French Days n&rsquo;aura pas lieu comme pr\u00e9vu, du 29 avril au 4 mai. Les grandes enseignes \u00e0 &hellip; <a href=\"http:\/\/www.affinite.fr\/index.php\/2020\/04\/14\/reportee-ledition-printaniere-des-french-days-aura-bien-lieu-apres-la-fin-du-confinement\/\" class=\"more-link\">Plus <span class=\"screen-reader-text\">Report\u00e9e, l&rsquo;\u00e9dition printani\u00e8re des French Days aura bien lieu&#8230; apr\u00e8s la fin du confinement\u00a0<\/span> <span class=\"meta-nav\">&rarr;<\/span><\/a><\/p>\n","protected":false},"author":1,"featured_media":1861,"comment_status":"open","ping_status":"open","sticky":false,"template":"","format":"standard","meta":{"_sitemap_exclude":false,"_sitemap_priority":"","_sitemap_frequency":"","footnotes":""},"categories":[1],"tags":[],"class_list":["post-1860","post","type-post","status-publish","format-standard","has-post-thumbnail","hentry","category-tous"],"_links":{"self":[{"href":"http:\/\/www.affinite.fr\/index.php\/wp-json\/wp\/v2\/posts\/1860"}],"collection":[{"href":"http:\/\/www.affinite.fr\/index.php\/wp-json\/wp\/v2\/posts"}],"about":[{"href":"http:\/\/www.affinite.fr\/index.php\/wp-json\/wp\/v2\/types\/post"}],"author":[{"embeddable":true,"href":"http:\/\/www.affinite.fr\/index.php\/wp-json\/wp\/v2\/users\/1"}],"replies":[{"embeddable":true,"href":"http:\/\/www.affinite.fr\/index.php\/wp-json\/wp\/v2\/comments?post=1860"}],"version-history":[{"count":0,"href":"http:\/\/www.affinite.fr\/index.php\/wp-json\/wp\/v2\/posts\/1860\/revisions"}],"wp:featuredmedia":[{"embeddable":true,"href":"http:\/\/www.affinite.fr\/index.php\/wp-json\/wp\/v2\/media\/1861"}],"wp:attachment":[{"href":"http:\/\/www.affinite.fr\/index.php\/wp-json\/wp\/v2\/media?parent=1860"}],"wp:term":[{"taxonomy":"category","embeddable":true,"href":"http:\/\/www.affinite.fr\/index.php\/wp-json\/wp\/v2\/categories?post=1860"},{"taxonomy":"post_tag","embeddable":true,"href":"http:\/\/www.affinite.fr\/index.php\/wp-json\/wp\/v2\/tags?post=1860"}],"curies":[{"name":"wp","href":"https:\/\/api.w.org\/{rel}","templated":true}]}}