{"id":1851,"date":"2020-04-14T13:23:33","date_gmt":"2020-04-14T13:23:33","guid":{"rendered":"https:\/\/www.affinite.fr\/index.php\/2020\/04\/14\/le-marche-du-pc-se-porte-bien-mais-pour-combien-de-temps-encore\/"},"modified":"2020-04-14T13:23:33","modified_gmt":"2020-04-14T13:23:33","slug":"le-marche-du-pc-se-porte-bien-mais-pour-combien-de-temps-encore","status":"publish","type":"post","link":"http:\/\/www.affinite.fr\/index.php\/2020\/04\/14\/le-marche-du-pc-se-porte-bien-mais-pour-combien-de-temps-encore\/","title":{"rendered":"le march\u00e9 du PC se porte bien&#8230; mais pour combien de temps encore ?"},"content":{"rendered":"<p> [ad_1]<br \/>\n<br \/><img decoding=\"async\" src=\"https:\/\/img.bfmtv.com\/i\/0\/0\/1f9\/f587fd8f4c1fe7eb7e3efe9fd3f09.jpg\" \/><\/p>\n<div itemprop=\"articleBody\">\n<p>Nos futurs ordinateurs\u00a0victimes du COVID-19 ? Avec la fermeture des usines en Chine et la paralysie partielle des syst\u00e8mes de transport et d&rsquo;acheminement sur toute la plan\u00e8te, le march\u00e9 du PC voit <strong>ses chiffres d&rsquo;exp\u00e9dition en forte baisse<\/strong>. C&rsquo;est m\u00eame la plus faible valeur enregistr\u00e9e ces 4 derni\u00e8res ann\u00e9es : -8% (contre -12% en 2016) selon le cabinet d&rsquo;experts Canalys. Et ce, alors que le march\u00e9 du <a href=\"https:\/\/www.01net.com\/actualites\/bonne-nouvelle-le-marche-du-pc-renoue-avec-la-croissance-en-2019-1840568.html\" target=\"_blank\" rel=\"noopener noreferrer\">PC renouait avec la croissance<\/a> l&rsquo;ann\u00e9e derni\u00e8re et que les perspectives \u00e9taient bonnes pour le cru 2020.<\/p>\n<p>Les principaux constructeurs impact\u00e9s sont <strong>Apple<\/strong> tout d&rsquo;abord avec des livraisons en recul de <strong>-21%<\/strong> par rapport au d\u00e9but de l&rsquo;ann\u00e9e 2019, puis viennent ensuite <strong>HP<\/strong> et <strong>Acer<\/strong> avec <strong>-13,8<\/strong> et <strong>-12,6%<\/strong>.\u00a0<strong>Lenovo<\/strong> <a href=\"http:\/\/www.affinite.fr\/index.php\/2022\/10\/22\/la-creme-glacee-la-nouvelle-culture-commerciale\/\">ferme<\/a> la marche avec <strong>-4,4%<\/strong>. Seul <strong>Dell<\/strong> s&rsquo;en sort bien puisqu&rsquo;il voit ses exp\u00e9ditions et approvisionnements en hausse de <strong>+1,1%<\/strong>.<\/p>\n<blockquote>\n<p><strong>\u00c0 lire aussi &#8211; <\/strong><a href=\"https:\/\/www.01net.com\/tests\/test-du-macbook-air-2020-l-ultraportable-d-apple-retrouve-enfin-de-sa-superbe-6435.html\" target=\"_blank\" rel=\"noopener noreferrer\">Test du MacBook Air 2020 : l&rsquo;ultraportable d\u2019Apple retrouve enfin de sa superbe<\/a><\/p>\n<\/blockquote>\n<h3 style=\"color:#333; font-family:arial,helvetica,sans-serif; font-size:23px; font-weight:700\">Le COVID booste les ventes, la r\u00e9cession les ralentira<\/h3>\n<p>Malgr\u00e9 ce net recul des exp\u00e9ditions, il y a encore des stocks dans tous les entrep\u00f4ts des enseignes, aucune crainte de p\u00e9nurie (de PC ou de Mac) n&rsquo;est pour le moment envisag\u00e9e. Ni de composants. Pas la peine de faire des provisions de m\u00e9moire vive et de disques durs. Au contraire. La Chine reprend ses activit\u00e9s progressivement depuis quelques jours et donc les lignes d&rsquo;assemblages recommencent \u00e0 tourner.<br \/>Les livraisons devraient donc \u00e0 nouveau se fluidifier, progressivement, sauf si le COVID-19 frappe \u00e0 nouveau la \u00ab <em>plus grande usine du monde<\/em> \u00bb. Les machines annonc\u00e9es pour le printemps arriveront donc entre fin mai et juin. Celles de cet \u00e9t\u00e9, plus pour la rentr\u00e9e voire le mois d&rsquo;octobre.<\/p>\n<blockquote>\n<p><strong>\u00c0 lire aussi :<\/strong> <a href=\"https:\/\/www.01net.com\/actualites\/cinq-pc-ultraportables-a-moins-de-900-euros-pour-travailler-et-se-distraire-pendant-le-confinement-1881442.html\" target=\"_blank\" rel=\"noopener noreferrer\">Cinq PC ultraportables \u00e0 moins de 900 euros pour travailler et se distraire pendant le confinement<\/a><\/p>\n<\/blockquote>\n<aside class=\"bg-color-0 padding-inside-all-s bloc border-s\">\n<h4 class=\"box-txt-normal\">\n<p><strong>\u00c0 d\u00e9couvrir aussi en vid\u00e9o :<\/strong><\/p>\n<\/h4>\n<\/aside>\n<p>Et si la tendance est \u00e0 l&rsquo;\u00e9quipement en cette p\u00e9riode de confinement plan\u00e9taire, le cabinet d&rsquo;analyse Canalys pr\u00e9voit assez logiquement un ralentissement net des ventes sur la seconde moiti\u00e9 de l&rsquo;ann\u00e9e, m\u00eame \u00e0 la p\u00e9riode de la rentr\u00e9e des classes, pourtant l&rsquo;un des pics d&rsquo;activit\u00e9 sur le march\u00e9 PC.<\/p>\n<p>Deux raisons \u00e0 cela : la premi\u00e8re, les utilisateurs ont \u00e9t\u00e9 oblig\u00e9s de se r\u00e9\u00e9quiper plus t\u00f4t que pr\u00e9vu \u00e0 cause du confinement, afin d&rsquo;occuper les enfants, <a href=\"https:\/\/www.01net.com\/actualites\/coronavirus-chronique-d-une-premiere-semaine-mouvementee-d-ecole-a-distance-1878275.html\" target=\"_blank\" rel=\"noopener noreferrer\">leur faire faire leurs devoirs\u00a0\u00e0 distance<\/a>, <a href=\"https:\/\/www.01net.com\/actualites\/nos-astuces-pour-teletravailler-dans-les-meilleures-conditions-1875867.html\" target=\"_blank\" rel=\"noopener noreferrer\">de pouvoir t\u00e9l\u00e9travailler dans de bonnes conditions<\/a>, etc. Ils ne risquent donc pas de refaire une acquisition \u00e0 la rentr\u00e9e des classes 2020-21.<\/p>\n<blockquote>\n<p><strong>\u00c0 lire aussi :<\/strong><a href=\"https:\/\/www.01net.com\/astuces\/tous-les-bons-outils-pour-vous-faciliter-le-teletravail-1875899.html\" target=\"_blank\" rel=\"noopener noreferrer\"> Tous les bons outils pour vous faciliter le t\u00e9l\u00e9travail<\/a><\/p>\n<\/blockquote>\n<p>Seconde raison, la r\u00e9cession pointe le bout de son nez. Les utilisateurs vont donc r\u00e9server leurs d\u00e9penses aux biens essentiels. Ils vont faire plus attention \u00e0 leur budget et risquent donc de ne pas mettre le PC dans leur liste de courses prioritaires. Les achats impulsifs seront moins nombreux et c&rsquo;est surement sur les machines d&rsquo;entr\u00e9e et milieu de gamme polyvalentes que les futurs choix se porteront. Les PC qui garnissent le haut du panier seront encore moins pl\u00e9biscit\u00e9s qu&rsquo;\u00e0 l&rsquo;accoutum\u00e9e.<\/p>\n<p>Reste \u00e0 savoir si les marques maintiendront donc leur planning initial de lancement ou si elles ne d\u00e9cideront pas de ventiler un peu plus les arriv\u00e9es <a href=\"https:\/\/www.01net.com\/actualites\/asus-degaine-le-zephyrus-duo-15-son-premier-pc-portable-gamer-a-double-ecran-1883652.html\" target=\"_blank\" rel=\"noopener noreferrer\">des fers de lance<\/a>, produits en plus petites quantit\u00e9s, pour \u00e9viter de produire des machines qui ne se vendront que peu&#8230; ou pas du tout.<\/p>\n<p><strong>Source <\/strong>: <a href=\"https:\/\/www.canalys.com\/newsroom\/global-pc-market-Q12020-COVID19?ctid=1388-83b23af6af017733309d88a840e5555a\" target=\"_blank\" rel=\"noopener noreferrer\">Canalys<\/a><\/p>\n<\/p><\/div>\n<p><script>\n         !function(f,b,e,v,n,t,s){if(f.fbq)return;n=f.fbq=function()\n         {n.callMethod? n.callMethod.apply(n,arguments):n.queue.push(arguments)}\n         ;if(!f._fbq)f._fbq=n;\n             n.push=n;n.loaded=!0;n.version='2.0';n.queue=[];t=b.createElement(e);t.async=!0;\n             t.src=v;s=b.getElementsByTagName(e)[0];s.parentNode.insertBefore(t,s)}(window,\n                 document,'script','https:\/\/connect.facebook.net\/en_US\/fbevents.js');\n         fbq('init', '1065890633454496');\n         fbq('track', 'PageView');\n     <\/script><br \/>\n<br \/>[ad_2]<br \/>\n<br \/><a href=\"https:\/\/www.01net.com\/actualites\/coronavirus-le-marche-du-pc-se-porte-bien-mais-pour-combien-de-temps-encore-1892900.html\">Source link <\/a><\/p>\n","protected":false},"excerpt":{"rendered":"<p>[ad_1] Nos futurs ordinateurs\u00a0victimes du COVID-19 ? Avec la fermeture des usines en Chine et la paralysie partielle des syst\u00e8mes &hellip; <a href=\"http:\/\/www.affinite.fr\/index.php\/2020\/04\/14\/le-marche-du-pc-se-porte-bien-mais-pour-combien-de-temps-encore\/\" class=\"more-link\">Plus <span class=\"screen-reader-text\">le march\u00e9 du PC se porte bien&#8230; mais pour combien de temps encore ?<\/span> <span class=\"meta-nav\">&rarr;<\/span><\/a><\/p>\n","protected":false},"author":1,"featured_media":1852,"comment_status":"open","ping_status":"open","sticky":false,"template":"","format":"standard","meta":{"_sitemap_exclude":false,"_sitemap_priority":"","_sitemap_frequency":"","footnotes":""},"categories":[1],"tags":[],"class_list":["post-1851","post","type-post","status-publish","format-standard","has-post-thumbnail","hentry","category-tous"],"_links":{"self":[{"href":"http:\/\/www.affinite.fr\/index.php\/wp-json\/wp\/v2\/posts\/1851"}],"collection":[{"href":"http:\/\/www.affinite.fr\/index.php\/wp-json\/wp\/v2\/posts"}],"about":[{"href":"http:\/\/www.affinite.fr\/index.php\/wp-json\/wp\/v2\/types\/post"}],"author":[{"embeddable":true,"href":"http:\/\/www.affinite.fr\/index.php\/wp-json\/wp\/v2\/users\/1"}],"replies":[{"embeddable":true,"href":"http:\/\/www.affinite.fr\/index.php\/wp-json\/wp\/v2\/comments?post=1851"}],"version-history":[{"count":0,"href":"http:\/\/www.affinite.fr\/index.php\/wp-json\/wp\/v2\/posts\/1851\/revisions"}],"wp:featuredmedia":[{"embeddable":true,"href":"http:\/\/www.affinite.fr\/index.php\/wp-json\/wp\/v2\/media\/1852"}],"wp:attachment":[{"href":"http:\/\/www.affinite.fr\/index.php\/wp-json\/wp\/v2\/media?parent=1851"}],"wp:term":[{"taxonomy":"category","embeddable":true,"href":"http:\/\/www.affinite.fr\/index.php\/wp-json\/wp\/v2\/categories?post=1851"},{"taxonomy":"post_tag","embeddable":true,"href":"http:\/\/www.affinite.fr\/index.php\/wp-json\/wp\/v2\/tags?post=1851"}],"curies":[{"name":"wp","href":"https:\/\/api.w.org\/{rel}","templated":true}]}}