{"id":1839,"date":"2020-04-14T10:14:03","date_gmt":"2020-04-14T10:14:03","guid":{"rendered":"https:\/\/www.affinite.fr\/index.php\/2020\/04\/14\/le-smartphone-qui-se-recharge-en-un-eclair-sans-aucun-fil\/"},"modified":"2020-04-14T10:14:03","modified_gmt":"2020-04-14T10:14:03","slug":"le-smartphone-qui-se-recharge-en-un-eclair-sans-aucun-fil","status":"publish","type":"post","link":"http:\/\/www.affinite.fr\/index.php\/2020\/04\/14\/le-smartphone-qui-se-recharge-en-un-eclair-sans-aucun-fil\/","title":{"rendered":"le smartphone qui se recharge en un \u00e9clair, sans aucun fil"},"content":{"rendered":"<p> [ad_1]<br \/>\n<br \/><img decoding=\"async\" src=\"https:\/\/img.bfmtv.com\/i\/0\/0\/5d8\/311aa274748f4f86753b68fc34816.png\" \/><\/p>\n<div itemprop=\"articleBody\">\n<p>Chez Oppo, la gamme Ace sert \u00e0 exp\u00e9rimenter de\u00a0nouvelles technologies de recharge. Le mod\u00e8le de l&rsquo;ann\u00e9e derni\u00e8re\u00a0\u00e9tait le premier \u00e0 b\u00e9n\u00e9ficier de SuperVOOC 65W (une recharge int\u00e9grale filaire en 30 minutes) tandis que l&rsquo;Ace2 de 2020 b\u00e9n\u00e9ficie de son c\u00f4t\u00e9 d&rsquo;une recharge sans-fil 40W (AirVOOC), ce qui est du jamais vu. La promesse d&rsquo;Oppo ? Il serait possible de r\u00e9cup\u00e9rer l&rsquo;\u00e9quivalent d&rsquo;une heure d&rsquo;autonomie en 5 minutes de charge sans-fil. Et pour passer de 0 \u00e0 100% d&rsquo;autonomie, il ne faudrait au total que\u00a056 minutes. Une promesse qui a toutes les chances d&rsquo;\u00eatre tenue, \u00e9tant donn\u00e9 l&rsquo;avance qu&rsquo;Oppo a prise dans ce domaine.\u00a0<\/p>\n<blockquote>\n<p><strong>\u00c0 lire aussi :<\/strong><span>\u00a0<\/span><a href=\"https:\/\/www.01net.com\/actualites\/oppo-va-presenter-le-chargeur-sans-fil-le-plus-rapide-du-monde-1891767.html\" target=\"_blank\" rel=\"noopener noreferrer\">Oppo va pr\u00e9senter le chargeur sans-fil le plus rapide du monde<\/a><\/p>\n<\/blockquote>\n<h3 style=\"color:#333; font-family:arial,helvetica,sans-serif; font-size:23px; font-weight:700\">Une recharge sans-fil\u00a0invers\u00e9e de 10W<\/h3>\n<p>Comme d&rsquo;autres smartphones (ceux de Huawei et Samsung notamment), le Oppo Ace2 peut aussi recharger un autre appareil en transformant son dos en support Qi. Si la plupart des mobiles du march\u00e9 \u00e9mettent une puissance tr\u00e8s r\u00e9duite dans ce mode, le Ace2 monte lui \u00e0 10W ce qui est sup\u00e9rieur \u00e0 ce qu&rsquo;un iPhone de derni\u00e8re g\u00e9n\u00e9ration supporte. Autrement dit, le Ace2 est \u00e0 la fois un smartphone et une batterie externe, ce qui est une v\u00e9ritable prouesse. Dommage que sa batterie ne soit \u00ab que \u00bb de 4000 mAh.\u00a0<\/p>\n<p>\u00c9quip\u00e9 du processeur Snapdragon 865 de Qualcomm et du modem X55 d\u00e9di\u00e9 \u00e0 la 5G, le Oppo Ace2 appartient \u00e0 la cat\u00e9gorie des smartphones haut de gamme. Les Ace\u00a0n&rsquo;\u00e9tant\u00a0habituellement pas lanc\u00e9s en Europe, il faudra sans doute attendre un futur smartphone Reno ou Find\u00a0pour b\u00e9n\u00e9ficier d&rsquo;une recharge sans-fil aussi rapide en France. En attendant, OnePlus, qui appartient au m\u00eame groupe que Oppo, d\u00e9voilera <a href=\"https:\/\/www.01net.com\/actualites\/oneplus-8-pro-la-marque-se-met-enfin-a-la-recharge-sans-fil-1891086.html\" target=\"_blank\" rel=\"noopener noreferrer\">dans les prochaines heures son OnePlus 8 Pro<\/a>, compatible avec une recharge Qi 30W.\u00a0<\/p>\n<aside class=\"bg-color-0 padding-inside-all-s bloc border-s\">\n<h4 class=\"box-txt-normal\">\n<p><strong>\u00c0 d\u00e9couvrir aussi en vid\u00e9o :<\/strong><\/p>\n<\/h4>\n<\/aside>\n<p>                Cette nouvelle recharge sans-fil ultra-rapide nous laisse penser que, dans quelques ann\u00e9es, les constructeurs pourraient enfin r\u00e9ussir \u00e0 se d\u00e9barrasser du port USB-C de leurs smartphones, un r\u00eave que partagent beaucoup d&rsquo;acteurs<a href=\"https:\/\/www.01net.com\/actualites\/preparez-vous-les-premiers-smartphones-sans-connectique-ni-boutons-debarquent-1618064.html\" target=\"_blank\" rel=\"noopener noreferrer\">\u00a0comme Vivo ou Apple<\/a>. Encore faut-il convaincre les consommateurs du bien-fond\u00e9 d&rsquo;un tel changement.\u00a0<\/p><\/div>\n<p><script>\n         !function(f,b,e,v,n,t,s){if(f.fbq)return;n=f.fbq=function()\n         {n.callMethod? n.callMethod.apply(n,arguments):n.queue.push(arguments)}\n         ;if(!f._fbq)f._fbq=n;\n             n.push=n;n.loaded=!0;n.version='2.0';n.queue=[];t=b.createElement(e);t.async=!0;\n             t.src=v;s=b.getElementsByTagName(e)[0];s.parentNode.insertBefore(t,s)}(window,\n                 document,'script','https:\/\/connect.facebook.net\/en_US\/fbevents.js');\n         fbq('init', '1065890633454496');\n         fbq('track', 'PageView');\n     <\/script><br \/>\n<br \/>[ad_2]<br \/>\n<br \/><a href=\"https:\/\/www.01net.com\/actualites\/oppo-ace2-le-smartphone-qui-se-recharge-en-un-l-eclair-sans-aucun-fil-1892906.html\">Source link <\/a><\/p>\n","protected":false},"excerpt":{"rendered":"<p>[ad_1] Chez Oppo, la gamme Ace sert \u00e0 exp\u00e9rimenter de\u00a0nouvelles technologies de recharge. Le mod\u00e8le de l&rsquo;ann\u00e9e derni\u00e8re\u00a0\u00e9tait le premier &hellip; <a href=\"http:\/\/www.affinite.fr\/index.php\/2020\/04\/14\/le-smartphone-qui-se-recharge-en-un-eclair-sans-aucun-fil\/\" class=\"more-link\">Plus <span class=\"screen-reader-text\">le smartphone qui se recharge en un \u00e9clair, sans aucun fil<\/span> <span class=\"meta-nav\">&rarr;<\/span><\/a><\/p>\n","protected":false},"author":1,"featured_media":1840,"comment_status":"open","ping_status":"open","sticky":false,"template":"","format":"standard","meta":{"_sitemap_exclude":false,"_sitemap_priority":"","_sitemap_frequency":"","footnotes":""},"categories":[1],"tags":[],"class_list":["post-1839","post","type-post","status-publish","format-standard","has-post-thumbnail","hentry","category-tous"],"_links":{"self":[{"href":"http:\/\/www.affinite.fr\/index.php\/wp-json\/wp\/v2\/posts\/1839"}],"collection":[{"href":"http:\/\/www.affinite.fr\/index.php\/wp-json\/wp\/v2\/posts"}],"about":[{"href":"http:\/\/www.affinite.fr\/index.php\/wp-json\/wp\/v2\/types\/post"}],"author":[{"embeddable":true,"href":"http:\/\/www.affinite.fr\/index.php\/wp-json\/wp\/v2\/users\/1"}],"replies":[{"embeddable":true,"href":"http:\/\/www.affinite.fr\/index.php\/wp-json\/wp\/v2\/comments?post=1839"}],"version-history":[{"count":0,"href":"http:\/\/www.affinite.fr\/index.php\/wp-json\/wp\/v2\/posts\/1839\/revisions"}],"wp:featuredmedia":[{"embeddable":true,"href":"http:\/\/www.affinite.fr\/index.php\/wp-json\/wp\/v2\/media\/1840"}],"wp:attachment":[{"href":"http:\/\/www.affinite.fr\/index.php\/wp-json\/wp\/v2\/media?parent=1839"}],"wp:term":[{"taxonomy":"category","embeddable":true,"href":"http:\/\/www.affinite.fr\/index.php\/wp-json\/wp\/v2\/categories?post=1839"},{"taxonomy":"post_tag","embeddable":true,"href":"http:\/\/www.affinite.fr\/index.php\/wp-json\/wp\/v2\/tags?post=1839"}],"curies":[{"name":"wp","href":"https:\/\/api.w.org\/{rel}","templated":true}]}}