{"id":1825,"date":"2020-04-13T11:44:59","date_gmt":"2020-04-13T11:44:59","guid":{"rendered":"https:\/\/www.affinite.fr\/index.php\/2020\/04\/13\/date-du-retour-a-lecole-confinement-prolonge-jusqua-mi-mai\/"},"modified":"2020-04-13T11:44:59","modified_gmt":"2020-04-13T11:44:59","slug":"date-du-retour-a-lecole-confinement-prolonge-jusqua-mi-mai","status":"publish","type":"post","link":"http:\/\/www.affinite.fr\/index.php\/2020\/04\/13\/date-du-retour-a-lecole-confinement-prolonge-jusqua-mi-mai\/","title":{"rendered":"Date du retour \u00e0 l&rsquo;\u00e9cole, confinement prolong\u00e9 jusqu&rsquo;\u00e0 mi-mai\u00a0?"},"content":{"rendered":"<p> [ad_1]<br \/>\n<br \/><img decoding=\"async\" src=\"https:\/\/img-3.journaldesfemmes.fr\/MqGeGozx9UidJv1nq98dXxPn3e4=\/1280x\/smart\/8388768d349d4e378198ea699ee01e5c\/ccmcms-jdf\/14916249.jpg\" \/><\/p>\n<p>\n                Le confinement pourrait \u00eatre prolong\u00e9 au-del\u00e0 du 10\u00a0mai selon plusieurs sources proches d&rsquo;Emmanuel Macron. Le Pr\u00e9sident doit pr\u00e9ciser, ce soir \u00e0 20h, la dur\u00e9e du confinement et la date de r\u00e9ouverture des \u00e9coles. Les cours pourraient reprendre plus tard que pr\u00e9vu, de pr\u00e9f\u00e9rence \u00ab\u00a0courant mai\u00a0\u00bb. Plusieurs sc\u00e9narios sont \u00e9voqu\u00e9s, y compris la rentr\u00e9e de septembre. Le point sur les derni\u00e8res annonces.            <\/p>\n<div>\n<aside class=\"ccmsummary marqueur_module ccmcss_cms_summary ccmcss_cms_summary--right\">\n<p>Sommaire<\/p>\n<\/aside>\n<p><strong>[Mis \u00e0 jour le 13\u00a0avril \u00e0 13h00].<\/strong>\u00a0<strong>La dur\u00e9e du confinement va \u00eatre prolong\u00e9e au-del\u00e0 du 15 avril, <\/strong>a annonc\u00e9 l&rsquo;Elys\u00e9e.\u00a0Selon plusieurs sources proches du gouvernement,<strong> le confinement pourrait \u00eatre prolong\u00e9 au-del\u00e0 du 10\u00a0mai,\u00a0\u00bbpeut-\u00eatre jusqu&rsquo;\u00e0 la fin mai, au moins jusqu&rsquo;au 15&Prime;,<\/strong> et s\u00fbrement apr\u00e8s le pont du 8-10\u00a0mai, selon le Journal du Dimanche, afin de\u00a0limiter les d\u00e9placements, notamment \u00e0 l&rsquo;approche des beaux jours et des ponts de mai, qui risqueraient de favoriser la diffusion du virus. <strong><a href=\"https:\/\/www.journaldesfemmes.fr\/societe\/actu\/2626059-confinement-prolonge-duree-ecole-vacances-ce-que-va-dire-macron-deconfinement\/\" target=\"_blank\" rel=\"noopener noreferrer\">Emmanuel Macron doit s&rsquo;adresser aux Fran\u00e7ais<\/a> ce lundi soir \u00e0 20h<\/strong> pour pr\u00e9ciser jusqu&rsquo;\u00e0 quelle date les Fran\u00e7ais devront rester chez eux. Il pr\u00e9sentera ses d\u00e9cisions concernant la<strong> lutte contre l&rsquo;\u00e9pid\u00e9mie de <a href=\"https:\/\/sante.journaldesfemmes.fr\/maladies\/2619933-covid-19-origine-que-signifie-rechute-symptome-maladie-contagion\/\" title=\"Covid 19\">Covid-19<\/a><\/strong>\u00a0durant les prochaines semaines et abordera notamment le <strong>calendrier scolaire<\/strong>&#8230; En ce qui concerne les \u00e9coles,<strong> la date de rentr\u00e9e <\/strong>reste encore floue. Jean-Michel Blanquer esp\u00e8re un<strong> retour \u00e0 l&rsquo;\u00e9cole au courant du mois de mai, ou \u00ab\u00a0avant les vacances d&rsquo;\u00e9t\u00e9<\/strong>\u00ab\u00a0. Une chose est s\u00fbre, les \u00e9tablissements scolaires n&rsquo;ouvriront pas leurs portes comme pr\u00e9vu\u00a0le 4 mai, et si la rentr\u00e9e de septembre est \u00e9voqu\u00e9e, rien n&rsquo;a encore \u00e9t\u00e9 confirm\u00e9.<\/p>\n<div class=\"ccminsert\">\n<blockquote class=\"twitter-tweet\">\n<p dir=\"ltr\" lang=\"fr\">Emmanuel Macron envisage une prolongation du confinement au-del\u00e0 du 10 mai, selon plusieurs sources dans son entourage aujourdhui, alors que le chef de l&rsquo;Etat continue \u00e0 consulter tous azimuts en vue de son allocution demain soir <a href=\"https:\/\/twitter.com\/hashtag\/AFP?src=hash&amp;ref_src=twsrc%5Etfw\">#AFP<\/a> <a href=\"https:\/\/t.co\/PAQYa61ODK\">pic.twitter.com\/PAQYa61ODK<\/a><\/p>\n<p>\u2014 Agence France-Presse (@afpfr) <a href=\"https:\/\/twitter.com\/afpfr\/status\/1249333172858486785?ref_src=twsrc%5Etfw\">April 12, 2020<\/a><\/p><\/blockquote>\n<\/div>\n<h3>Les recommandations scientifiques sur la dur\u00e9e du confinement<\/h3>\n<p>Depuis le d\u00e9but de l&rsquo;\u00e9pid\u00e9mie, le gouvernement s&rsquo;appuie\u00a0sur les recommandations du comit\u00e9 scientifique qui avait estim\u00e9, le\u00a024\u00a0mars, que\u00a0la <strong>dur\u00e9e du confinement<\/strong> en France devait durer \u00ab\u00a0<strong>au moins six semaines \u00e0 compter de sa mise en place<\/strong>\u00a0\u00bb le 17\u00a0mars&#8230;\u00a0C&rsquo;est \u00e0 dire <strong>jusqu&rsquo;\u00e0\u00a0d\u00e9but mai<\/strong>.<em>\u00ab\u00a0Le confinement va durer encore quelques semaines\u00a0\u00bb, <\/em>probablement <em>\u00ab\u00a0jusqu&rsquo;au d\u00e9but du moi de mai\u00a0\u00bb, <\/em>a d\u00e9clar\u00e9 sur RMC<em>\u00a0<\/em>Jean-Fran\u00e7ois Delfraissy, pr\u00e9sident du Comit\u00e9 scientifique.\u00a0Selon l&rsquo;<strong>agence sanitaire Sant\u00e9 publique France,<\/strong>\u00a0\u00ab\u00a0<strong>il faudrait\u00a0\u00ab\u00a0entre 2\u00a0et 4\u00a0semaines\u00a0\u00bb de confinement avant de pouvoir observer un changement <\/strong>en ce qui concerne la dynamique de l&rsquo;\u00e9pid\u00e9mie de Covid-19. En se basant sur \u00ab\u00a0<em>les exp\u00e9riences des autres pays qui ont connu l&rsquo;\u00e9pid\u00e9mie avant nous et mis en place des mesures extr\u00eamement strictes,<strong> on voit que la dynamique se d\u00e9roule sur 2\u00a0\u00e0 3\u00a0mois en g\u00e9n\u00e9ral, une inversion du pic intervient entre le premier et le deuxi\u00e8me mois<\/strong>\u00a0\u00bb\u00a0<\/em>a d\u00e9clar\u00e9 sur France Info Genevi\u00e8ve Ch\u00eane, la directrice g\u00e9n\u00e9rale.<\/p>\n<table border=\"1\" cellpadding=\"1\" cellspacing=\"1\" style=\"width:100%;\">\n<tbody>\n<tr>\n<td><em>\u00ab\u00a0Personne ne sait dire aujourd&rsquo;hui pendant combien de temps il faudra aller vers cette r\u00e9duction des contacts sociaux et ces pratiques<\/em>\u00a0\u00bb avait\u00a0d\u00e9clar\u00e9 Emmanuel Macron\u00a0lors d&rsquo;une visite \u00e0 l&rsquo;Institut Pasteur en mars \u00e0 Paris.\u00a0\u00ab\u00a0<em>Est-ce qu&rsquo;il faudra y revenir \u00e0 d&rsquo;autres moments\u00a0? Sans doute parce qu&rsquo;on ne sait pas combien de vagues on aura et comment le virus va se comporter, comment on va l&rsquo;absorber\u00a0\u00bb<\/em> a-t-il pr\u00e9cis\u00e9.\u00a0<\/td>\n<\/tr>\n<\/tbody>\n<\/table>\n<h3><a id=\"reprise-des-cours-mai\" name=\"reprise-des-cours-mai\">Une reprise des cours mi-mai ?<\/a><\/h3>\n<p>Jean-Michel Blanquer avait annonc\u00e9 que le retour en classe aurait lieu\u00a0<strong>apr\u00e8s les derni\u00e8res <a href=\"https:\/\/www.journaldesfemmes.fr\/maman\/guide-sorties-en-famille\/2613047-vacances-de-paques-2020-un-centre-de-loisirs-en-ligne\/\" target=\"_blank\" rel=\"noopener noreferrer\">vacances de printemps<\/a>, le 4\u00a0mai\u00a0\u00bb.<\/strong>\u00a0Mais la <strong>date du retour \u00e0 l&rsquo;\u00e9cole aura lieu plus tard que pr\u00e9vu<\/strong>. D\u00e9sormais, <strong>un retour en classe le 4 mai semble \u00ab\u00a0un peu moins probable aujourd&rsquo;hui\u00a0\u00bb <\/strong>a d\u00e9clar\u00e9 le ministre de l&rsquo;<a href=\"https:\/\/www.journaldesfemmes.fr\/maman\/guide-des-parents\/regles-d-education\/\" title=\"Education\">Education<\/a> sur Brut ce 10 avril.\u00a0\u00ab\u00a0<em>L&rsquo;id\u00e9e de revenir en mai est une id\u00e9e sur la table, toutes les pistes sont envisag\u00e9es, <strong>cela pourrait \u00eatre le 11 ou le 19, ou plus tard<\/strong><\/em>\u00ab\u00a0.\u00a0Invit\u00e9 par Yann Barth\u00e8s dans l&rsquo;\u00e9mission Quotidien le 8 avril, le ministre de l&rsquo;Education nationale avait d\u00e9clar\u00e9 : \u00ab\u00a0<em>je n&rsquo;ai jamais dit que l&rsquo;on rentrerait le 4\u00a0mai de mani\u00e8re certaine, je l&rsquo;avais \u00e9voqu\u00e9 comme un sc\u00e9nario. (&#8230;) Par d\u00e9finition, on ne sait pas aujourd&rsquo;hui exactement le <strong>calendrier de d\u00e9confinement.<\/strong> Ce qui est certain, c&rsquo;est que l&rsquo;une des possibilit\u00e9s, c&rsquo;est le <strong>courant du mois de mai <\/strong>&#8211; \u00e7a peut \u00eatre un peu plus tard<\/em>\u00ab\u00a0. Pour\u00a0Agn\u00e8s Walch Mension-Rigau,\u00a0rectrice de l&rsquo;acad\u00e9mie de Reims,<strong> le retour \u00e0 l&rsquo;\u00e9cole ne pourra pas se faire avant mi-mai<\/strong>. \u00ab\u00a0<em>Il va d&rsquo;abord falloir <strong>d\u00e9sinfecter l&rsquo;ensemble des \u00e9tablissements scolaires<\/strong> ensuite, il faudra faire revenir les professeurs comme dans une pr\u00e9-rentr\u00e9e pour que les chefs d&rsquo;\u00e9tablissements remettent bien leurs troupes en ordre de bataille, voire combien de temps il reste jusqu&rsquo;au 4\u00a0juillet et puis, apr\u00e8s, peut-\u00eatre qu&rsquo;il y aura <strong>une rentr\u00e9e \u00e9chelonn\u00e9e des \u00e9l\u00e8ves<\/strong>. Je pense donc qu&rsquo;apr\u00e8s le retour des vacances, <strong>nous aurons encore au moins une quinzaine de jours d&rsquo;\u00e9cole \u00e0 la maison<\/strong>\u00ab\u00a0<\/em>\u00a0a-t-elle d\u00e9clar\u00e9 le 6\u00a0avril lors d&rsquo;une conf\u00e9rence.<\/p>\n<h3><a name=\"repris-des-cours-avant-l-ete\">Un retour \u00e0 l&rsquo;\u00e9cole\u00a0\u00ab\u00a0avant les vacances d&rsquo;\u00e9t\u00e9\u00a0\u00bb<\/a><\/h3>\n<p>Ce\u00a010 avril, Jean-Michel Blanquer a d\u00e9clar\u00e9 sur France Info qu&rsquo;il esp\u00e9rait un <strong>retour en classe \u00ab\u00a0avant <a href=\"https:\/\/www.journaldesfemmes.fr\/maman\/guide-sorties-en-famille\/2613085-dates-vacances-d-ete-2020\/\" target=\"_blank\" rel=\"noopener noreferrer\">les vacances d&rsquo;\u00e9t\u00e9<\/a><\/strong>\u00a0\u00bb souhaitant par la m\u00eame occasion d\u00e9mentir la rumeur selon laquelle\u00a0les \u00e9l\u00e8ves ne retourneraient pas \u00e0 l&rsquo;\u00e9cole <strong>avant la rentr\u00e9e de septembre<\/strong>.<em>\u00a0\u00ab\u00a0Ce n&rsquo;est qu&rsquo;une rumeur. En r\u00e9alit\u00e9, on ne peut pas le dire. Ce que j&rsquo;esp\u00e8re, c&rsquo;est que cela se passe le plus t\u00f4t possible et qu&rsquo;il y ait <strong>classe avant l&rsquo;\u00e9t\u00e9.<\/strong> On travaille beaucoup sur ce sc\u00e9nario-l\u00e0\u00a0\u00bb<\/em>.\u00a0<\/p>\n<h3><a id=\"retour-ecole-septembre-coronavirus\" name=\"retour-ecole-septembre-coronavirus\">Une rentr\u00e9e des classes en septembre ?\u00a0<\/a><\/h3>\n<p><em>\u00ab\u00a0Il est vrai qu&rsquo;un des sc\u00e9narios les plus n\u00e9gatifs est de rester confin\u00e9s jusqu&rsquo;\u00e0 la fin de l&rsquo;ann\u00e9e scolaire, mais ce n&rsquo;est pas l&rsquo;hypoth\u00e8se la plus probable<\/em>\u00a0\u00bb tente de rassurer le ministre de l&rsquo;Education nationale. \u00ab\u00a0<em>Je ne dis pas que \u00e7a ne va pas arriver, je dis que ce n&rsquo;est pas le sc\u00e9nario principal aujourd&rsquo;hui\u00a0\u00bb, <\/em>a-t-il ajout\u00e9 sur Brut.\u00a0Rappelons que le d\u00e9confinement doit se faire de mani\u00e8re progressive.\u00a0Aussi, \u00ab\u00a0<strong><em>le retour \u00e0 la normale ne sera pas imm\u00e9diat. Pas question par exemple de rouvrir aussit\u00f4t commerces et \u00e9coles, mais une r\u00e9ouverture des \u00e9coles seulement en septembre n&rsquo;est pas d\u00e9cid\u00e9e<\/em><\/strong>\u00ab\u00a0, pr\u00e9cise l&rsquo;AFP. Selon le Journal du Dimanche, \u00ab\u00a0<em>il n&rsquo;y aura vraisemblablement pas de <a href=\"https:\/\/www.journaldesfemmes.fr\/maman\/guide-des-parents\/2547720-rentree-scolaire-2020\/\" title=\"Rentr\u00e9e scolaire 2020\">rentr\u00e9e des classes<\/a> avant l&rsquo;\u00e9t\u00e9 (&#8230;) \u00a0Le plus probable est un report g\u00e9n\u00e9ralis\u00e9 \u00e0 la fin de l&rsquo;\u00e9t\u00e9\u00a0\u00bb, des petites classes jusqu&rsquo;aux universit\u00e9s \u2013 d&rsquo;autant que l&rsquo;annulation des \u00e9preuves du bac est d\u00e9j\u00e0 act\u00e9e\u00a0\u00bb.<\/em>\u00a0A noter qu&rsquo;<strong>au Portugal, les \u00e9l\u00e8ves ne reprendront pas les cours avant la fin de l&rsquo;ann\u00e9e scolaire<\/strong>, except\u00e9 pour certains cours du secondaire.\u00a0Le\u00a0Premier ministre Antonio Costa a annonc\u00e9 le 9\u00a0avril que les \u00e9l\u00e8ves devront continuer \u00e0 suivre les cours \u00e0 la maison jusqu&rsquo;\u00e0 la rentr\u00e9e de septembre 2020.\u00a0<\/p>\n<p>\u00ab\u00a0<em><strong>Le retour en classe peut \u00eatre plus tardif que le mois de mai, il peut \u00eatre aussi plus progressif,<\/strong> de mani\u00e8re diff\u00e9renci\u00e9e par exemple, en fonction des r\u00e9gions\u00a0\u00bb<\/em>, a d\u00e9clar\u00e9 Jean-Michel Blanquer le 3 avril.\u00a0Sur Brut, le ministre de l&rsquo;Education a \u00e9galement \u00e9voqu\u00e9 la <strong>possibilit\u00e9 de s\u00e9parer les \u00e9l\u00e8ves au sein d&rsquo;une m\u00eame classe<\/strong> afin de pouvoir respecter les mesures de distanciation.\u00a0\u00ab\u00a0<em>Une partie des \u00e9l\u00e8ves qui seront l\u00e0 le matin, et l&rsquo;autre l&rsquo;apr\u00e8s-midi\u00a0\u00bb<\/em> peut \u00eatre une solution envisag\u00e9e.<\/p>\n<p>Le\u00a07 avril, l&rsquo;Acad\u00e9mie de m\u00e9decine a recommand\u00e9\u00a0<strong>un d\u00e9confinement par r\u00e9gion<\/strong>.\u00a0La sortie du confinement doit \u00eatre\u00a0<em>\u00ab\u00a0d\u00e9cid\u00e9e sur la base de la r\u00e9gion et non par classe d&rsquo;\u00e2ge (et) que cette sortie ne soit autoris\u00e9e que dans les r\u00e9gions dans lesquelles une d\u00e9croissance nette du nombre des patients Covid-19\u00a0devant \u00eatre hospitalis\u00e9s et un retour des besoins de r\u00e9animation \u00e0 l&rsquo;\u00e9tat pr\u00e9-\u00e9pid\u00e9mique sont observ\u00e9s\u00a0\u00bb. <\/em>Elle pr\u00e9conise \u00e9galement<em>\u00a0\u00ab\u00a0le maintien de l&rsquo;interdiction des rassemblements (sauf cas exceptionnels&#8230;), le maintien des mesures barri\u00e8res sanitaires, mais aussi leur <strong>renforcement par le port obligatoire d&rsquo;un masque grand public <\/strong>anti-projection, f\u00fbt-il de fabrication artisanale, dans l&rsquo;espace public\u00a0\u00bb. <\/em>Enfin, en ce qui concerne les tests, l&rsquo;Acad\u00e9mie de m\u00e9decine pr\u00e9conise de se fier davantage aux <strong>\u00e9tudes de s\u00e9rologie<\/strong> permettant de d\u00e9terminer si un patient est atteint du Covid-19 plut\u00f4t qu&rsquo;aux<strong> tests biologiques individuels<\/strong>.<\/p>\n<aside id=\"NL_1381149469\" class=\"newsletter_subscription jNlBlock\"><noscript><br \/>\n            <\/noscript><\/p>\n<h3 class=\"newsletter_subscription-title\">Newsletter <\/h3>\n<p><a href=\"\/\/mailing.ccmbg.com\/archive\/last-85\" target=\"_blank\" class=\"a_hover\" rel=\"noopener noreferrer\">Voir un exemple<\/a><\/p>\n<\/aside>\n<p><span style=\"font-size: 1rem;\">Voir aussi nos derni\u00e8res informations sant\u00e9\u00a0en direct concernant l&rsquo;<\/span><strong style=\"font-size: 1rem;\"><a href=\"https:\/\/sante.journaldesfemmes.fr\/maladies\/2605417-coronavirus-france-mort-region-nombre-de-cas-italie-fin-du-confinement-courbe-bilan-monde-avril-2020\/\" target=\"_blank\" rel=\"noopener noreferrer\">\u00e9pid\u00e9mie de Coronavirus en France<\/a><\/strong><\/p>\n<div class=\"ccminsert\">\n<aside class=\"app_widget_fo app_widget_fo--list\">\n<ul>\n<li>\n<h3>\n                    <a href=\"https:\/\/sante.journaldesfemmes.fr\/maladies\/2605417-coronavirus-france-carte-point-de-situation-confinement-dernier-bilan-nombre-de-cas-mort\/\" class=\"jGTMWidgetGAEventClick\" data-gtmwidgetgaeventaction=\"clickWidgetList\" data-gtmwidgetgaeventlabel=\"Coronavirus\u00a0: carte en France, bilan des d\u00e9c\u00e8s, point de situation\"><br \/>\n                        Coronavirus\u00a0: carte en France, bilan des d\u00e9c\u00e8s, point de situation<br \/>\n                    <\/a><br \/>\n                <\/h3>\n<\/li>\n<li>\n<h3>\n                    <a href=\"https:\/\/sante.journaldesfemmes.fr\/fiches-maladies\/2629823-resultat-confinement-duree-coronavirus-mesure-indicateur-r0-immunite-collective\/\" class=\"jGTMWidgetGAEventClick\" data-gtmwidgetgaeventaction=\"clickWidgetList\" data-gtmwidgetgaeventlabel=\"R0, nombre de cas, de morts\u00a0: quels sont les r\u00e9sultats du confinement\u00a0?\"><br \/>\n                        R0, nombre de cas, de morts\u00a0: quels sont les r\u00e9sultats du confinement\u00a0?<br \/>\n                    <\/a><br \/>\n                <\/h3>\n<\/li>\n<li>\n<h3>\n                    <a href=\"https:\/\/www.journaldesfemmes.fr\/people\/magazine\/2625479-coronavirus-contamines-maurice-barrier-pauline-delpech-pierre-menes\/\" class=\"jGTMWidgetGAEventClick\" data-gtmwidgetgaeventaction=\"clickWidgetList\" data-gtmwidgetgaeventlabel=\"Personnalit\u00e9s et coronavirus\u00a0: Pierre M\u00e9n\u00e8s hospitalis\u00e9, Pauline Delpech contamin\u00e9e...\"><br \/>\n                        Personnalit\u00e9s et coronavirus\u00a0: Pierre M\u00e9n\u00e8s hospitalis\u00e9, Pauline Delpech contamin\u00e9e&#8230;<br \/>\n                    <\/a><br \/>\n                <\/h3>\n<\/li>\n<li>\n<h3>\n                    <a href=\"https:\/\/sante.journaldesfemmes.fr\/maladies\/2619933-covid-19-origine-que-signifie-rechute-symptome-maladie-contagion\/\" class=\"jGTMWidgetGAEventClick\" data-gtmwidgetgaeventaction=\"clickWidgetList\" data-gtmwidgetgaeventlabel=\"Covid-19\u00a0: origine, signification, une rechute possible\u00a0?\"><br \/>\n                        Covid-19\u00a0: origine, signification, une rechute possible\u00a0?<br \/>\n                    <\/a><br \/>\n                <\/h3>\n<\/li>\n<li>\n<h3>\n                    <a href=\"https:\/\/sante.journaldesfemmes.fr\/fiches-maladies\/2622115-coronavirus-victime-france-deces-age-femme-homme-jeune-personnes-fragiles-maladies\/\" class=\"jGTMWidgetGAEventClick\" data-gtmwidgetgaeventaction=\"clickWidgetList\" data-gtmwidgetgaeventlabel=\"Victimes du coronavirus\u00a0: \u00e2ge, sexe, maladies, qui en meurt\u00a0en France\u00a0?\"><br \/>\n                        Victimes du coronavirus\u00a0: \u00e2ge, sexe, maladies, qui en meurt\u00a0en France\u00a0?<br \/>\n                    <\/a><br \/>\n                <\/h3>\n<\/li>\n<li>\n<h3>\n                    <a href=\"https:\/\/www.journaldesfemmes.fr\/societe\/actu\/2626059-confinement-prolonge-duree-fin-mai-ecole-ce-que-va-dire-macron-deconfinement\/\" class=\"jGTMWidgetGAEventClick\" data-gtmwidgetgaeventaction=\"clickWidgetList\" data-gtmwidgetgaeventlabel=\"Confinement\u00a0: Dur\u00e9e prolong\u00e9e, reprise de l'\u00e9cole... ce que Macron va dire\"><br \/>\n                        Confinement\u00a0: Dur\u00e9e prolong\u00e9e, reprise de l&rsquo;\u00e9cole&#8230; ce que Macron va dire<br \/>\n                    <\/a><br \/>\n                <\/h3>\n<\/li>\n<li>\n<h3>\n                    <a href=\"https:\/\/www.journaldesfemmes.fr\/people\/magazine\/2630805-brigitte-bardot-fils-soeur-confinement-coronavirus-chinois-connerie-et-macron\/\" class=\"jGTMWidgetGAEventClick\" data-gtmwidgetgaeventaction=\"clickWidgetList\" data-gtmwidgetgaeventlabel=\"Brigitte Bardot fustige &quot;les Chinois&quot;, &quot;la connerie&quot;, &quot;Macron&quot;...\"><br \/>\n                        Brigitte Bardot fustige \u00ab\u00a0les Chinois\u00a0\u00bb, \u00ab\u00a0la connerie\u00a0\u00bb, \u00ab\u00a0Macron\u00a0\u00bb&#8230;<br \/>\n                    <\/a><br \/>\n                <\/h3>\n<\/li>\n<\/ul>\n<\/aside>\n<\/div><\/div>\n<p><script async src=\"http:\/\/platform.twitter.com\/widgets.js\" charset=\"utf-8\"><\/script><br \/>\n<br \/>[ad_2]<br \/>\n<br \/><a href=\"https:\/\/www.journaldesfemmes.fr\/maman\/enfant\/2619747-date-du-retour-a-l-ecole-confinement-prolonge-jusqu-a-mi-mai\/\">Source link <\/a><\/p>\n","protected":false},"excerpt":{"rendered":"<p>[ad_1] Le confinement pourrait \u00eatre prolong\u00e9 au-del\u00e0 du 10\u00a0mai selon plusieurs sources proches d&rsquo;Emmanuel Macron. Le Pr\u00e9sident doit pr\u00e9ciser, ce &hellip; <a href=\"http:\/\/www.affinite.fr\/index.php\/2020\/04\/13\/date-du-retour-a-lecole-confinement-prolonge-jusqua-mi-mai\/\" class=\"more-link\">Plus <span class=\"screen-reader-text\">Date du retour \u00e0 l&rsquo;\u00e9cole, confinement prolong\u00e9 jusqu&rsquo;\u00e0 mi-mai\u00a0?<\/span> <span class=\"meta-nav\">&rarr;<\/span><\/a><\/p>\n","protected":false},"author":1,"featured_media":1826,"comment_status":"open","ping_status":"open","sticky":false,"template":"","format":"standard","meta":{"_sitemap_exclude":false,"_sitemap_priority":"","_sitemap_frequency":"","footnotes":""},"categories":[1],"tags":[],"class_list":["post-1825","post","type-post","status-publish","format-standard","has-post-thumbnail","hentry","category-tous"],"_links":{"self":[{"href":"http:\/\/www.affinite.fr\/index.php\/wp-json\/wp\/v2\/posts\/1825"}],"collection":[{"href":"http:\/\/www.affinite.fr\/index.php\/wp-json\/wp\/v2\/posts"}],"about":[{"href":"http:\/\/www.affinite.fr\/index.php\/wp-json\/wp\/v2\/types\/post"}],"author":[{"embeddable":true,"href":"http:\/\/www.affinite.fr\/index.php\/wp-json\/wp\/v2\/users\/1"}],"replies":[{"embeddable":true,"href":"http:\/\/www.affinite.fr\/index.php\/wp-json\/wp\/v2\/comments?post=1825"}],"version-history":[{"count":0,"href":"http:\/\/www.affinite.fr\/index.php\/wp-json\/wp\/v2\/posts\/1825\/revisions"}],"wp:featuredmedia":[{"embeddable":true,"href":"http:\/\/www.affinite.fr\/index.php\/wp-json\/wp\/v2\/media\/1826"}],"wp:attachment":[{"href":"http:\/\/www.affinite.fr\/index.php\/wp-json\/wp\/v2\/media?parent=1825"}],"wp:term":[{"taxonomy":"category","embeddable":true,"href":"http:\/\/www.affinite.fr\/index.php\/wp-json\/wp\/v2\/categories?post=1825"},{"taxonomy":"post_tag","embeddable":true,"href":"http:\/\/www.affinite.fr\/index.php\/wp-json\/wp\/v2\/tags?post=1825"}],"curies":[{"name":"wp","href":"https:\/\/api.w.org\/{rel}","templated":true}]}}