{"id":1785,"date":"2020-04-10T16:00:52","date_gmt":"2020-04-10T16:00:52","guid":{"rendered":"https:\/\/www.affinite.fr\/index.php\/2020\/04\/10\/android-integre-desormais-un-clavier-braille\/"},"modified":"2020-04-10T16:00:52","modified_gmt":"2020-04-10T16:00:52","slug":"android-integre-desormais-un-clavier-braille","status":"publish","type":"post","link":"http:\/\/www.affinite.fr\/index.php\/2020\/04\/10\/android-integre-desormais-un-clavier-braille\/","title":{"rendered":"Android int\u00e8gre d\u00e9sormais un clavier braille"},"content":{"rendered":"<p> [ad_1]<br \/>\n<br \/><img decoding=\"async\" src=\"https:\/\/img.bfmtv.com\/i\/0\/0\/484\/21297c3d6d79e602a4693793b5eba.jpg\" \/><\/p>\n<div itemprop=\"articleBody\">\n<p>Google am\u00e9liore l\u2019accessibilit\u00e9 de son syst\u00e8me d\u2019exploitation Android en lui int\u00e9grant un clavier braille. Lorsque l\u2019utilisateur malvoyant arrive sur une zone de texte, un arrangement de six touches s\u2019affiche en surimpression et en mode paysage. Elles correspondent aux six points constituant les lettres braille. Selon l\u2019\u00e9diteur, ce clavier \u00e9vite l\u2019usage d\u2019un clavier physique et serait totalement naturel pour toute personne ma\u00eetrisant le braille. Il a d\u2019ailleurs \u00e9t\u00e9 con\u00e7u en collaboration avec des malvoyants et des d\u00e9veloppeurs sp\u00e9cialis\u00e9s.<\/p>\n<aside class=\"bg-color-0 padding-inside-all-s bloc border-s\">\n<h4 class=\"box-txt-normal\">\n<p><b>A d\u00e9couvrir aussi en vid\u00e9o<\/b><\/p>\n<\/h4>\n<\/aside>\n<p>Le g\u00e9ant am\u00e9ricain n\u2019est pas le premier \u00e0 proposer un clavier braille. Le Play Store en compte plusieurs, mais ils ne sont pas forc\u00e9ment bien maintenus et certains sont payants. En int\u00e9grant un tel clavier directement dans le syst\u00e8me, Google compte assurer un meilleur acc\u00e8s \u00e0 ce type d\u2019outil. Pour l\u2019utiliser, il faut au pr\u00e9alable activer TalkBack, un lecteur d\u2019\u00e9cran qui permet de naviguer sur l\u2019interface graphique gr\u00e2ce \u00e0 l\u2019ou\u00efe et au toucher. Pour l\u2019instant, le clavier braille ne supporte que l&rsquo;anglais, mais d\u2019autres langues seront probablement ajout\u00e9es au fur et \u00e0 mesure.<\/p>\n<p><strong>Source<\/strong>: <a href=\"https:\/\/blog.google\/products\/android\/braille-keyboard\" target=\"_blank\" rel=\"noopener noreferrer\">Google<\/a><\/p>\n<\/p><\/div>\n<p><script>\n         !function(f,b,e,v,n,t,s){if(f.fbq)return;n=f.fbq=function()\n         {n.callMethod? n.callMethod.apply(n,arguments):n.queue.push(arguments)}\n         ;if(!f._fbq)f._fbq=n;\n             n.push=n;n.loaded=!0;n.version='2.0';n.queue=[];t=b.createElement(e);t.async=!0;\n             t.src=v;s=b.getElementsByTagName(e)[0];s.parentNode.insertBefore(t,s)}(window,\n                 document,'script','https:\/\/connect.facebook.net\/en_US\/fbevents.js');\n         fbq('init', '1065890633454496');\n         fbq('track', 'PageView');\n     <\/script><br \/>\n<br \/>[ad_2]<br \/>\n<br \/><a href=\"https:\/\/www.01net.com\/actualites\/android-integre-desormais-un-clavier-braille-1892324.html\">Source link <\/a><\/p>\n","protected":false},"excerpt":{"rendered":"<p>[ad_1] Google am\u00e9liore l\u2019accessibilit\u00e9 de son syst\u00e8me d\u2019exploitation Android en lui int\u00e9grant un clavier braille. Lorsque l\u2019utilisateur malvoyant arrive sur &hellip; <a href=\"http:\/\/www.affinite.fr\/index.php\/2020\/04\/10\/android-integre-desormais-un-clavier-braille\/\" class=\"more-link\">Plus <span class=\"screen-reader-text\">Android int\u00e8gre d\u00e9sormais un clavier braille<\/span> <span class=\"meta-nav\">&rarr;<\/span><\/a><\/p>\n","protected":false},"author":1,"featured_media":1786,"comment_status":"open","ping_status":"open","sticky":false,"template":"","format":"standard","meta":{"_sitemap_exclude":false,"_sitemap_priority":"","_sitemap_frequency":"","footnotes":""},"categories":[1],"tags":[],"class_list":["post-1785","post","type-post","status-publish","format-standard","has-post-thumbnail","hentry","category-tous"],"_links":{"self":[{"href":"http:\/\/www.affinite.fr\/index.php\/wp-json\/wp\/v2\/posts\/1785"}],"collection":[{"href":"http:\/\/www.affinite.fr\/index.php\/wp-json\/wp\/v2\/posts"}],"about":[{"href":"http:\/\/www.affinite.fr\/index.php\/wp-json\/wp\/v2\/types\/post"}],"author":[{"embeddable":true,"href":"http:\/\/www.affinite.fr\/index.php\/wp-json\/wp\/v2\/users\/1"}],"replies":[{"embeddable":true,"href":"http:\/\/www.affinite.fr\/index.php\/wp-json\/wp\/v2\/comments?post=1785"}],"version-history":[{"count":0,"href":"http:\/\/www.affinite.fr\/index.php\/wp-json\/wp\/v2\/posts\/1785\/revisions"}],"wp:featuredmedia":[{"embeddable":true,"href":"http:\/\/www.affinite.fr\/index.php\/wp-json\/wp\/v2\/media\/1786"}],"wp:attachment":[{"href":"http:\/\/www.affinite.fr\/index.php\/wp-json\/wp\/v2\/media?parent=1785"}],"wp:term":[{"taxonomy":"category","embeddable":true,"href":"http:\/\/www.affinite.fr\/index.php\/wp-json\/wp\/v2\/categories?post=1785"},{"taxonomy":"post_tag","embeddable":true,"href":"http:\/\/www.affinite.fr\/index.php\/wp-json\/wp\/v2\/tags?post=1785"}],"curies":[{"name":"wp","href":"https:\/\/api.w.org\/{rel}","templated":true}]}}