{"id":1775,"date":"2020-04-10T11:38:46","date_gmt":"2020-04-10T11:38:46","guid":{"rendered":"https:\/\/www.affinite.fr\/index.php\/2020\/04\/10\/deuil-amour-confinement-et-chanson-pour-les-soignants\/"},"modified":"2020-04-10T11:38:46","modified_gmt":"2020-04-10T11:38:46","slug":"deuil-amour-confinement-et-chanson-pour-les-soignants","status":"publish","type":"post","link":"http:\/\/www.affinite.fr\/index.php\/2020\/04\/10\/deuil-amour-confinement-et-chanson-pour-les-soignants\/","title":{"rendered":"deuil, amour, confinement et chanson pour les soignants"},"content":{"rendered":"<p> [ad_1]<br \/>\n<br \/><img decoding=\"async\" src=\"https:\/\/img-3.journaldesfemmes.fr\/iQUKInMqoc1VMrcd68dlMA1YVjI=\/1280x\/smart\/a81bdca4ed174b3ca95d78171c2a48e4\/ccmcms-jdf\/14868400.jpg\" \/><\/p>\n<p>\n                En famille, en confinement, pas de repos pour Lara Fabian\u00a0! La coach de \u00ab\u00a0The Voice\u00a0\u00bb chante \u00ab\u00a0Nos c\u0153urs \u00e0 la fen\u00eatre\u00a0\u00bb avec Eva Longoria, Stephane Plaza, Iris Mittenaere&#8230; pour c\u00e9l\u00e9brer l&rsquo;ensemble du personnel hospitalier.            <\/p>\n<div>\n<p>Confin\u00e9e \u00e0 Montr\u00e9al depuis quatre semaines, <a href=\"https:\/\/www.journaldesfemmes.fr\/people\/lara-fabian\/\" title=\"Lara Fabian\">Lara Fabian<\/a> a elle aussi voulu\u00a0apporter son soutien aux soignants. Alors que ses coll\u00e8gues de <em>The Voice <\/em>Marc Lavoine et Pascal Obispo ont choisi de s&rsquo;allier \u00e0 Florent Pagny avec le titre<a href=\"https:\/\/www.journaldesfemmes.fr\/people\/magazine\/2629491-pascal-obispo-marc-lavoine-et-florent-pagny-chanson\/\"><em> Les Gens du Secours<\/em><\/a>, la <a href=\"https:\/\/www.journaldesfemmes.fr\/people\/magazine\/2611663-lara-fabian-malade-arnaque-financiere-concert-bucarest\/\">chanteuse de 50 ans<\/a> a d\u00e9voil\u00e9 un\u00a0morceau intitul\u00e9\u00a0<strong><em>Nos C\u0153urs \u00e0 la Fen\u00eatre<\/em>.<\/strong> Compos\u00e9e avec l&rsquo;aide\u00a0de la paroli\u00e8re Elodie\u00a0Hesme et du\u00a0su\u00e9dois Moh Denebi, la chanson a \u00e9t\u00e9 post\u00e9e sur YouTube le 10\u00a0avril \u00e0 minuit.<\/p>\n<p>Un clip,\u00a0\u00e9galement disponible sur la plateforme, a \u00e9t\u00e9 r\u00e9alis\u00e9 pour que le titre ait <em>\u00ab\u00a0plus d&rsquo;impact\u00a0\u00bb<\/em> selon l&rsquo;interpr\u00e8te de <i>J&rsquo;y Crois Encore<\/i>.\u00a0\u00ab\u00a0<em>J&rsquo;ai appel\u00e9 les amis, les connaissances,<strong> j&rsquo;ai sollicit\u00e9 mes fans, en leur demandant de se filmer en train d&rsquo;applaudir aux fen\u00eatres<\/strong>. On a re\u00e7u pr\u00e8s de 1000<\/em>\u00a0<em>vid\u00e9os en 48\u00a0heures\u00a0! Un pote les a mont\u00e9es avec des images de villes vides\u00a0\u00bb<\/em>, a d\u00e9clar\u00e9 Lara Fabian au <em>Parisien<\/em>.<\/p>\n<h2>Une chanson internationale<\/h2>\n<p><em>\u00ab\u00a0Le personnel soignant, c&rsquo;est la barri\u00e8re de corail de notre humanit\u00e9, je me suis dit qu&rsquo;il fallait que cette chanson soit pour elle\u00a0\u00bb,<\/em> a affirm\u00e9 <a href=\"https:\/\/www.journaldesfemmes.fr\/people\/magazine\/2561152-laeticia-hallyday-michel-sardou-brigitte-macron\/2563040-lara-fabian\" target=\"_blank\" rel=\"noopener noreferrer\">la maman de Lou<\/a>, qui avait annonc\u00e9 la sortie de <em>Nos c\u0153urs\u00a0\u00e0 la fen\u00eatre<\/em> sur Instagram le 9\u00a0avril.<\/p>\n<p>Originaire de Belgique et d\u2019Italie,\u00a0naturalis\u00e9e franco-canadienne, l&rsquo;artiste a d\u00e9cid\u00e9 de\u00a0rassembler\u00a0plusieurs stars internationales pour participer \u00e0 son projet. Ainsi on peut retrouver dans la vid\u00e9o la belle<strong> <a href=\"https:\/\/www.journaldesfemmes.fr\/beaute\/beaute-de-stars\/1975438-eva-longoria-jeune-cheveux-maquillage\/\">Eva Longoria<\/a>, Franck Dubosc, St\u00e9phane Plaza, Gary Dourdan ou encore Miss Univers 2016 <a href=\"https:\/\/www.journaldesfemmes.fr\/people\/magazine\/2628053-iris-mittenaere-diego-el-glaoui-confinement-famille\/\">Iris Mittenaere<\/a><\/strong> ! Du beau monde pour une belle cause&#8230;\u00a0Tous les fonds r\u00e9colt\u00e9s seront partag\u00e9s en quatre au profit de la\u00a0Fondation\u00a0Paris-H\u00f4pitaux de France,\u00a0\u00e0 la Protezione Civile en Italie, au Centraide du\u00a0Canada, ainsi qu&rsquo;\u00e0 la Fondation Roi Baudouin en Belgique.\u00a0<\/p>\n<p><b>D\u00e9couvrez le clip de <em>Nos c\u0153urs\u00a0\u00e0 la fen\u00eatre<\/em> :\u00a0<\/b><\/p>\n<p><iframe loading=\"lazy\" allow=\"accelerometer; autoplay; encrypted-media; gyroscope; picture-in-picture\" allowfullscreen=\"\" frameborder=\"0\" height=\"315\" src=\"https:\/\/www.youtube.com\/embed\/zAZZYekqUq4\" width=\"560\"><\/iframe><\/p>\n<h2>Confin\u00e9e\u00a0avec son mari et sa fille<\/h2>\n<p>Oblig\u00e9e de reporter plusieurs dates de concert ainsi que la sortie de son nouvel album suite \u00e0 la crise du coronavirus, Lara Fabian est soutenue par <a href=\"https:\/\/www.journaldesfemmes.fr\/people\/magazine\/2504414-castaner-femme-nabilla-enceinte-plaza\/2506658-lara-fabian\">son \u00e9poux Gabriel Di Giorgio<\/a> et Lou, sa fille de 12 ans, tous trois confin\u00e9s au Qu\u00e9bec.\u00a0<em>\u00ab\u00a0Pour moi qui suis tout le temps en tourn\u00e9e et en studio, ce confinement est aussi une pause, qui me permet de passer du temps, de r\u00e9fl\u00e9chir et beaucoup discuter avec ma fille et mon mari. Au-del\u00e0 de la compassion pour ceux qui souffrent, <strong>nous essayons \u00e0 trois de vivre ce confinement comme un <a href=\"http:\/\/www.affinite.fr\/index.php\/2024\/12\/08\/chere-maman-et-si-ce-noel-vous-offriez-a-votre-ado-un-avenir-%f0%9f%8e%84%e2%9c%a8\/\">cadeau<\/a> mal emball\u00e9\u00a0\u00bb,<\/strong> <\/em>a-t-elle confi\u00e9 au <em>Parisien<\/em>.<\/p>\n<h2>Endeuill\u00e9e, Lara Fabian se confie sur \u00ab\u00a0l&rsquo;apr\u00e8s\u00a0\u00bb<\/h2>\n<p>Malheureusement, <a href=\"https:\/\/www.journaldesfemmes.fr\/people\/magazine\/2504414-castaner-femme-nabilla-enceinte-plaza\/2504536-lara-fabian\">la famille de la star <\/a>a \u00e9t\u00e9 touch\u00e9e par le Covid-19. <strong>La chanteuse a d\u00fb\u00a0faire le deuil d&rsquo;un <em>\u00ab\u00a0papy de 102\u00a0ans\u00a0\u00bb<\/em>\u00a0\u00ab\u00a0<\/strong><em><strong>qui n&rsquo;a pas tenu le choc\u00a0\u00bb.<\/strong> \u00ab\u00a0C&rsquo;est dur de ne pas lui avoir dit au revoir\u00a0\u00bb,<\/em> a confi\u00e9 Lara Fabian. Mais la chanteuse se veut optimiste. Invit\u00e9e en duplex sur le JT de <em>M6<\/em> pr\u00e9sent\u00e9 par Xavier Desmoulins le 9 avril, elle a imagin\u00e9 ce que serait le monde d&rsquo;apr\u00e8s.\u00a0<\/p>\n<aside id=\"NL_1960877954\" class=\"newsletter_subscription jNlBlock\"><noscript><br \/>\n            <\/noscript><\/p>\n<h3 class=\"newsletter_subscription-title\">Newsletter <\/h3>\n<p><a href=\"\/\/mailing.ccmbg.com\/archive\/last-85\" target=\"_blank\" class=\"a_hover\" rel=\"noopener noreferrer\">Voir un exemple<\/a><\/p>\n<\/aside>\n<p><i>\u00ab\u00a0<\/i><i>Je l&rsquo;imagine dans une r\u00e9organisation des priorit\u00e9s diff\u00e9rentes, je l&rsquo;imagine avec la facult\u00e9 que l&rsquo;on aura tous de prendre une pause, de choisir de prendre une pause et d&rsquo;arr\u00eater de se dire qu&rsquo;on n&rsquo;a pas le droit de prendre une pause.\u00a0D&rsquo;arr\u00eater de se dire qu&rsquo;on n&rsquo;a pas le droit de passer du temps en famille et qu&rsquo;on n&rsquo;a pas le temps\u00a0\u00bb, <\/i>a finalement conclu la jolie quinqua.<\/p>\n<\/p><\/div>\n<p>[ad_2]<br \/>\n<br \/><a href=\"https:\/\/www.journaldesfemmes.fr\/people\/magazine\/2630397-lara-fabian-deuil-amour-confinement-et-chanson-pour-les-soignants\/\">Source link <\/a><\/p>\n","protected":false},"excerpt":{"rendered":"<p>[ad_1] En famille, en confinement, pas de repos pour Lara Fabian\u00a0! La coach de \u00ab\u00a0The Voice\u00a0\u00bb chante \u00ab\u00a0Nos c\u0153urs \u00e0 &hellip; <a href=\"http:\/\/www.affinite.fr\/index.php\/2020\/04\/10\/deuil-amour-confinement-et-chanson-pour-les-soignants\/\" class=\"more-link\">Plus <span class=\"screen-reader-text\">deuil, amour, confinement et chanson pour les soignants<\/span> <span class=\"meta-nav\">&rarr;<\/span><\/a><\/p>\n","protected":false},"author":1,"featured_media":1776,"comment_status":"open","ping_status":"open","sticky":false,"template":"","format":"standard","meta":{"_sitemap_exclude":false,"_sitemap_priority":"","_sitemap_frequency":"","footnotes":""},"categories":[1],"tags":[],"class_list":["post-1775","post","type-post","status-publish","format-standard","has-post-thumbnail","hentry","category-tous"],"_links":{"self":[{"href":"http:\/\/www.affinite.fr\/index.php\/wp-json\/wp\/v2\/posts\/1775"}],"collection":[{"href":"http:\/\/www.affinite.fr\/index.php\/wp-json\/wp\/v2\/posts"}],"about":[{"href":"http:\/\/www.affinite.fr\/index.php\/wp-json\/wp\/v2\/types\/post"}],"author":[{"embeddable":true,"href":"http:\/\/www.affinite.fr\/index.php\/wp-json\/wp\/v2\/users\/1"}],"replies":[{"embeddable":true,"href":"http:\/\/www.affinite.fr\/index.php\/wp-json\/wp\/v2\/comments?post=1775"}],"version-history":[{"count":0,"href":"http:\/\/www.affinite.fr\/index.php\/wp-json\/wp\/v2\/posts\/1775\/revisions"}],"wp:featuredmedia":[{"embeddable":true,"href":"http:\/\/www.affinite.fr\/index.php\/wp-json\/wp\/v2\/media\/1776"}],"wp:attachment":[{"href":"http:\/\/www.affinite.fr\/index.php\/wp-json\/wp\/v2\/media?parent=1775"}],"wp:term":[{"taxonomy":"category","embeddable":true,"href":"http:\/\/www.affinite.fr\/index.php\/wp-json\/wp\/v2\/categories?post=1775"},{"taxonomy":"post_tag","embeddable":true,"href":"http:\/\/www.affinite.fr\/index.php\/wp-json\/wp\/v2\/tags?post=1775"}],"curies":[{"name":"wp","href":"https:\/\/api.w.org\/{rel}","templated":true}]}}