{"id":1757,"date":"2020-04-09T17:55:26","date_gmt":"2020-04-09T17:55:26","guid":{"rendered":"https:\/\/www.affinite.fr\/index.php\/2020\/04\/09\/surface-neo-de-microsoft-est-retarde-et-le-covid-19-ny-serait-pour-rien\/"},"modified":"2020-04-09T17:55:26","modified_gmt":"2020-04-09T17:55:26","slug":"surface-neo-de-microsoft-est-retarde-et-le-covid-19-ny-serait-pour-rien","status":"publish","type":"post","link":"http:\/\/www.affinite.fr\/index.php\/2020\/04\/09\/surface-neo-de-microsoft-est-retarde-et-le-covid-19-ny-serait-pour-rien\/","title":{"rendered":"Surface Neo de Microsoft est retard\u00e9, et le COVID-19 n&rsquo;y serait pour rien"},"content":{"rendered":"<p> [ad_1]<br \/>\n<br \/><img decoding=\"async\" src=\"https:\/\/img.bfmtv.com\/i\/0\/0\/4d1\/4dfced54bfe9031b7504f0b952b72.jpg\" \/><\/p>\n<div itemprop=\"articleBody\">\n<p>Selon des sources et des informations de nos confr\u00e8res am\u00e9ricains de <em>CNBC<\/em> et <em>ZDNet<\/em>, Microsoft pourrait bien revoir le planning de ses lancements pour la fin de l&rsquo;ann\u00e9e. <strong><a href=\"https:\/\/www.01net.com\/actualites\/surface-neo-microsoft-devoile-son-etonnante-tablette-a-deux-ecrans-1779316.html\" target=\"_blank\" rel=\"noopener noreferrer\">Le Surface Neo<\/a> n&rsquo;arriverait qu&rsquo;en 2021.<\/strong> Ce petit PC portable \u00e0 double \u00e9cran tactile, pr\u00e9sent\u00e9 en novembre dernier par <a href=\"https:\/\/www.01net.com\/actualites\/produits\/panos-panay-l-homme-qui-voulait-reinventer-le-pc\/\" target=\"_blank\" rel=\"noopener noreferrer\">Panos Panay<\/a> (le grand gourou des divisions Surface et Windows), doit embarquer une version de Windows 10 sp\u00e9cialement con\u00e7ue pour ce type d&rsquo;appareils, <a href=\"https:\/\/www.01net.com\/actualites\/windows-10x-microsoft-promet-des-mises-a-jour-en-moins-de-90-secondes-1856388.html\" target=\"_blank\" rel=\"noopener noreferrer\">Windows 10X<\/a>.<\/p>\n<aside class=\"bg-color-0 padding-inside-all-s bloc border-s\">\n<h4 class=\"box-txt-normal\">\n<p><strong>\u00c0 d\u00e9couvrir aussi en vid\u00e9o :<\/strong><\/p>\n<\/h4>\n<\/aside>\n<p>Un Windows que Microsoft voudrait d&rsquo;abord solidement \u00e9prouv\u00e9 sur les PC portables hybrides et \u00e0 \u00e9cran tactile actuels avant de l&rsquo;injecter dans les entrailles du Neo. Ne jetez pas l&rsquo;opprobre sur le coronavirus, il n&rsquo;y est pour rien cette fois-ci.<\/p>\n<p><a href=\"https:\/\/www.01net.com\/actualites\/lenovo-le-premier-pc-portable-a-ecran-pliant-est-prevu-pour-cet-ete-1836605.html\" target=\"_blank\" rel=\"noopener noreferrer\">D&rsquo;autres marques comme Lenovo<\/a> ayant aussi pr\u00e9vu de lancer des appareils dans la veine du Neo pourraient repousser leur sortie afin de tester Windows 10X sur des PC portables de leur propre catalogue et attendre que les utilisateurs se familiarisent bien avec son interface avant de lancer des hybrides in\u00e9dits.<\/p>\n<blockquote>\n<p><strong>\u00c0 lire aussi &#8211;<\/strong> <a href=\"https:\/\/www.01net.com\/actualites\/ces-2020-ori-et-duet-quand-dell-esquisse-le-futur-de-nos-pc-1837093.html\" target=\"_blank\" rel=\"noopener noreferrer\">Ori et Duet : quand Dell esquisse le futur de nos PC<\/a><\/p>\n<\/blockquote>\n<h3 style=\"color:#333; font-family:arial,helvetica,sans-serif; font-size:23px; font-weight:700\">Neo retard\u00e9, Duo dans les temps<\/h3>\n<p>Toujours selon ces m\u00eames informations, le smartphone Android \u00e0 double \u00e9cran, <a href=\"https:\/\/www.01net.com\/actualites\/surface-duo-le-retour-surprise-de-microsoft-dans-le-monde-du-smartphone-1779323.html\" target=\"_blank\" rel=\"noopener noreferrer\">le Surface Duo<\/a>, ne serait pas impact\u00e9. En tout cas pour l&rsquo;instant. Microsoft continuerait \u00e0 travailler dessus et les d\u00e9veloppements avanceraient correctement. D&rsquo;ailleurs, Panos Panay a r\u00e9cemment post\u00e9 sur Instagram une photo prise avec l&rsquo;un des prototypes de l&rsquo;appareil.<\/p>\n<p>Des rumeurs \u00e9voquent m\u00eame <a href=\"https:\/\/www.01net.com\/actualites\/microsoft-pourrait-avancer-le-lancement-de-son-surface-duo-a-deux-ecrans-1867486.html\" target=\"_blank\" rel=\"noopener noreferrer\">la possibilit\u00e9 d&rsquo;un lancement du Surface Duo un peu plus t\u00f4t que pr\u00e9vu<\/a>&#8230; \u00e0 condition que, pour le coup, la pand\u00e9mie ne vienne pas jouer les trouble-f\u00eate. Enfin, rappelons que la<a href=\"https:\/\/www.01net.com\/actualite\/xbox-series-x\/\" target=\"_blank\" rel=\"noopener noreferrer\"> Xbox Series X<\/a> est toujours au menu et ne conna\u00eet &#8211; pour le moment &#8211; <a href=\"https:\/\/www.01net.com\/actualites\/microsoft-l-affirme-haut-et-fort-la-xbox-series-x-sera-bien-au-rendez-vous-fin-2020-1886977.html\" target=\"_blank\" rel=\"noopener noreferrer\">aucun retard.<\/a><\/p>\n<p><strong>Sources : <\/strong><a href=\"https:\/\/www.cnbc.com\/2020\/04\/09\/microsoft-wont-release-surface-neo-dual-screen-pc-in-2020.html\" target=\"_blank\" rel=\"noopener noreferrer\">CNBC<\/a> et <a href=\"https:\/\/www.zdnet.com\/article\/microsoft-dont-expect-any-windows-10x-devices-this-calendar-year\/\" target=\"_blank\" rel=\"noopener noreferrer\">ZDnet<\/a><\/p>\n<\/p><\/div>\n<p><script>\n         !function(f,b,e,v,n,t,s){if(f.fbq)return;n=f.fbq=function()\n         {n.callMethod? n.callMethod.apply(n,arguments):n.queue.push(arguments)}\n         ;if(!f._fbq)f._fbq=n;\n             n.push=n;n.loaded=!0;n.version='2.0';n.queue=[];t=b.createElement(e);t.async=!0;\n             t.src=v;s=b.getElementsByTagName(e)[0];s.parentNode.insertBefore(t,s)}(window,\n                 document,'script','https:\/\/connect.facebook.net\/en_US\/fbevents.js');\n         fbq('init', '1065890633454496');\n         fbq('track', 'PageView');\n     <\/script><br \/>\n<br \/>[ad_2]<br \/>\n<br \/><a href=\"https:\/\/www.01net.com\/actualites\/surface-neo-de-microsoft-est-retarde-et-le-covid-19-n-y-serait-pour-rien-1891684.html\">Source link <\/a><\/p>\n","protected":false},"excerpt":{"rendered":"<p>[ad_1] Selon des sources et des informations de nos confr\u00e8res am\u00e9ricains de CNBC et ZDNet, Microsoft pourrait bien revoir le &hellip; <a href=\"http:\/\/www.affinite.fr\/index.php\/2020\/04\/09\/surface-neo-de-microsoft-est-retarde-et-le-covid-19-ny-serait-pour-rien\/\" class=\"more-link\">Plus <span class=\"screen-reader-text\">Surface Neo de Microsoft est retard\u00e9, et le COVID-19 n&rsquo;y serait pour rien<\/span> <span class=\"meta-nav\">&rarr;<\/span><\/a><\/p>\n","protected":false},"author":1,"featured_media":1758,"comment_status":"open","ping_status":"open","sticky":false,"template":"","format":"standard","meta":{"_sitemap_exclude":false,"_sitemap_priority":"","_sitemap_frequency":"","footnotes":""},"categories":[1],"tags":[],"class_list":["post-1757","post","type-post","status-publish","format-standard","has-post-thumbnail","hentry","category-tous"],"_links":{"self":[{"href":"http:\/\/www.affinite.fr\/index.php\/wp-json\/wp\/v2\/posts\/1757"}],"collection":[{"href":"http:\/\/www.affinite.fr\/index.php\/wp-json\/wp\/v2\/posts"}],"about":[{"href":"http:\/\/www.affinite.fr\/index.php\/wp-json\/wp\/v2\/types\/post"}],"author":[{"embeddable":true,"href":"http:\/\/www.affinite.fr\/index.php\/wp-json\/wp\/v2\/users\/1"}],"replies":[{"embeddable":true,"href":"http:\/\/www.affinite.fr\/index.php\/wp-json\/wp\/v2\/comments?post=1757"}],"version-history":[{"count":0,"href":"http:\/\/www.affinite.fr\/index.php\/wp-json\/wp\/v2\/posts\/1757\/revisions"}],"wp:featuredmedia":[{"embeddable":true,"href":"http:\/\/www.affinite.fr\/index.php\/wp-json\/wp\/v2\/media\/1758"}],"wp:attachment":[{"href":"http:\/\/www.affinite.fr\/index.php\/wp-json\/wp\/v2\/media?parent=1757"}],"wp:term":[{"taxonomy":"category","embeddable":true,"href":"http:\/\/www.affinite.fr\/index.php\/wp-json\/wp\/v2\/categories?post=1757"},{"taxonomy":"post_tag","embeddable":true,"href":"http:\/\/www.affinite.fr\/index.php\/wp-json\/wp\/v2\/tags?post=1757"}],"curies":[{"name":"wp","href":"https:\/\/api.w.org\/{rel}","templated":true}]}}