{"id":1744,"date":"2020-04-09T11:35:02","date_gmt":"2020-04-09T11:35:02","guid":{"rendered":"https:\/\/www.affinite.fr\/index.php\/2020\/04\/09\/sa-vie-de-couple-perturbee-par-le-confinement\/"},"modified":"2020-04-09T11:35:02","modified_gmt":"2020-04-09T11:35:02","slug":"sa-vie-de-couple-perturbee-par-le-confinement","status":"publish","type":"post","link":"http:\/\/www.affinite.fr\/index.php\/2020\/04\/09\/sa-vie-de-couple-perturbee-par-le-confinement\/","title":{"rendered":"sa vie de couple, perturb\u00e9e par le confinement"},"content":{"rendered":"<p> [ad_1]<br \/>\n<br \/><img decoding=\"async\" src=\"https:\/\/img-3.journaldesfemmes.fr\/_RaFNAuRTAgaoxNn_-AjytfJSLY=\/1280x\/smart\/d88a763abb424f7f9a4c9434ee6465c7\/ccmcms-jdf\/14847771.jpg\" \/><\/p>\n<p>\n                Ic\u00f4ne r\u00e9publicaine (d\u00e9cri\u00e9e) de la communication, la porte-parole du gouvernement Sibeth Ndiaye vit un moment difficile&#8230; Et \u00e7a ne s&rsquo;arrange pas \u00e0 la maison. Confin\u00e9e avec son mari Patrice Roques, la quadra avoue ressentir quelques tensions&#8230;            <\/p>\n<div>\n<p>En pleine pand\u00e9mie du <a href=\"https:\/\/sante.journaldesfemmes.fr\/maladies\/2605417-coronavirus-france-evolution-nombre-cas-mort-italie-bretagne-allemagne-actualites-direct\/\">coronavirus<\/a>,<a href=\"https:\/\/www.journaldesfemmes.fr\/societe\/actu\/2512483-sibeth-ndiaye-info-mari-enfants-secrets-macron\/\"> <strong>Sibeth Ndiaye<\/strong><\/a>, <strong>porte-parole <\/strong><a href=\"https:\/\/www.journaldesfemmes.fr\/people\/magazine\/2569823-sibeth-ndiaye-new-york-times-mode-corps-couture-nadine-morano\/\"><strong>(au look chamarr\u00e9)<\/strong><\/a><strong>\u00a0du gouvernement<\/strong>, fait partie des personnalit\u00e9s en premi\u00e8re ligne face \u00e0 la crise sanitaire.<br \/>Dans ce contexte\u00a0difficile, trouver mots justes (et \u00e9l\u00e9ments de langage) pour faire respecter le confinement peut s&rsquo;av\u00e9rer t\u00e2che complexe. Et Sibeth Ndiaye en fait les frais !<br \/><a href=\"https:\/\/www.journaldesfemmes.fr\/societe\/actu\/2628015-sibeth-ndiaye-un-enseignant-ne-travaille-pas-polemique-et-mea-culpa\/\"><strong>M\u00e9thode\u00a0<em>\u00ab\u00a0compl\u00e8tement d\u00e9bile\u00a0\u00bb<\/em> <\/strong>quand il s&rsquo;agit d&rsquo;envoyer les enseignants pr\u00eater main forte aux agriculteurs<\/a>, <em>\u00ab\u00a0<strong>gros cafouillage\u00a0\u00bb<\/strong><\/em><strong> <\/strong>concernant le port du masque, les attaques fusent, y compris au sein de son propre camp .<a href=\"https:\/\/www.journaldesfemmes.fr\/societe\/actu\/2628015-sibeth-ndiaye-un-enseignant-ne-travaille-pas-polemique-et-mea-culpa\/\">\u00ab\u00a0<strong><em>C&rsquo;est boulette sur boulette\u00a0\u00bb<\/em><\/strong><\/a>, avait ainsi r\u00e9sum\u00e9 dans <em>L&rsquo;Opinion<\/em> un membre de <strong>La R\u00e9publique en Marche<\/strong>.\u00a0<\/p>\n<p>\u00ab\u00a0<strong><em>Moi je suis au quotidien, au front, pour essayer d&rsquo;expliquer aux Fran\u00e7ais ce qu&rsquo;on vit en ce moment. Ce n&rsquo;est pas forc\u00e9ment tous les jours \u00e9vident\u00a0\u00bb<\/em><\/strong> , s&rsquo;\u00e9tait\u00a0d\u00e9fendue Sibeth Ndiaye sur <em>RTL<\/em> le 26\u00a0mars dernier.\u00a0<\/p>\n<p>Un rythme stressant et\u00a0effr\u00e9n\u00e9\u00a0que <a href=\"https:\/\/www.journaldesfemmes.fr\/societe\/actu\/2547902-sibeth-ndiaye-prefere-les-kebabs-au-homard-et-enflamme-le-web\/\">la politicienne et communicante\u00a0de 40\u00a0ans <\/a>doit concilier avec sa vie de famille. Avec <strong>son mari Patrice Roques<\/strong>, elle a d\u00fb s&rsquo;organiser !<\/p>\n<p>Pendant que madame encaisse les coups bas politiques, monsieur\u00a0<strong>son \u00e9poux assure l&rsquo;intendance&#8230;<\/strong>\u00a0<em><strong>\u00ab\u00a0Moi j&rsquo;ai trois enfants \u00e0 la maison. Mon mari fait le <a href=\"https:\/\/www.journaldesfemmes.fr\/societe\/actu\/2626059-confinement-macron-duree-15-avril-deconfinement\/\">confinement<\/a> et ce n&rsquo;est pas facile<\/strong>. Pourtant, c&rsquo;est un <strong>appartement qui est plut\u00f4t confortable<\/strong><\/em>\u00ab\u00a0, avait\u00a0d\u00e9clar\u00e9 l&rsquo;idole de la Macronie, le\u00a020\u00a0mars sur <em>BFM TV.<\/em>\u00a0<\/p>\n<p>Il y a un an de cela, alors fraichement nomm\u00e9e secr\u00e9taire d&rsquo;\u00c9tat aupr\u00e8s du Premier ministre et porte-parole du gouvernement, Sibeth Ndiaye faisait la\u00a0plus belle des d\u00e9clarations \u00e0 son homme dans les colonnes du <em>Parisien<\/em>, le qualifiant de <strong><em>\u00ab\u00a0mari le plus merveilleux de la terre\u00a0\u00bb<\/em><\/strong>.<\/p>\n<aside id=\"NL_1956836433\" class=\"newsletter_subscription jNlBlock\"><noscript><br \/>\n            <\/noscript><\/p>\n<h3 class=\"newsletter_subscription-title\">Newsletter <\/h3>\n<p><a href=\"\/\/mailing.ccmbg.com\/archive\/last-85\" target=\"_blank\" class=\"a_hover\" rel=\"noopener noreferrer\">Voir un exemple<\/a><\/p>\n<\/aside>\n<p><strong>Patrice Roques<\/strong>, amoureux moderne et papa aimant avait en effet <em>\u00ab\u00a0accept\u00e9 de mettre <strong>sa carri\u00e8re entre parenth\u00e8ses<\/strong> pendant des ann\u00e9es\u00a0\u00bb <\/em>pour permettre \u00e0 son \u00e9pouse de se consacrer pleinement \u00e0 son poste, accaparant&#8230;\u00a0<\/p>\n<\/p><\/div>\n<p>[ad_2]<br \/>\n<br \/><a href=\"https:\/\/www.journaldesfemmes.fr\/people\/magazine\/2630249-sibeth-ndiaye-vie-de-couple-perturbee-par-le-confinement\/\">Source link <\/a><\/p>\n","protected":false},"excerpt":{"rendered":"<p>[ad_1] Ic\u00f4ne r\u00e9publicaine (d\u00e9cri\u00e9e) de la communication, la porte-parole du gouvernement Sibeth Ndiaye vit un moment difficile&#8230; Et \u00e7a ne &hellip; <a href=\"http:\/\/www.affinite.fr\/index.php\/2020\/04\/09\/sa-vie-de-couple-perturbee-par-le-confinement\/\" class=\"more-link\">Plus <span class=\"screen-reader-text\">sa vie de couple, perturb\u00e9e par le confinement<\/span> <span class=\"meta-nav\">&rarr;<\/span><\/a><\/p>\n","protected":false},"author":1,"featured_media":1745,"comment_status":"open","ping_status":"open","sticky":false,"template":"","format":"standard","meta":{"_sitemap_exclude":false,"_sitemap_priority":"","_sitemap_frequency":"","footnotes":""},"categories":[1],"tags":[],"class_list":["post-1744","post","type-post","status-publish","format-standard","has-post-thumbnail","hentry","category-tous"],"_links":{"self":[{"href":"http:\/\/www.affinite.fr\/index.php\/wp-json\/wp\/v2\/posts\/1744"}],"collection":[{"href":"http:\/\/www.affinite.fr\/index.php\/wp-json\/wp\/v2\/posts"}],"about":[{"href":"http:\/\/www.affinite.fr\/index.php\/wp-json\/wp\/v2\/types\/post"}],"author":[{"embeddable":true,"href":"http:\/\/www.affinite.fr\/index.php\/wp-json\/wp\/v2\/users\/1"}],"replies":[{"embeddable":true,"href":"http:\/\/www.affinite.fr\/index.php\/wp-json\/wp\/v2\/comments?post=1744"}],"version-history":[{"count":0,"href":"http:\/\/www.affinite.fr\/index.php\/wp-json\/wp\/v2\/posts\/1744\/revisions"}],"wp:featuredmedia":[{"embeddable":true,"href":"http:\/\/www.affinite.fr\/index.php\/wp-json\/wp\/v2\/media\/1745"}],"wp:attachment":[{"href":"http:\/\/www.affinite.fr\/index.php\/wp-json\/wp\/v2\/media?parent=1744"}],"wp:term":[{"taxonomy":"category","embeddable":true,"href":"http:\/\/www.affinite.fr\/index.php\/wp-json\/wp\/v2\/categories?post=1744"},{"taxonomy":"post_tag","embeddable":true,"href":"http:\/\/www.affinite.fr\/index.php\/wp-json\/wp\/v2\/tags?post=1744"}],"curies":[{"name":"wp","href":"https:\/\/api.w.org\/{rel}","templated":true}]}}