{"id":1742,"date":"2020-04-09T11:18:32","date_gmt":"2020-04-09T11:18:32","guid":{"rendered":"https:\/\/www.affinite.fr\/index.php\/2020\/04\/09\/a-cause-du-coronavirus-il-ny-aura-pas-de-nouveaux-emojis-en-2021\/"},"modified":"2020-04-09T11:18:32","modified_gmt":"2020-04-09T11:18:32","slug":"a-cause-du-coronavirus-il-ny-aura-pas-de-nouveaux-emojis-en-2021","status":"publish","type":"post","link":"http:\/\/www.affinite.fr\/index.php\/2020\/04\/09\/a-cause-du-coronavirus-il-ny-aura-pas-de-nouveaux-emojis-en-2021\/","title":{"rendered":"\u00c0 cause du coronavirus, il n&#039;y aura pas de nouveaux emojis en 2021"},"content":{"rendered":"<p> [ad_1]<br \/>\n<br \/>Le consortium Unicode repousse l&rsquo;annonce de sa prochaine fourn\u00e9e d&#8217;emojis \u00e0 septembre 2021. Il est peu probable que les constructeurs r\u00e9ussissent \u00e0 les int\u00e9grer \u00e0 nos syst\u00e8mes d&rsquo;exploitation avant 2022.  <\/p>\n<p> <img decoding=\"async\" src=\"https:\/\/img.bfmtv.com\/c\/150\/100\/b1a\/e790745e875df3577e84087195c48.png\" \/><br \/>\n<br \/>[ad_2]<br \/>\n<br \/><a href=\"https:\/\/www.01net.com\/actualites\/a-cause-du-coronavirus-il-n-y-aura-pas-de-nouveaux-emojis-en-2021-1891747.html\">Source link <\/a><\/p>\n","protected":false},"excerpt":{"rendered":"<p>[ad_1] Le consortium Unicode repousse l&rsquo;annonce de sa prochaine fourn\u00e9e d&#8217;emojis \u00e0 septembre 2021. Il est peu probable que les &hellip; <a href=\"http:\/\/www.affinite.fr\/index.php\/2020\/04\/09\/a-cause-du-coronavirus-il-ny-aura-pas-de-nouveaux-emojis-en-2021\/\" class=\"more-link\">Plus <span class=\"screen-reader-text\">\u00c0 cause du coronavirus, il n&#039;y aura pas de nouveaux emojis en 2021<\/span> <span class=\"meta-nav\">&rarr;<\/span><\/a><\/p>\n","protected":false},"author":1,"featured_media":1743,"comment_status":"open","ping_status":"open","sticky":false,"template":"","format":"standard","meta":{"_sitemap_exclude":false,"_sitemap_priority":"","_sitemap_frequency":"","footnotes":""},"categories":[1],"tags":[],"class_list":["post-1742","post","type-post","status-publish","format-standard","has-post-thumbnail","hentry","category-tous"],"_links":{"self":[{"href":"http:\/\/www.affinite.fr\/index.php\/wp-json\/wp\/v2\/posts\/1742"}],"collection":[{"href":"http:\/\/www.affinite.fr\/index.php\/wp-json\/wp\/v2\/posts"}],"about":[{"href":"http:\/\/www.affinite.fr\/index.php\/wp-json\/wp\/v2\/types\/post"}],"author":[{"embeddable":true,"href":"http:\/\/www.affinite.fr\/index.php\/wp-json\/wp\/v2\/users\/1"}],"replies":[{"embeddable":true,"href":"http:\/\/www.affinite.fr\/index.php\/wp-json\/wp\/v2\/comments?post=1742"}],"version-history":[{"count":0,"href":"http:\/\/www.affinite.fr\/index.php\/wp-json\/wp\/v2\/posts\/1742\/revisions"}],"wp:featuredmedia":[{"embeddable":true,"href":"http:\/\/www.affinite.fr\/index.php\/wp-json\/wp\/v2\/media\/1743"}],"wp:attachment":[{"href":"http:\/\/www.affinite.fr\/index.php\/wp-json\/wp\/v2\/media?parent=1742"}],"wp:term":[{"taxonomy":"category","embeddable":true,"href":"http:\/\/www.affinite.fr\/index.php\/wp-json\/wp\/v2\/categories?post=1742"},{"taxonomy":"post_tag","embeddable":true,"href":"http:\/\/www.affinite.fr\/index.php\/wp-json\/wp\/v2\/tags?post=1742"}],"curies":[{"name":"wp","href":"https:\/\/api.w.org\/{rel}","templated":true}]}}