{"id":1732,"date":"2020-04-09T08:01:08","date_gmt":"2020-04-09T08:01:08","guid":{"rendered":"https:\/\/www.affinite.fr\/index.php\/2020\/04\/09\/pour-une-securite-renforcee-la-derniere-mise-a-jour-masque-lid-de-reunion\/"},"modified":"2020-04-09T08:01:08","modified_gmt":"2020-04-09T08:01:08","slug":"pour-une-securite-renforcee-la-derniere-mise-a-jour-masque-lid-de-reunion","status":"publish","type":"post","link":"http:\/\/www.affinite.fr\/index.php\/2020\/04\/09\/pour-une-securite-renforcee-la-derniere-mise-a-jour-masque-lid-de-reunion\/","title":{"rendered":"pour une s\u00e9curit\u00e9 renforc\u00e9e, la derni\u00e8re mise \u00e0 jour masque l&rsquo;ID de r\u00e9union"},"content":{"rendered":"<p> [ad_1]<br \/>\n<\/p>\n<div itemprop=\"articleBody\">\n<p class=\"MsoNormal\">Les d\u00e9veloppeurs de Zoom sont sur le qui-vive. Depuis la mise en place du confinement un peu partout dans le monde, le logiciel de visioconf\u00e9rence a vu son nombre d\u2019utilisateurs litt\u00e9ralement exploser. Utilis\u00e9 en temps normal par 10 millions d\u2019utilisateurs en moyenne,<a href=\"https:\/\/www.01net.com\/actualites\/le-service-de-videoconference-zoom-est-passe-de-10-millions-d-utilisateurs-a-200-millions-1886965.html\" target=\"_blank\" rel=\"noopener noreferrer\"> le service compte d\u00e9sormais plus de 200 millions d\u2019utilisateurs actifs<\/a>.<\/p>\n<p class=\"MsoNormal\">Mais cette soudaine notori\u00e9t\u00e9 a pouss\u00e9 certains experts \u00e0 s\u2019int\u00e9resser \u00e0 la s\u00e9curit\u00e9 de l\u2019application. Et ils sont formels, <a href=\"https:\/\/www.01net.com\/actualites\/zoom-le-service-de-videoconference-ultra-populaire-est-tres-efficace-mais-tres-mal-securise-1886342.html\" target=\"_blank\" rel=\"noopener noreferrer\">Zoom est bourr\u00e9e de d\u00e9fauts mais s&rsquo;av\u00e8re\u00a0surtout tr\u00e8s mal s\u00e9curis\u00e9<\/a>.<\/p>\n<p class=\"MsoNormal\">\u00c0 tel point que, <a href=\"https:\/\/www.01net.com\/actualites\/spacex-et-la-nasa-interdisent-l-usage-de-zoom-1887846.html\" target=\"_blank\" rel=\"noopener noreferrer\">SpaceX et la NASA ont interdit l\u2019utilisation de Zoom \u00e0 leurs employ\u00e9s<\/a>.<\/p>\n<h3 class=\"MsoNormal\" style=\"color:#333; font-family:arial,helvetica,sans-serif; font-size:23px; font-weight:700\"><strong>L\u2019ID de r\u00e9union n\u2019est plus affich\u00e9 dans la fen\u00eatre<\/strong><\/h3>\n<p class=\"MsoNormal\">Devant autant de critiques, Zoom n\u2019a donc pas eu d\u2019autre choix que de se retrousser les manches pour corriger tous les d\u00e9fauts qui lui sont reproch\u00e9s. L\u2019un des principaux concernait son syst\u00e8me de num\u00e9ro d\u2019identification de r\u00e9union, indispensable pour rejoindre un appel vid\u00e9o. Jusqu\u2019\u00e0 maintenant, celui-ci apparaissait en clair dans la barre de titre de la fen\u00eatre du programme.<\/p>\n<p class=\"MsoNormal\">Si cela ne semble pas, \u00e0 premi\u00e8re vue, pr\u00e9senter de danger particulier, la fulgurante ascension de l\u2019usage de Zoom a vu na\u00eetre une curieuse pratique, le \u00ab\u00a0Zoom-bombing\u00a0\u00bb. Des petits malins ont pris l\u2019habitude de rep\u00e9rer les ID de r\u00e9union affich\u00e9s sur les captures d\u2019\u00e9crans que les utilisateurs confin\u00e9s partageaient sur les r\u00e9seaux sociaux afin de d\u00e9barquer par surprise dans des r\u00e9unions priv\u00e9es.<\/p>\n<aside class=\"bg-color-0 padding-inside-all-s bloc border-s\">\n<h4 class=\"box-txt-normal\">\n<p><strong>A d\u00e9couvrir aussi en vid\u00e9o<\/strong><\/p>\n<\/h4>\n<\/aside>\n<p class=\"MsoNormal\">Pour mettre un terme \u00e0 ces blagues parfois de mauvais go\u00fbt, Zoom a finalement publi\u00e9 une mise \u00e0 jour de son application dans laquelle l\u2019ID de r\u00e9union n\u2019appara\u00eet plus directement dans la barre de titre de la fen\u00eatre d\u2019appel.<\/p>\n<figure class=\"figure text-center\"><img decoding=\"async\" class=\"article-img img-responsive-l\" src=\"https:\/\/img.bfmtv.com\/c\/0\/708\/7e0563\/0f7446d876a9987e819ad4af86.png\" alt=\"\"\/><figcaption class=\"figure-caption figcaption color-txt-0 title-xs hidden-xs\"\/><\/figure>\n<p class=\"MsoNormal\">Le num\u00e9ro d\u2019identification de la r\u00e9union reste toutefois accessible dans la fen\u00eatre d\u2019appel lorsque l\u2019utilisateur clique sur le bouton d\u2019information greff\u00e9 en haut \u00e0 gauche de l\u2019interface.<\/p>\n<p class=\"MsoNormal\">Si cette mise \u00e0 jour est loin de combler <a href=\"https:\/\/www.01net.com\/actualites\/zoom-5-bonnes-raisons-de-ne-pas-utiliser-ce-service-de-visioconference-1888182.html\" target=\"_blank\" rel=\"noopener noreferrer\">tous les d\u00e9fauts reproch\u00e9s \u00e0 Zoom<\/a>, les utilisateurs auront toujours la possibilit\u00e9 de <a href=\"https:\/\/www.01net.com\/astuces\/huit-astuces-pour-proteger-vos-appels-video-sur-zoom-des-intrusions-et-attaques-1885535.html\" target=\"_blank\" rel=\"noopener noreferrer\">configurer les param\u00e8tres de leur compte pour limiter les risques d\u2019intrusions et d\u2019attaques<\/a> durant leurs r\u00e9unions.\u00a0<\/p>\n<p class=\"MsoNormal\">Source\u00a0: <a href=\"https:\/\/www.bleepingcomputer.com\/news\/software\/zoom-removes-meeting-ids-from-client-title-bar-to-boost-security\/\" target=\"_blank\" rel=\"noopener noreferrer\">Bleeping Computer <\/a><\/p>\n<\/p><\/div>\n<p><script>\n         !function(f,b,e,v,n,t,s){if(f.fbq)return;n=f.fbq=function()\n         {n.callMethod? n.callMethod.apply(n,arguments):n.queue.push(arguments)}\n         ;if(!f._fbq)f._fbq=n;\n             n.push=n;n.loaded=!0;n.version='2.0';n.queue=[];t=b.createElement(e);t.async=!0;\n             t.src=v;s=b.getElementsByTagName(e)[0];s.parentNode.insertBefore(t,s)}(window,\n                 document,'script','https:\/\/connect.facebook.net\/en_US\/fbevents.js');\n         fbq('init', '1065890633454496');\n         fbq('track', 'PageView');\n     <\/script><br \/>\n<br \/>[ad_2]<br \/>\n<br \/><a href=\"https:\/\/www.01net.com\/actualites\/zoom-pour-une-securite-renforcee-la-derniere-mise-a-jour-masque-l-id-de-reunion-1891657.html\">Source link <\/a><\/p>\n","protected":false},"excerpt":{"rendered":"<p>[ad_1] Les d\u00e9veloppeurs de Zoom sont sur le qui-vive. Depuis la mise en place du confinement un peu partout dans &hellip; <a href=\"http:\/\/www.affinite.fr\/index.php\/2020\/04\/09\/pour-une-securite-renforcee-la-derniere-mise-a-jour-masque-lid-de-reunion\/\" class=\"more-link\">Plus <span class=\"screen-reader-text\">pour une s\u00e9curit\u00e9 renforc\u00e9e, la derni\u00e8re mise \u00e0 jour masque l&rsquo;ID de r\u00e9union<\/span> <span class=\"meta-nav\">&rarr;<\/span><\/a><\/p>\n","protected":false},"author":1,"featured_media":1733,"comment_status":"open","ping_status":"open","sticky":false,"template":"","format":"standard","meta":{"_sitemap_exclude":false,"_sitemap_priority":"","_sitemap_frequency":"","footnotes":""},"categories":[1],"tags":[],"class_list":["post-1732","post","type-post","status-publish","format-standard","has-post-thumbnail","hentry","category-tous"],"_links":{"self":[{"href":"http:\/\/www.affinite.fr\/index.php\/wp-json\/wp\/v2\/posts\/1732"}],"collection":[{"href":"http:\/\/www.affinite.fr\/index.php\/wp-json\/wp\/v2\/posts"}],"about":[{"href":"http:\/\/www.affinite.fr\/index.php\/wp-json\/wp\/v2\/types\/post"}],"author":[{"embeddable":true,"href":"http:\/\/www.affinite.fr\/index.php\/wp-json\/wp\/v2\/users\/1"}],"replies":[{"embeddable":true,"href":"http:\/\/www.affinite.fr\/index.php\/wp-json\/wp\/v2\/comments?post=1732"}],"version-history":[{"count":0,"href":"http:\/\/www.affinite.fr\/index.php\/wp-json\/wp\/v2\/posts\/1732\/revisions"}],"wp:featuredmedia":[{"embeddable":true,"href":"http:\/\/www.affinite.fr\/index.php\/wp-json\/wp\/v2\/media\/1733"}],"wp:attachment":[{"href":"http:\/\/www.affinite.fr\/index.php\/wp-json\/wp\/v2\/media?parent=1732"}],"wp:term":[{"taxonomy":"category","embeddable":true,"href":"http:\/\/www.affinite.fr\/index.php\/wp-json\/wp\/v2\/categories?post=1732"},{"taxonomy":"post_tag","embeddable":true,"href":"http:\/\/www.affinite.fr\/index.php\/wp-json\/wp\/v2\/tags?post=1732"}],"curies":[{"name":"wp","href":"https:\/\/api.w.org\/{rel}","templated":true}]}}