{"id":1714,"date":"2020-04-08T15:37:14","date_gmt":"2020-04-08T15:37:14","guid":{"rendered":"https:\/\/www.affinite.fr\/index.php\/2020\/04\/08\/il-en-faut-aussi-une-pour-entrer-en-france\/"},"modified":"2020-04-08T15:37:14","modified_gmt":"2020-04-08T15:37:14","slug":"il-en-faut-aussi-une-pour-entrer-en-france","status":"publish","type":"post","link":"http:\/\/www.affinite.fr\/index.php\/2020\/04\/08\/il-en-faut-aussi-une-pour-entrer-en-france\/","title":{"rendered":"il en faut aussi une pour entrer en France"},"content":{"rendered":"<p> [ad_1]<br \/>\n<br \/><img decoding=\"async\" src=\"https:\/\/img.bfmtv.com\/i\/0\/0\/897\/b8bc468b4981f5ef639e0446e8d22.jpeg\" \/><\/p>\n<div itemprop=\"articleBody\">\n                Depuis hier minuit, tout d\u00e9placement international n\u00e9cessite une attestation similaire \u00e0 celle que les Fran\u00e7ais doivent utiliser dans leurs <a href=\"https:\/\/www.01net.com\/actualites\/l-attestation-derogatoire-de-deplacement-est-disponible-sur-smartphone-1889596.html\" target=\"_blank\" rel=\"noopener noreferrer\">d\u00e9placements quotidiens<\/a>. Le minist\u00e8re de l&rsquo;int\u00e9rieur l&rsquo;a annonc\u00e9 par un message post\u00e9 sur Twitter :<\/p>\n<div data-force-click=\"true\" class=\"bloc\">\n<blockquote class=\"twitter-tweet\">\n<p lang=\"fr\" dir=\"ltr\">??? <a href=\"https:\/\/twitter.com\/hashtag\/Covid19?src=hash&amp;ref_src=twsrc%5Etfw\">#Covid19<\/a> | Des restrictions d&rsquo;acc\u00e8s au territoire fran\u00e7ais sont mises en place dans le cadre de l&rsquo;\u00e9tat d&rsquo;urgence sanitaire.<br \/>? \u00c0 compter du 8 avril, 0h00, tout voyageur est tenu d&rsquo;avoir l&rsquo;attestation correspondant \u00e0 sa situation.<br \/>\u27a1\ufe0f <a href=\"https:\/\/t.co\/85XhyP7ICZ\">https:\/\/t.co\/85XhyP7ICZ<\/a> <a href=\"https:\/\/t.co\/8Bb2ouooTP\">pic.twitter.com\/8Bb2ouooTP<\/a><\/p>\n<p>\u2014 Minist\u00e8re de l&rsquo;Int\u00e9rieur (@Place_Beauvau) <a href=\"https:\/\/twitter.com\/Place_Beauvau\/status\/1247549672362782722?ref_src=twsrc%5Etfw\">April 7, 2020<\/a><\/p><\/blockquote><\/div>\n<p>Il y a en fait trois attestations diff\u00e9rentes selon les cas :<\/p>\n<ul>\n<li>D\u00e9placement de la France m\u00e9tropolitaine vers l\u2019Outre-mer<\/li>\n<li>Voyage international depuis l\u2019\u00e9tranger vers la France m\u00e9tropolitaine<\/li>\n<li>Voyage international depuis l\u2019\u00e9tranger vers une collectivit\u00e9 d\u2019Outre-mer<\/li>\n<\/ul>\n<p>Parmi les personnes qui b\u00e9n\u00e9ficient de l&rsquo;autorisation, citons les\u00a0ressortissants de nationalit\u00e9 fran\u00e7aise, les familles\u00a0ayant leur r\u00e9sidence principale en France, les\u00a0professionnels de sant\u00e9 qui luttent\u00a0contre le Covid-19, les transporteurs de marchandises, les\u00a0\u00e9quipages et personnels de compagnies a\u00e9riennes, ainsi que les\u00a0personnels des missions diplomatiques et consulaires.<\/p>\n<aside class=\"bg-color-0 padding-inside-all-s bloc border-s\">\n<h4 class=\"box-txt-normal\">\n<p><strong>A d\u00e9couvrir aussi en vid\u00e9o :<\/strong><\/p>\n<\/h4>\n<\/aside>\n<p>Les attestations sont disponibles sur le <a href=\"https:\/\/www.interieur.gouv.fr\/Actualites\/L-actu-du-Ministere\/Attestation-de-deplacement-derogatoire-et-justificatif-de-deplacement-professionnel\" target=\"_blank\" rel=\"noopener noreferrer\">site du minist\u00e8re de l&rsquo;int\u00e9rieur<\/a> en fran\u00e7ais ou en anglais. En revanche, elles ne b\u00e9n\u00e9ficient pas de versions \u00e9lectroniques sur smartphones.<\/p>\n<p><strong>Source <\/strong>: minist\u00e8re de l&rsquo;int\u00e9rieur.<\/p>\n<\/p><\/div>\n<p><script async src=\"http:\/\/platform.twitter.com\/widgets.js\" charset=\"utf-8\"><\/script><script>\n         !function(f,b,e,v,n,t,s){if(f.fbq)return;n=f.fbq=function()\n         {n.callMethod? n.callMethod.apply(n,arguments):n.queue.push(arguments)}\n         ;if(!f._fbq)f._fbq=n;\n             n.push=n;n.loaded=!0;n.version='2.0';n.queue=[];t=b.createElement(e);t.async=!0;\n             t.src=v;s=b.getElementsByTagName(e)[0];s.parentNode.insertBefore(t,s)}(window,\n                 document,'script','https:\/\/connect.facebook.net\/en_US\/fbevents.js');\n         fbq('init', '1065890633454496');\n         fbq('track', 'PageView');\n     <\/script><br \/>\n<br \/>[ad_2]<br \/>\n<br \/><a href=\"https:\/\/www.01net.com\/actualites\/attestation-de-deplacement-derogatoire-il-en-faut-aussi-une-pour-entrer-en-france-1891032.html\">Source link <\/a><\/p>\n","protected":false},"excerpt":{"rendered":"<p>[ad_1] Depuis hier minuit, tout d\u00e9placement international n\u00e9cessite une attestation similaire \u00e0 celle que les Fran\u00e7ais doivent utiliser dans leurs &hellip; <a href=\"http:\/\/www.affinite.fr\/index.php\/2020\/04\/08\/il-en-faut-aussi-une-pour-entrer-en-france\/\" class=\"more-link\">Plus <span class=\"screen-reader-text\">il en faut aussi une pour entrer en France<\/span> <span class=\"meta-nav\">&rarr;<\/span><\/a><\/p>\n","protected":false},"author":1,"featured_media":1715,"comment_status":"open","ping_status":"open","sticky":false,"template":"","format":"standard","meta":{"_sitemap_exclude":false,"_sitemap_priority":"","_sitemap_frequency":"","footnotes":""},"categories":[1],"tags":[],"class_list":["post-1714","post","type-post","status-publish","format-standard","has-post-thumbnail","hentry","category-tous"],"_links":{"self":[{"href":"http:\/\/www.affinite.fr\/index.php\/wp-json\/wp\/v2\/posts\/1714"}],"collection":[{"href":"http:\/\/www.affinite.fr\/index.php\/wp-json\/wp\/v2\/posts"}],"about":[{"href":"http:\/\/www.affinite.fr\/index.php\/wp-json\/wp\/v2\/types\/post"}],"author":[{"embeddable":true,"href":"http:\/\/www.affinite.fr\/index.php\/wp-json\/wp\/v2\/users\/1"}],"replies":[{"embeddable":true,"href":"http:\/\/www.affinite.fr\/index.php\/wp-json\/wp\/v2\/comments?post=1714"}],"version-history":[{"count":0,"href":"http:\/\/www.affinite.fr\/index.php\/wp-json\/wp\/v2\/posts\/1714\/revisions"}],"wp:featuredmedia":[{"embeddable":true,"href":"http:\/\/www.affinite.fr\/index.php\/wp-json\/wp\/v2\/media\/1715"}],"wp:attachment":[{"href":"http:\/\/www.affinite.fr\/index.php\/wp-json\/wp\/v2\/media?parent=1714"}],"wp:term":[{"taxonomy":"category","embeddable":true,"href":"http:\/\/www.affinite.fr\/index.php\/wp-json\/wp\/v2\/categories?post=1714"},{"taxonomy":"post_tag","embeddable":true,"href":"http:\/\/www.affinite.fr\/index.php\/wp-json\/wp\/v2\/tags?post=1714"}],"curies":[{"name":"wp","href":"https:\/\/api.w.org\/{rel}","templated":true}]}}