{"id":1710,"date":"2020-04-08T14:54:36","date_gmt":"2020-04-08T14:54:36","guid":{"rendered":"https:\/\/www.affinite.fr\/index.php\/2020\/04\/08\/il-etait-une-fois-la-patisserie-17\/"},"modified":"2020-04-08T14:54:36","modified_gmt":"2020-04-08T14:54:36","slug":"il-etait-une-fois-la-patisserie-17","status":"publish","type":"post","link":"http:\/\/www.affinite.fr\/index.php\/2020\/04\/08\/il-etait-une-fois-la-patisserie-17\/","title":{"rendered":"Il \u00e9tait une fois la p\u00e2tisserie"},"content":{"rendered":"<p> [ad_1]<br \/>\n<\/p>\n<div>\nOn a beau \u00eatre confin\u00e9, on f\u00eatera P\u00e2ques \u00e0 la maison tant bien que mal ! Je vous propose donc une recette facile, un <span style=\"font-size: large;\"><b><span class=\"fn\">g\u00e2teau potager de P\u00e2ques au <a href=\"http:\/\/www.affinite.fr\/index.php\/2025\/02\/27\/le-chocolat-et-le-materiel-indispensable-pour-reussir-vos-creations-gourmandes\/\">chocolat<\/a> !<\/span><\/b><\/span> Je le trouve trop mignon et il devrait plaire aux enfants.<\/p>\n<p>La recette est ici en vid\u00e9o : <span class=\"lienamazon\"><a href=\"https:\/\/youtu.be\/bWdk6l4ZzRw\" target=\"_blank\" rel=\"noopener noreferrer\">g\u00e2teau potager en vid\u00e9o<\/a><\/span>. <\/p>\n<div class=\"separator\" style=\"clear: both; text-align: center;\">\n<a href=\"https:\/\/www.iletaitunefoislapatisserie.com\/2020\/04\/gateau-potager-de-paques-au-chocolat.html\"><img decoding=\"async\" alt=\"gateau potager facile paques\" border=\"0\" class=\"photo\" data-original-height=\"422\" data-original-width=\"650\" src=\"https:\/\/1.bp.blogspot.com\/-9kWHq0FJMhM\/Xo2gxQBYbTI\/AAAAAAABMkg\/uXuiHwLHwHUIezRQn0kM9Uk0VtAWTejwwCLcBGAsYHQ\/s1600\/recette-gateau-potager-paques.jpg\" title=\"gateau potager paques\"\/><\/a><\/div>\n<p><a name=\"more\"\/><br \/>Ce g\u00e2teau potager est compos\u00e9 d&rsquo;une base en <b>p\u00e2te \u00e0 cookie<\/b> bien croustillante et d&rsquo;une <b>ganache <\/b>au chocolat (rien de plus facile).<\/p>\n<p>Pour la d\u00e9co, j&rsquo;ai r\u00e9alis\u00e9 des <b>carottes en p\u00e2te d&rsquo;amande<\/b> que j&rsquo;ai color\u00e9es en <b>orange<\/b>. Vous pouvez soit acheter de la p\u00e2te d&rsquo;amande, soit la faire maison.<\/p>\n<p>Le mieux c&rsquo;est la <a href=\"https:\/\/www.iletaitunefoislapatisserie.com\/2014\/10\/pate-damande-maison.html\" target=\"_blank\" rel=\"noopener noreferrer\">p\u00e2te d&rsquo;amande maison<\/a>, mais je n&rsquo;avais plus d&rsquo;amandes enti\u00e8res et impossible d&rsquo;en faire livrer (je pr\u00e9cise qu&rsquo;on est en plein confinement 2020 pour les gens qui liront cette recette plus tard !). Du coup, j&rsquo;ai pris de la p\u00e2te d&rsquo;amande toute pr\u00eate.<\/p>\n<div class=\"separator\" style=\"clear: both; text-align: center;\">\n<a href=\"https:\/\/1.bp.blogspot.com\/-PoiOoOVnhnw\/Xo2gwzn0OqI\/AAAAAAABMkU\/bE5LmgsEq9sGb_O_6VrCxiHkdgvoXQ_RQCLcBGAsYHQ\/s1600\/gateau-potager-chocolat-paques.jpg\" imageanchor=\"1\" style=\"margin-left: 1em; margin-right: 1em;\"><img decoding=\"async\" alt=\"gateau paques original\" border=\"0\" data-original-height=\"702\" data-original-width=\"650\" src=\"https:\/\/1.bp.blogspot.com\/-PoiOoOVnhnw\/Xo2gwzn0OqI\/AAAAAAABMkU\/bE5LmgsEq9sGb_O_6VrCxiHkdgvoXQ_RQCLcBGAsYHQ\/s1600\/gateau-potager-chocolat-paques.jpg\" title=\"gateau de paques potager\"\/><\/a><\/div>\n<p>Vous pouvez aussi bien s\u00fbr faire des carottes en<a href=\"https:\/\/www.iletaitunefoislapatisserie.com\/2016\/11\/recette-de-pate-sucre-maison.html\" target=\"_blank\" rel=\"noopener noreferrer\"> p\u00e2te \u00e0 sucre<\/a> si vous pr\u00e9f\u00e9rez (mais vous ne pourrez pas les manger !). <\/p>\n<p>Pour donner un effet de terre, j&rsquo;ai utilis\u00e9 des <b>biscuits Or\u00e9os<\/b>. C&rsquo;est ce que j&rsquo;avais fait dans mon <a href=\"https:\/\/www.iletaitunefoislapatisserie.com\/2019\/09\/campfire-cake-ou-gateau-feu-de-camp.html\" target=\"_blank\" rel=\"noopener noreferrer\">g\u00e2teau feu de camp<\/a> et je trouve que \u00e7a rend tr\u00e8s bien !<\/p>\n<div class=\"separator\" style=\"clear: both; text-align: center;\">\n<a href=\"https:\/\/1.bp.blogspot.com\/-k_SCpOHmt_s\/Xo2gwUsIuKI\/AAAAAAABMkM\/Uoaa7AMSXEgLFsG0ESOrCTvI1lSU1YrugCLcBGAsYHQ\/s1600\/cookie-potager-de-paques.jpg\" imageanchor=\"1\" style=\"margin-left: 1em; margin-right: 1em;\"><img decoding=\"async\" alt=\"gateau paques chocolat\" border=\"0\" data-original-height=\"945\" data-original-width=\"650\" src=\"https:\/\/1.bp.blogspot.com\/-k_SCpOHmt_s\/Xo2gwUsIuKI\/AAAAAAABMkM\/Uoaa7AMSXEgLFsG0ESOrCTvI1lSU1YrugCLcBGAsYHQ\/s1600\/cookie-potager-de-paques.jpg\" title=\"gateau paques\"\/><\/a><\/div>\n<p>\nPour cette recette, je me suis inspir\u00e9e d&rsquo;une photo de Marmiton vue sur <a href=\"https:\/\/www.pinterest.fr\/pin\/106327241180736897\/\" rel=\"nofollow noopener noreferrer\" target=\"_blank\">Pinterest<\/a>.<\/p>\n<p><span style=\"font-size: large;\"><b>D&rsquo;autres recettes de P\u00e2ques ?<\/b><\/span><\/p>\n<p>\nRetrouvez ici mon article avec tous mes <a href=\"https:\/\/www.iletaitunefoislapatisserie.com\/2019\/04\/10-recettes-de-paques.html\" target=\"_blank\" rel=\"noopener noreferrer\">desserts de P\u00e2ques<\/a>.<\/p>\n<div class=\"snippet2\">\n<b><u>INFOS RECETTE :<\/u><\/b><\/p>\n<p>\u00a0 Parts : <b><span class=\"yield\">8<\/span> personnes<\/b><br \/><i class=\"fas fa-utensils\"\/>\u00a0 Pr\u00e9paration : <b><span class=\"preptime\">40 minutes<span class=\"value-title\" title=\"PT00H40M\"\/><\/span><\/b><br \/><i class=\"fas fa-cookie\"\/>\u00a0 Cuisson : <b><span class=\"cooktime\">18 minutes<span class=\"value-title\" title=\"PT00H18M\"\/><\/span><\/b><br \/><i class=\"far fa-clock\"\/>\u00a0 Total : <b><span class=\"duration\">58 minutes<span class=\"value-title\" title=\"PT00H58M\"\/><\/span><\/b><\/p>\n<\/div>\n<div class=\"quantite\">\n<u>Ingr\u00e9dients pour un g\u00e2teau potager de P\u00e2ques :<\/u><br \/><u><span class=\"ingredient\">P\u00e2te \u00e0 cookie :<\/span><\/u><\/p>\n<ul style=\"text-align: left;\">\n<li><span class=\"ingredient\">180 g de beurre mou<\/span><\/li>\n<li><span class=\"ingredient\">160 g de sucre blond<\/span> <\/li>\n<li><span class=\"ingredient\">1 \u0153uf \u00e0 temp\u00e9rature ambiante<\/span><\/li>\n<li><span class=\"ingredient\">1 cuiller\u00e9e \u00e0 caf\u00e9 d&rsquo;extrait de vanille liquide<\/span><\/li>\n<li><span class=\"ingredient\">240 g de farine<\/span><\/li>\n<li><span class=\"ingredient\">1 cuiller\u00e9e \u00e0 soupe de f\u00e9cule de ma\u00efs<\/span><\/li>\n<li><span class=\"ingredient\">1 cuiller\u00e9e \u00e0 caf\u00e9 de levure chimique<\/span><\/li>\n<li><span class=\"ingredient\">1 pinc\u00e9e de sel<\/span><\/li>\n<li><span class=\"ingredient\">180 g de p\u00e9pites de chocolat<\/span><\/li>\n<\/ul>\n<p><u><span class=\"ingredient\">Ganache :<\/span><\/u><\/p>\n<ul style=\"text-align: left;\">\n<li><span class=\"ingredient\">150 g de chocolat noir<\/span><\/li>\n<li><span class=\"ingredient\">150 ml de cr\u00e8me liquide (j&rsquo;ai pris de la enti\u00e8re mais vous pouvez prendre de la all\u00e9g\u00e9e)<\/span><\/li>\n<li><span class=\"ingredient\">30 g de beurre (demi-sel de pr\u00e9f\u00e9rence) <\/span><\/li>\n<\/ul>\n<p><u><span class=\"ingredient\">D\u00e9co :<\/span><\/u><\/p>\n<ul style=\"text-align: left;\">\n<li><span class=\"ingredient\">5 biscuits Or\u00e9os pour la terre<\/span><\/li>\n<li><span class=\"ingredient\">130 g de poudre d&rsquo;amande (la recette maison est ici : <a href=\"https:\/\/www.iletaitunefoislapatisserie.com\/2014\/10\/pate-damande-maison.html\" target=\"_blank\" rel=\"noopener noreferrer\">p\u00e2te d&rsquo;amande maison<\/a>)<\/span><\/li>\n<li><span class=\"ingredient\"><a href=\"https:\/\/www.scrapcooking.fr\/fr\/7383-colorant-gel-alimentaire-orange-20g.html\" rel=\"nofollow noopener noreferrer\" target=\"_blank\">Colorant orange<\/a> (-10% avec le code CHRISTELLE10)<\/span><\/li>\n<li><span class=\"ingredient\"><a href=\"https:\/\/www.scrapcooking.fr\/fr\/7126-colorant-gel-alimentaire-vert-20-g-0.html\" rel=\"nofollow noopener noreferrer\" target=\"_blank\">Colorant vert<\/a> (-10% avec le code CHRISTELLE10)<\/span><\/li>\n<li>Oeufs ou d\u00e9co en chocolat de votre choix<i> <\/i><\/li>\n<\/ul>\n<\/div>\n<p><!-- Dans l'article --><\/p>\n<p><span class=\"instructions\"><u>Pr\u00e9paration :<\/u><\/span><\/p>\n<p>La recette en vid\u00e9o <a href=\"https:\/\/youtu.be\/bWdk6l4ZzRw\" target=\"_blank\" rel=\"noopener noreferrer\">est ici<\/a> :<\/p>\n<p>\n<iframe loading=\"lazy\" allow=\"autoplay; encrypted-media\" allowfullscreen=\"\" frameborder=\"0\" height=\"360\" src=\"https:\/\/www.youtube.com\/embed\/bWdk6l4ZzRw\" width=\"650\"><\/iframe><\/p>\n<h3 style=\"text-align: left;\">\n<span class=\"instructions\">P\u00e2te \u00e0 cookie<\/span><\/h3>\n<p><span class=\"instructions\">1. Pensez \u00e0 sortir le beurre et l\u2019\u0153uf <b>une heure \u00e0 l&rsquo;avance du r\u00e9frig\u00e9rateur<\/b><br \/>\n afin que tout soit \u00e0 temp\u00e9rature ambiante. C&rsquo;est important ! Et si<br \/>\njamais vous n&rsquo;avez pas le temps, vous pouvez passer le beurre quelques<br \/>\nsecondes au micro-ondes \u00e0 puissance minimale et placer l\u2019\u0153uf quelques<br \/>\nminutes dans un verre d&rsquo;eau ti\u00e8de (pas chaude, il ne faudrait pas qu&rsquo;il<br \/>\ncuise !).<\/p>\n<p>2. M\u00e9langez le beurre avec les sucres jusqu&rsquo;\u00e0 ce que le m\u00e9lange devienne <b>mousseux<\/b>.<br \/>\n Vous pouvez le faire \u00e0 la main ou bien avec la feuille de votre robot<br \/>\np\u00e2tissier. Ajoutez l\u2019\u0153uf et la vanille liquide, puis m\u00e9langez de<br \/>\nnouveau.<\/p>\n<p><\/span><br \/><span class=\"instructions\"><br \/>3. Dans un autre r\u00e9cipient, tamisez ensemble la farine, la f\u00e9cule de ma\u00efs,<br \/>\nla levure et le sel. Avec une cuill\u00e8re en bois ou toujours au robot,<br \/>\nincorporez le tout \u00e0 la premi\u00e8re pr\u00e9paration.<\/span><br \/><span class=\"instructions\"><br \/>4. Pour finir, ajoutez les <b>p\u00e9pites de chocolat<\/b>. M\u00e9langez.<\/span><\/p>\n<div class=\"separator\" style=\"clear: both; text-align: center;\">\n<span class=\"instructions\"><a href=\"https:\/\/1.bp.blogspot.com\/-N1cMjgvdVpk\/U6ng3UaGRlI\/AAAAAAAAEbU\/aoLy0AztIJw\/s1600\/IMG_9784.JPG\" style=\"margin-left: 1em; margin-right: 1em;\"><img loading=\"lazy\" decoding=\"async\" border=\"0\" height=\"213\" src=\"https:\/\/1.bp.blogspot.com\/-N1cMjgvdVpk\/U6ng3UaGRlI\/AAAAAAAAEbU\/aoLy0AztIJw\/s1600\/IMG_9784.JPG\" width=\"320\"\/><\/a><\/span><\/div>\n<p><span class=\"instructions\"><br \/>\n<br \/>5. Placez 30 minutes environ<b> au r\u00e9frig\u00e9rateur<\/b> afin que la p\u00e2te soit plus facile<br \/>\n \u00e0 travailler.<\/span><\/p>\n<p>6. \u00c9talez la p\u00e2te sur une \u00e9paisseur de 5 mm environ, entre deux feuilles de papier cuisson.<\/p>\n<p>7. Disposez votre <span class=\"lienamazon\"><a href=\"https:\/\/amzn.to\/2V9pyNT\" rel=\"nofollow noopener noreferrer\" target=\"_blank\">cadre \u00e0 p\u00e2tisserie<\/a><\/span> sur la p\u00e2te et d\u00e9coupez le fond. Avec les chutes, d\u00e9coupez de quoi faire les bords du potager et disposez-les sur les rebords de votre cadre. J&rsquo;ai mis du papier alu pour que les bords tiennent bien \u00e0 la cuisson.<\/p>\n<p><span class=\"instructions\">J&rsquo;utilise une <span class=\"lienamazon\"><a href=\"https:\/\/amzn.to\/33R8sIu\" rel=\"nofollow noopener noreferrer\" target=\"_blank\">plaque de cuisson perfor\u00e9e<\/a><\/span>. C&rsquo;est l&rsquo;id\u00e9al pour la cuisson des cookies, biscuits, tartes, etc.<\/span><\/p>\n<div class=\"separator\" style=\"clear: both; text-align: center;\">\n<a href=\"https:\/\/1.bp.blogspot.com\/-FlQls0cTiZ8\/Xo2gvsujNlI\/AAAAAAABMkA\/N5Y2rMgME1wUdBVe5XO4eJQtZjlaT9PUQCLcBGAsYHQ\/s1600\/IMG_8013.jpg\" imageanchor=\"1\" style=\"margin-left: 1em; margin-right: 1em;\"><img decoding=\"async\" border=\"0\" data-original-height=\"290\" data-original-width=\"400\" src=\"https:\/\/1.bp.blogspot.com\/-FlQls0cTiZ8\/Xo2gvsujNlI\/AAAAAAABMkA\/N5Y2rMgME1wUdBVe5XO4eJQtZjlaT9PUQCLcBGAsYHQ\/s1600\/IMG_8013.jpg\"\/><\/a><\/div>\n<p>8. Placez 30 minutes au cong\u00e9lateur, afin de bien figer la p\u00e2te.<\/p>\n<h3 style=\"text-align: left;\">\n<span class=\"instructions\">Carottes en p\u00e2te d&rsquo;amande<\/span><\/h3>\n<p>\nEn attendant, pr\u00e9parez les carottes en p\u00e2te d&rsquo;amande.<\/p>\n<p><span class=\"instructions\">1. Pour colorer la p\u00e2te, placez une goutte de <a href=\"https:\/\/www.scrapcooking.fr\/fr\/7383-colorant-gel-alimentaire-orange-20g.html\" rel=\"nofollow noopener noreferrer\" target=\"_blank\">colorant orange<\/a> (en gel de pr\u00e9f\u00e9rence) au centre de 100 g de p\u00e2te d&rsquo;amande et malaxez jusqu&rsquo;\u00e0 ce que la couleur devienne <b>homog\u00e8ne<\/b>. N&rsquo;h\u00e9sitez pas \u00e0 bien appuyer la p\u00e2te sur le plan de travail (on appelle \u00e7a <b>fraiser<\/b>), \u00e7a aidera \u00e0 bien incorporer la couleur.<\/span><\/p>\n<p><span class=\"instructions\">2. Formez une boule de la taille d&rsquo;une petite noix entre vos mains avec <b>p\u00e2te orange<\/b>. Aplatissez-la en forme de <b>c\u00f4ne <\/b>et tracez des lignes tout le long pour imiter une carotte. Coupez le bout. Renouvelez l&rsquo;op\u00e9ration jusqu&rsquo;\u00e0 \u00e9puisement de la p\u00e2te orange.<\/span><\/p>\n<p><span class=\"instructions\"><br \/>3. Pour les fanes, colorez environ 30 g de p\u00e2te d&rsquo;amande avec du <a href=\"https:\/\/www.scrapcooking.fr\/fr\/7126-colorant-gel-alimentaire-vert-20-g-0.html\" rel=\"nofollow noopener noreferrer\" target=\"_blank\">colorant vert<\/a>.<br \/><\/span><\/p>\n<p>4. Avec la lame d&rsquo;un couteau, d\u00e9coupez des <b>formes d&rsquo;\u00e9toiles<\/b> dans la p\u00e2te verte.<\/p>\n<div class=\"separator\" style=\"clear: both; text-align: center;\">\n<a href=\"https:\/\/1.bp.blogspot.com\/-KluQLvVdO-Y\/Xo2gv9Dk6fI\/AAAAAAABMkI\/zYbJyX1bP1U0DhaUBMrjvmyHihVWWltnACLcBGAsYHQ\/s1600\/IMG_8012.jpg\" imageanchor=\"1\" style=\"margin-left: 1em; margin-right: 1em;\"><img decoding=\"async\" border=\"0\" data-original-height=\"405\" data-original-width=\"400\" src=\"https:\/\/1.bp.blogspot.com\/-KluQLvVdO-Y\/Xo2gv9Dk6fI\/AAAAAAABMkI\/zYbJyX1bP1U0DhaUBMrjvmyHihVWWltnACLcBGAsYHQ\/s1600\/IMG_8012.jpg\"\/><\/a><\/div>\n<p><span class=\"instructions\"><br \/>\n5. D\u00e9collez les fanes du plan de travail et relevez-les vers le haut. Collez les fanes sur le corps de la carotte.<\/span><\/p>\n<p>C&rsquo;est le moment d&rsquo;enfourner la p\u00e2te \u00e0 cookies pour<b> 18 minutes<\/b>, dans un <b>four pr\u00e9chauff\u00e9 \u00e0 180\u00b0C.<\/b><\/p>\n<h3 style=\"text-align: left;\">\nGanache chocolat<\/h3>\n<p><span class=\"instructions\">1. Coupez le chocolat noir en<b> petits morceaux<\/b> et placez-les dans un r\u00e9cipient.<\/span><\/p>\n<p><span class=\"instructions\">2. Faites chauffer la cr\u00e8me liquide.<\/span><\/p>\n<p><span class=\"instructions\"><br \/>\n3. Versez la cr\u00e8me <b>bien chaude<\/b> sur le chocolat, et m\u00e9langez avec un fouet \u00e0 main jusqu&rsquo;\u00e0 ce que le chocolat soit fondu.<\/span><\/p>\n<p><span class=\"instructions\">4. Ajoutez le beurre en morceaux et laissez-le fondre tout en m\u00e9langeant.<\/span><\/p>\n<p><span class=\"instructions\"><br \/>\n5. Versez la ganache sur le fond de tarte en p\u00e2te \u00e0 cookie.<\/span><\/p>\n<div class=\"separator\" style=\"clear: both; text-align: center;\">\n<a href=\"https:\/\/1.bp.blogspot.com\/-cdPhHb7MpCg\/Xo2gv4Fw0aI\/AAAAAAABMkE\/49WYBC6C2ZEUCoK_vAVCbmna7R1lRoO9QCLcBGAsYHQ\/s1600\/IMG_8015.jpg\" imageanchor=\"1\" style=\"margin-left: 1em; margin-right: 1em;\"><img decoding=\"async\" border=\"0\" data-original-height=\"255\" data-original-width=\"400\" src=\"https:\/\/1.bp.blogspot.com\/-cdPhHb7MpCg\/Xo2gv4Fw0aI\/AAAAAAABMkE\/49WYBC6C2ZEUCoK_vAVCbmna7R1lRoO9QCLcBGAsYHQ\/s1600\/IMG_8015.jpg\"\/><\/a><\/div>\n<p><span class=\"instructions\"\/><\/p>\n<h3 class=\"separator\" style=\"clear: both; text-align: left;\">\nD\u00e9co<\/h3>\n<p>\n1. Ouvrez les <b>biscuits Or\u00e9o<\/b> en 2 et grattez la garniture. Emiettez la partie biscuit noire sur la ganache pour imiter la terre.<\/p>\n<p>\n2. Plantez les <b>carottes <\/b>en p\u00e2te d&rsquo;amande dans le potager.<\/p>\n<p>\n3. D\u00e9corez avec des <b>oeufs de P\u00e2ques<\/b> en chocolat ou ce que vous avez chez vous !<\/p>\n<p><\/p>\n<div class=\"separator\" style=\"clear: both; text-align: center;\">\n<a href=\"https:\/\/1.bp.blogspot.com\/-ysgOJgR462g\/Xo2gxK3Ul5I\/AAAAAAABMkc\/5wu6RQ7LFoAJ4tickRtkNUuJ6TRUobErgCLcBGAsYHQ\/s1600\/gateau-potager-paques.jpg\" imageanchor=\"1\" style=\"margin-left: 1em; margin-right: 1em;\"><img decoding=\"async\" alt=\"gateau de paques chocolat\" border=\"0\" data-original-height=\"434\" data-original-width=\"650\" src=\"https:\/\/1.bp.blogspot.com\/-ysgOJgR462g\/Xo2gxK3Ul5I\/AAAAAAABMkc\/5wu6RQ7LFoAJ4tickRtkNUuJ6TRUobErgCLcBGAsYHQ\/s1600\/gateau-potager-paques.jpg\" title=\"gateau de paques\"\/><\/a><\/div>\n<p>Laissez <b>cristalliser <\/b>la ganache pendant au moins une heure \u00e0 temp\u00e9rature ambiante (ou 30 minutes au r\u00e9frig\u00e9rateur si vous n&rsquo;avez pas le temps) avant de servir.<\/p>\n<div class=\"separator\" style=\"clear: both; text-align: center;\">\n<a href=\"https:\/\/1.bp.blogspot.com\/-An2rGx_woOY\/Xo2gwkA8ITI\/AAAAAAABMkQ\/iGR9eldKwxQw4mZPcRauz29sSQ6VWzhDACLcBGAsYHQ\/s1600\/gateau-facile-paques.jpg\" imageanchor=\"1\" style=\"margin-left: 1em; margin-right: 1em;\"><img decoding=\"async\" alt=\"recette gateau potager\" border=\"0\" data-original-height=\"849\" data-original-width=\"650\" src=\"https:\/\/1.bp.blogspot.com\/-An2rGx_woOY\/Xo2gwkA8ITI\/AAAAAAABMkQ\/iGR9eldKwxQw4mZPcRauz29sSQ6VWzhDACLcBGAsYHQ\/s1600\/gateau-facile-paques.jpg\" title=\"recette gateau paques\"\/><\/a><\/div>\n<p>\nCe g\u00e2teau potager est un pur r\u00e9gal pour les gourmands !<\/p>\n<div class=\"separator\" style=\"clear: both; text-align: left;\">\nJe trouve qu&rsquo;il repr\u00e9sente bien l&rsquo;esprit de <a href=\"https:\/\/www.iletaitunefoislapatisserie.com\/2019\/04\/10-recettes-de-paques.html\" target=\"_blank\" rel=\"noopener noreferrer\">P\u00e2ques<\/a> avec les carottes du lapin, les oeufs et le chocolat. Et les enfants vont l&rsquo;adorer !<\/div>\n<div class=\"separator\" style=\"clear: both; text-align: center;\">\n<a href=\"https:\/\/1.bp.blogspot.com\/-Ll9_60SaKus\/Xo2gw66bmFI\/AAAAAAABMkY\/aCXz7K0F5fUQieNk5J48bZciGvQbSY72gCLcBGAsYHQ\/s1600\/gateau-facile-potager-paques.jpg\" imageanchor=\"1\" style=\"margin-left: 1em; margin-right: 1em;\"><img decoding=\"async\" alt=\"gateau potager facile\" border=\"0\" data-original-height=\"493\" data-original-width=\"650\" src=\"https:\/\/1.bp.blogspot.com\/-Ll9_60SaKus\/Xo2gw66bmFI\/AAAAAAABMkY\/aCXz7K0F5fUQieNk5J48bZciGvQbSY72gCLcBGAsYHQ\/s1600\/gateau-facile-potager-paques.jpg\" title=\"recette gateau potager\"\/><\/a><\/div>\n<p>\n<\/div>\n<p>[ad_2]<br \/>\n<br \/><a href=\"https:\/\/www.iletaitunefoislapatisserie.com\/2020\/04\/gateau-potager-de-paques-au-chocolat.html\">Source link <\/a><\/p>\n","protected":false},"excerpt":{"rendered":"<p>[ad_1] On a beau \u00eatre confin\u00e9, on f\u00eatera P\u00e2ques \u00e0 la maison tant bien que mal ! Je vous propose &hellip; <a href=\"http:\/\/www.affinite.fr\/index.php\/2020\/04\/08\/il-etait-une-fois-la-patisserie-17\/\" class=\"more-link\">Plus <span class=\"screen-reader-text\">Il \u00e9tait une fois la p\u00e2tisserie<\/span> <span class=\"meta-nav\">&rarr;<\/span><\/a><\/p>\n","protected":false},"author":1,"featured_media":1711,"comment_status":"open","ping_status":"open","sticky":false,"template":"","format":"standard","meta":{"_sitemap_exclude":false,"_sitemap_priority":"","_sitemap_frequency":"","footnotes":""},"categories":[1],"tags":[],"class_list":["post-1710","post","type-post","status-publish","format-standard","has-post-thumbnail","hentry","category-tous"],"_links":{"self":[{"href":"http:\/\/www.affinite.fr\/index.php\/wp-json\/wp\/v2\/posts\/1710"}],"collection":[{"href":"http:\/\/www.affinite.fr\/index.php\/wp-json\/wp\/v2\/posts"}],"about":[{"href":"http:\/\/www.affinite.fr\/index.php\/wp-json\/wp\/v2\/types\/post"}],"author":[{"embeddable":true,"href":"http:\/\/www.affinite.fr\/index.php\/wp-json\/wp\/v2\/users\/1"}],"replies":[{"embeddable":true,"href":"http:\/\/www.affinite.fr\/index.php\/wp-json\/wp\/v2\/comments?post=1710"}],"version-history":[{"count":0,"href":"http:\/\/www.affinite.fr\/index.php\/wp-json\/wp\/v2\/posts\/1710\/revisions"}],"wp:featuredmedia":[{"embeddable":true,"href":"http:\/\/www.affinite.fr\/index.php\/wp-json\/wp\/v2\/media\/1711"}],"wp:attachment":[{"href":"http:\/\/www.affinite.fr\/index.php\/wp-json\/wp\/v2\/media?parent=1710"}],"wp:term":[{"taxonomy":"category","embeddable":true,"href":"http:\/\/www.affinite.fr\/index.php\/wp-json\/wp\/v2\/categories?post=1710"},{"taxonomy":"post_tag","embeddable":true,"href":"http:\/\/www.affinite.fr\/index.php\/wp-json\/wp\/v2\/tags?post=1710"}],"curies":[{"name":"wp","href":"https:\/\/api.w.org\/{rel}","templated":true}]}}