{"id":1708,"date":"2020-04-08T14:33:29","date_gmt":"2020-04-08T14:33:29","guid":{"rendered":"https:\/\/www.affinite.fr\/index.php\/2020\/04\/08\/le3-2020-virtuel-est-a-son-tour-annule\/"},"modified":"2020-04-08T14:33:29","modified_gmt":"2020-04-08T14:33:29","slug":"le3-2020-virtuel-est-a-son-tour-annule","status":"publish","type":"post","link":"http:\/\/www.affinite.fr\/index.php\/2020\/04\/08\/le3-2020-virtuel-est-a-son-tour-annule\/","title":{"rendered":"l&rsquo;E3 2020 virtuel est \u00e0 son tour annul\u00e9"},"content":{"rendered":"<p> [ad_1]<br \/>\n<br \/><img decoding=\"async\" src=\"https:\/\/img.bfmtv.com\/i\/0\/0\/44d\/ca2bf58fc4d53c47c8ba7415497e8.jpg\" \/><\/p>\n<div itemprop=\"articleBody\">\n<p>Pas d&rsquo;E3 du tout en 2020. Apr\u00e8s que <a href=\"https:\/\/www.01net.com\/actualites\/e3-2020-le-grand-salon-du-jeu-video-annule-a-cause-du-coronavirus-1872970.html\" target=\"_blank\" rel=\"noopener noreferrer\">l&rsquo;\u00e9v\u00e9nement annuel californien a \u00e9t\u00e9 tout simplement annul\u00e9 le 11 mars dernier<\/a>, il subsistait une lueur d&rsquo;espoir : celle que l&rsquo;ESA, les organisateurs du salon, parvienne \u00e0 cr\u00e9er quelques animations virtuelles ou d\u00e9mat\u00e9rialis\u00e9es pour l&rsquo;occasion. Il n&rsquo;en sera rien et c&rsquo;est un communiqu\u00e9 envoy\u00e9 \u00e0 nos confr\u00e8res am\u00e9ricains de <em>PCGamer<\/em> qui nous le r\u00e9v\u00e8le :<\/p>\n<blockquote>\n<p>\u00ab <em>Compte tenu de tous les probl\u00e8mes pos\u00e9s par la pand\u00e9mie de COVID-19, nous ne ferons pas d&rsquo;\u00e9v\u00e9nement en ligne pour l&rsquo;E3 2020, au mois de juin. A la place, nous allons travailler avec les exposants pour promouvoir et organiser des manifestations individuelles, y compris sur notre site officiel, dans les mois qui viennent.<\/em>\u00a0\u00bb<\/p>\n<\/blockquote>\n<p>Il y a quelques jours, l&rsquo;ESA communiquait les dates de l&rsquo;\u00e9dition 2021 de l&rsquo;E3 tout en assurant travailler sur un nouveau format \u00e0 donner \u00e0 son salon. Enfin, rappelons que pour tenter de remplacer cet \u00e9v\u00e9nement mondial et ne pas laisser le mois de juin sans sa dose traditionnelle de jeux vid\u00e9o, plusieurs \u00e9diteurs pr\u00e9voient tout de m\u00eame d&rsquo;organiser quelques visioconf\u00e9rences. Sans oublier que, le site Internet am\u00e9ricain IGN a annonc\u00e9 qu&rsquo;il <a href=\"https:\/\/www.01net.com\/actualites\/l-e3-2020-n-aura-pas-lieu-mais-le-jeu-video-fera-quand-meme-la-fete-en-juin-1889631.html\" target=\"_blank\" rel=\"noopener noreferrer\">organiserait le Summer of Gaming en juin<\/a>. Les dates pr\u00e9cises devraient \u00eatre connues rapidement.<\/p>\n<p><strong>Source :<\/strong> <a href=\"https:\/\/www.pcgamer.com\/e3-2021-dates-announced-but-theres-still-no-word-about-the-2020-online-experience\/\" target=\"_blank\" rel=\"noopener noreferrer\">PCGamer<\/a><\/p>\n<\/p><\/div>\n<p><script>\n         !function(f,b,e,v,n,t,s){if(f.fbq)return;n=f.fbq=function()\n         {n.callMethod? n.callMethod.apply(n,arguments):n.queue.push(arguments)}\n         ;if(!f._fbq)f._fbq=n;\n             n.push=n;n.loaded=!0;n.version='2.0';n.queue=[];t=b.createElement(e);t.async=!0;\n             t.src=v;s=b.getElementsByTagName(e)[0];s.parentNode.insertBefore(t,s)}(window,\n                 document,'script','https:\/\/connect.facebook.net\/en_US\/fbevents.js');\n         fbq('init', '1065890633454496');\n         fbq('track', 'PageView');\n     <\/script><br \/>\n<br \/>[ad_2]<br \/>\n<br \/><a href=\"https:\/\/www.01net.com\/actualites\/grand-salon-du-jeu-video-l-e3-2020-virtuel-est-a-son-tour-annule-1891002.html\">Source link <\/a><\/p>\n","protected":false},"excerpt":{"rendered":"<p>[ad_1] Pas d&rsquo;E3 du tout en 2020. Apr\u00e8s que l&rsquo;\u00e9v\u00e9nement annuel californien a \u00e9t\u00e9 tout simplement annul\u00e9 le 11 mars &hellip; <a href=\"http:\/\/www.affinite.fr\/index.php\/2020\/04\/08\/le3-2020-virtuel-est-a-son-tour-annule\/\" class=\"more-link\">Plus <span class=\"screen-reader-text\">l&rsquo;E3 2020 virtuel est \u00e0 son tour annul\u00e9<\/span> <span class=\"meta-nav\">&rarr;<\/span><\/a><\/p>\n","protected":false},"author":1,"featured_media":1709,"comment_status":"open","ping_status":"open","sticky":false,"template":"","format":"standard","meta":{"_sitemap_exclude":false,"_sitemap_priority":"","_sitemap_frequency":"","footnotes":""},"categories":[1],"tags":[],"class_list":["post-1708","post","type-post","status-publish","format-standard","has-post-thumbnail","hentry","category-tous"],"_links":{"self":[{"href":"http:\/\/www.affinite.fr\/index.php\/wp-json\/wp\/v2\/posts\/1708"}],"collection":[{"href":"http:\/\/www.affinite.fr\/index.php\/wp-json\/wp\/v2\/posts"}],"about":[{"href":"http:\/\/www.affinite.fr\/index.php\/wp-json\/wp\/v2\/types\/post"}],"author":[{"embeddable":true,"href":"http:\/\/www.affinite.fr\/index.php\/wp-json\/wp\/v2\/users\/1"}],"replies":[{"embeddable":true,"href":"http:\/\/www.affinite.fr\/index.php\/wp-json\/wp\/v2\/comments?post=1708"}],"version-history":[{"count":0,"href":"http:\/\/www.affinite.fr\/index.php\/wp-json\/wp\/v2\/posts\/1708\/revisions"}],"wp:featuredmedia":[{"embeddable":true,"href":"http:\/\/www.affinite.fr\/index.php\/wp-json\/wp\/v2\/media\/1709"}],"wp:attachment":[{"href":"http:\/\/www.affinite.fr\/index.php\/wp-json\/wp\/v2\/media?parent=1708"}],"wp:term":[{"taxonomy":"category","embeddable":true,"href":"http:\/\/www.affinite.fr\/index.php\/wp-json\/wp\/v2\/categories?post=1708"},{"taxonomy":"post_tag","embeddable":true,"href":"http:\/\/www.affinite.fr\/index.php\/wp-json\/wp\/v2\/tags?post=1708"}],"curies":[{"name":"wp","href":"https:\/\/api.w.org\/{rel}","templated":true}]}}