{"id":1706,"date":"2020-04-08T13:27:28","date_gmt":"2020-04-08T13:27:28","guid":{"rendered":"https:\/\/www.affinite.fr\/index.php\/2020\/04\/08\/apple-va-t-il-tuer-beats-pour-privilegier-sa-marque-airpods\/"},"modified":"2020-04-08T13:27:28","modified_gmt":"2020-04-08T13:27:28","slug":"apple-va-t-il-tuer-beats-pour-privilegier-sa-marque-airpods","status":"publish","type":"post","link":"http:\/\/www.affinite.fr\/index.php\/2020\/04\/08\/apple-va-t-il-tuer-beats-pour-privilegier-sa-marque-airpods\/","title":{"rendered":"Apple va-t-il tuer Beats pour privil\u00e9gier sa marque AirPods ?"},"content":{"rendered":"<p> [ad_1]<br \/>\n<br \/><img decoding=\"async\" src=\"https:\/\/img.bfmtv.com\/i\/0\/0\/8a4\/f6cd9861e443845784070f48ac2ff.jpg\" \/><\/p>\n<div itemprop=\"articleBody\">\n<p>C&rsquo;est un secret de polichinelle, <a href=\"https:\/\/www.01net.com\/actualites\/on-a-enfin-la-preuve-de-l-existence-d-un-casque-apple-1871977.html\" target=\"_blank\" rel=\"noopener noreferrer\">Apple travaille sur un casque haut de gamme<\/a> capable de concurrencer Bose et Sony. Selon certaines rumeurs, ce produit pourrait m\u00eame \u00eatre annonc\u00e9 en 2020 et int\u00e9grerait un syst\u00e8me de r\u00e9duction de bruit active similaire \u00e0 celui des derniers <a href=\"https:\/\/www.01net.com\/tests\/test-des-airpods-pro-apple-soigne-enfin-nos-oreilles-avec-ses-ecouteurs-true-wireless-6345.html\" target=\"_blank\" rel=\"noopener noreferrer\">AirPods Pro<\/a>. Fort du succ\u00e8s de ses \u00e9couteurs sans-fil, Apple prend de plus en plus au s\u00e9rieux le domaine de l&rsquo;audio.\u00a0<\/p>\n<p>Selon l&rsquo;analyste Jon Prosser, \u00e0 qui l&rsquo;on doit d\u00e9j\u00e0 de r\u00e9centes fuites sur le futur <a href=\"https:\/\/www.01net.com\/actualites\/apple-tout-ce-que-l-on-sait-du-futur-iphone-se-de-2020-1888167.html\" target=\"_blank\" rel=\"noopener noreferrer\">iPhone SE<\/a>, le casque Apple serait pr\u00e9sent\u00e9 lors de la WWDC Online en juin. Plus tard cette ann\u00e9e suivraient des AirPods X, un mod\u00e8le interm\u00e9diaire entre les AirPods classiques et les AirPods Pro. Ils se destineraient aux sportifs.\u00a0<\/p>\n<div data-force-click=\"true\" class=\"bloc\">\n<blockquote class=\"twitter-tweet\">\n<p lang=\"en\" dir=\"ltr\">You ready for this? ?<\/p>\n<p>Apple Over-Ear Headphones<br \/>Codename: B515<br \/>(Think Beats 700)<br \/>$350<br \/>Aimed for WWDC<\/p>\n<p>AirPods X<br \/>Codename: B517<br \/>For sports\/running<br \/>(think Beats X)<br \/>~$200<br \/>Aimed for Sept\/Oct<\/p>\n<p>\u261d\ufe0f Probably what DigiTimes thought was \u201cAirsPods Pro Lite\u201d<\/p>\n<p>End goal: phase out Beats ?<\/p>\n<p>\u2014 Jon Prosser (@jon_prosser) <a href=\"https:\/\/twitter.com\/jon_prosser\/status\/1247498140468547585?ref_src=twsrc%5Etfw\">April 7, 2020<\/a><\/p><\/blockquote><\/div>\n<h3 style=\"color:#333; font-family:arial,helvetica,sans-serif; font-size:23px; font-weight:700\">Apple d\u00e9stocke Beats\u00a0<\/h3>\n<p>Il y a quelques jours, nos confr\u00e8res d&rsquo;<a href=\"https:\/\/www.igen.fr\/accessoires\/2020\/04\/airtags-homepod-apple-de-nouveaux-produits-dans-ses-tuyaux-114079\" target=\"_blank\" rel=\"noopener noreferrer\">iGeneration<\/a>\u00a0ont obtenu la preuve qu&rsquo;Apple d\u00e9stocke actuellement quelques uns de ses produits audio. Les casques Beats et l&rsquo;enceinte HomePod sont commercialis\u00e9s avec 50% de remise aux employ\u00e9s de la marque, ce qui signifie g\u00e9n\u00e9ralement que de nouveaux produits arrivent. Dans le cas de Beats, il est facilement imaginable que le casque Apple prenne le relais. C&rsquo;est justement ce qu&rsquo;indique Jon Prosser, Apple a pour projet d&rsquo;absorber sa filiale.\u00a0<\/p>\n<aside class=\"bg-color-0 padding-inside-all-s bloc border-s\">\n<h4 class=\"box-txt-normal\">\n<p><strong>\u00c0 d\u00e9couvrir aussi en vid\u00e9o :<\/strong><\/p>\n<\/h4>\n<\/aside>\n<p>                En acqu\u00e9rant Beats en 2014, Apple avait pour objectif de cr\u00e9er Apple Music en utilisant les algorithmes de Beats Music. L&rsquo;entreprise a plut\u00f4t laiss\u00e9 tranquille la division\u00a0<em>hardware\u00a0<\/em>de l&rsquo;entreprise qui fabrique encore ses propres casques aujourd&rsquo;hui. Le succ\u00e8s des AirPods et les envies d&rsquo;Apple d&rsquo;\u00e9tendre sa domination sur l&rsquo;audio \u00e0 de nouveaux types de produits laissent \u00e0 penser que Beats pourrait ne pas survivre longtemps&#8230;\u00a0<\/p><\/div>\n<p><script async src=\"http:\/\/platform.twitter.com\/widgets.js\" charset=\"utf-8\"><\/script><script>\n         !function(f,b,e,v,n,t,s){if(f.fbq)return;n=f.fbq=function()\n         {n.callMethod? n.callMethod.apply(n,arguments):n.queue.push(arguments)}\n         ;if(!f._fbq)f._fbq=n;\n             n.push=n;n.loaded=!0;n.version='2.0';n.queue=[];t=b.createElement(e);t.async=!0;\n             t.src=v;s=b.getElementsByTagName(e)[0];s.parentNode.insertBefore(t,s)}(window,\n                 document,'script','https:\/\/connect.facebook.net\/en_US\/fbevents.js');\n         fbq('init', '1065890633454496');\n         fbq('track', 'PageView');\n     <\/script><br \/>\n<br \/>[ad_2]<br \/>\n<br \/><a href=\"https:\/\/www.01net.com\/actualites\/apple-va-t-il-tuer-beats-pour-privilegier-sa-marque-airpods-1891044.html\">Source link <\/a><\/p>\n","protected":false},"excerpt":{"rendered":"<p>[ad_1] C&rsquo;est un secret de polichinelle, Apple travaille sur un casque haut de gamme capable de concurrencer Bose et Sony. &hellip; <a href=\"http:\/\/www.affinite.fr\/index.php\/2020\/04\/08\/apple-va-t-il-tuer-beats-pour-privilegier-sa-marque-airpods\/\" class=\"more-link\">Plus <span class=\"screen-reader-text\">Apple va-t-il tuer Beats pour privil\u00e9gier sa marque AirPods ?<\/span> <span class=\"meta-nav\">&rarr;<\/span><\/a><\/p>\n","protected":false},"author":1,"featured_media":1707,"comment_status":"open","ping_status":"open","sticky":false,"template":"","format":"standard","meta":{"_sitemap_exclude":false,"_sitemap_priority":"","_sitemap_frequency":"","footnotes":""},"categories":[1],"tags":[],"class_list":["post-1706","post","type-post","status-publish","format-standard","has-post-thumbnail","hentry","category-tous"],"_links":{"self":[{"href":"http:\/\/www.affinite.fr\/index.php\/wp-json\/wp\/v2\/posts\/1706"}],"collection":[{"href":"http:\/\/www.affinite.fr\/index.php\/wp-json\/wp\/v2\/posts"}],"about":[{"href":"http:\/\/www.affinite.fr\/index.php\/wp-json\/wp\/v2\/types\/post"}],"author":[{"embeddable":true,"href":"http:\/\/www.affinite.fr\/index.php\/wp-json\/wp\/v2\/users\/1"}],"replies":[{"embeddable":true,"href":"http:\/\/www.affinite.fr\/index.php\/wp-json\/wp\/v2\/comments?post=1706"}],"version-history":[{"count":0,"href":"http:\/\/www.affinite.fr\/index.php\/wp-json\/wp\/v2\/posts\/1706\/revisions"}],"wp:featuredmedia":[{"embeddable":true,"href":"http:\/\/www.affinite.fr\/index.php\/wp-json\/wp\/v2\/media\/1707"}],"wp:attachment":[{"href":"http:\/\/www.affinite.fr\/index.php\/wp-json\/wp\/v2\/media?parent=1706"}],"wp:term":[{"taxonomy":"category","embeddable":true,"href":"http:\/\/www.affinite.fr\/index.php\/wp-json\/wp\/v2\/categories?post=1706"},{"taxonomy":"post_tag","embeddable":true,"href":"http:\/\/www.affinite.fr\/index.php\/wp-json\/wp\/v2\/tags?post=1706"}],"curies":[{"name":"wp","href":"https:\/\/api.w.org\/{rel}","templated":true}]}}