{"id":1696,"date":"2020-04-08T09:00:10","date_gmt":"2020-04-08T09:00:10","guid":{"rendered":"https:\/\/www.affinite.fr\/index.php\/2020\/04\/08\/le-gouvernement-planche-sur-une-appli-pour-tracer-les-malades\/"},"modified":"2020-04-08T09:00:10","modified_gmt":"2020-04-08T09:00:10","slug":"le-gouvernement-planche-sur-une-appli-pour-tracer-les-malades","status":"publish","type":"post","link":"http:\/\/www.affinite.fr\/index.php\/2020\/04\/08\/le-gouvernement-planche-sur-une-appli-pour-tracer-les-malades\/","title":{"rendered":"le gouvernement planche sur une appli pour tracer les malades"},"content":{"rendered":"<p> [ad_1]<br \/>\n<br \/><img decoding=\"async\" src=\"https:\/\/img.bfmtv.com\/i\/0\/0\/96b\/1bcb6836357db62af96582ddeea71.jpg\" \/><\/p>\n<div itemprop=\"articleBody\">\n<p>Bient\u00f4t une application \u00ab\u00a0officielle\u00a0\u00bb pour lutter contre la propagation du Covid-19 ? Le gouvernement y travaille en tout cas. Dans un entretien au <em>Monde<\/em>, Olivier V\u00e9ran, ministre de la sant\u00e9, et C\u00e9dric O, secr\u00e9taire d\u2019Etat au num\u00e9rique, ont annonc\u00e9 que les autorit\u00e9s planchaient sur StopCovid, un projet d\u2019application pour smartphone visant \u00e0 <em>\u00ab\u00a0limiter la diffusion du virus en identifiant des\u00a0cha\u00eenes de transmission\u00a0\u00bb. <\/em><\/p>\n<p>Ce programme, que l\u2019on installerait sur la base du volontariat, utiliserait la liaison Bluetooth du smartphone pour rep\u00e9rer d\u2019autres utilisateurs proches. Son fonctionnement est simple\u00a0: <em>\u00ab\u00a0Lorsque deux personnes se croisent pendant une certaine dur\u00e9e, et \u00e0 une distance rapproch\u00e9e, le t\u00e9l\u00e9phone portable de l\u2019un enregistre les r\u00e9f\u00e9rences de l\u2019autre dans son historique. Si un cas positif se d\u00e9clare, ceux qui auront \u00e9t\u00e9 en contact avec cette personne sont pr\u00e9venus de mani\u00e8re automatique\u00a0\u00bb <\/em>d\u00e9taille Cedric O dans les colonnes du quotidien.<\/p>\n<h3 style=\"color:#333; font-family:arial,helvetica,sans-serif; font-size:23px; font-weight:700\">Une application \u00e0 code source ouvert<\/h3>\n<p>Evidemment, une telle application pose de nombreuses questions quant au respect de la vie priv\u00e9e de ses utilisateurs. Le gouvernement se veut rassurant, et explique que StopCovid ne g\u00e9olocalisera pas les individus par le biais de leur GPS. <em>\u00ab\u00a0Ce n\u2019est pas une application qui trace vos d\u00e9placements, c\u2019est une application qui permet d\u2019indiquer aux personnes que vous avez crois\u00e9es pendant un temps long qu\u2019elles ont, \u00e9ventuellement, rencontr\u00e9 un cas positif\u00a0\u00bb<\/em> dit encore Cedric O. Les donn\u00e9es collect\u00e9es seraient anonymes et le code source du programme ouvert. Le projet sera par ailleurs soumis \u00e0 la Cnil.<\/p>\n<p>Le projet,\u00a0pilot\u00e9 en France par l\u2019Inria, est le fruit d\u2019une collaboration europ\u00e9enne autour de la plate-forme <a href=\"https:\/\/www.pepp-pt.org\/\">PEPP-PT<\/a>, qui vise \u00e0 d\u00e9velopper un tra\u00e7age des malades tout en \u00e9tant respectueux de la vie priv\u00e9e des personnes gr\u00e2ce \u00e0 la technologie Bluetooth. Il s\u2019inspire beaucoup de Trace Together, un programme con\u00e7u par les autorit\u00e9s de Singapour, et r\u00e9cemment <a href=\"livr\u00e9%20en%20source%20ouvehttps:\/www.01net.com\/actualites\/singapour-passe-son-application-trace-together-pour-traquer-les-malades-du-coronavirus-open-source-1882479.html\">livr\u00e9 en source ouverte<\/a>.<\/p>\n<p>On ne sait encore quand StopCovid sera disponible, ou m\u00eame si cette application le sera un jour\u00a0: \u00ab<em>\u00a0nous ne sommes pas certains de r\u00e9ussir \u00e0 franchir toutes les barri\u00e8res technologiques car le Bluetooth n\u2019a pas \u00e9t\u00e9 pr\u00e9vu pour mesurer des distances entre les personnes. Nous ne d\u00e9ciderons que plus tard de l\u2019opportunit\u00e9 de d\u00e9ployer ou non une telle application\u00a0<\/em>\u00bb pr\u00e9cise encore Cedric O dans\u00a0<em>Le Monde.\u00a0<\/em><\/p>\n<p>Source\u00a0:<em> <a href=\"https:\/\/www.lemonde.fr\/planete\/article\/2020\/04\/08\/stopcovid-l-application-sur-laquelle-travaille-le-gouvernement-pour-contrer-l-epidemie_6035927_3244.html\" target=\"_blank\" rel=\"noopener noreferrer\">Le Monde <\/a><\/em><\/p>\n<\/p><\/div>\n<p><script>\n         !function(f,b,e,v,n,t,s){if(f.fbq)return;n=f.fbq=function()\n         {n.callMethod? n.callMethod.apply(n,arguments):n.queue.push(arguments)}\n         ;if(!f._fbq)f._fbq=n;\n             n.push=n;n.loaded=!0;n.version='2.0';n.queue=[];t=b.createElement(e);t.async=!0;\n             t.src=v;s=b.getElementsByTagName(e)[0];s.parentNode.insertBefore(t,s)}(window,\n                 document,'script','https:\/\/connect.facebook.net\/en_US\/fbevents.js');\n         fbq('init', '1065890633454496');\n         fbq('track', 'PageView');\n     <\/script><br \/>\n<br \/>[ad_2]<br \/>\n<br \/><a href=\"https:\/\/www.01net.com\/actualites\/coronavirus-le-gouvernement-planche-sur-une-appli-pour-tracer-les-malades-1891065.html\">Source link <\/a><\/p>\n","protected":false},"excerpt":{"rendered":"<p>[ad_1] Bient\u00f4t une application \u00ab\u00a0officielle\u00a0\u00bb pour lutter contre la propagation du Covid-19 ? Le gouvernement y travaille en tout cas. &hellip; <a href=\"http:\/\/www.affinite.fr\/index.php\/2020\/04\/08\/le-gouvernement-planche-sur-une-appli-pour-tracer-les-malades\/\" class=\"more-link\">Plus <span class=\"screen-reader-text\">le gouvernement planche sur une appli pour tracer les malades<\/span> <span class=\"meta-nav\">&rarr;<\/span><\/a><\/p>\n","protected":false},"author":1,"featured_media":1697,"comment_status":"open","ping_status":"open","sticky":false,"template":"","format":"standard","meta":{"_sitemap_exclude":false,"_sitemap_priority":"","_sitemap_frequency":"","footnotes":""},"categories":[1],"tags":[],"class_list":["post-1696","post","type-post","status-publish","format-standard","has-post-thumbnail","hentry","category-tous"],"_links":{"self":[{"href":"http:\/\/www.affinite.fr\/index.php\/wp-json\/wp\/v2\/posts\/1696"}],"collection":[{"href":"http:\/\/www.affinite.fr\/index.php\/wp-json\/wp\/v2\/posts"}],"about":[{"href":"http:\/\/www.affinite.fr\/index.php\/wp-json\/wp\/v2\/types\/post"}],"author":[{"embeddable":true,"href":"http:\/\/www.affinite.fr\/index.php\/wp-json\/wp\/v2\/users\/1"}],"replies":[{"embeddable":true,"href":"http:\/\/www.affinite.fr\/index.php\/wp-json\/wp\/v2\/comments?post=1696"}],"version-history":[{"count":0,"href":"http:\/\/www.affinite.fr\/index.php\/wp-json\/wp\/v2\/posts\/1696\/revisions"}],"wp:featuredmedia":[{"embeddable":true,"href":"http:\/\/www.affinite.fr\/index.php\/wp-json\/wp\/v2\/media\/1697"}],"wp:attachment":[{"href":"http:\/\/www.affinite.fr\/index.php\/wp-json\/wp\/v2\/media?parent=1696"}],"wp:term":[{"taxonomy":"category","embeddable":true,"href":"http:\/\/www.affinite.fr\/index.php\/wp-json\/wp\/v2\/categories?post=1696"},{"taxonomy":"post_tag","embeddable":true,"href":"http:\/\/www.affinite.fr\/index.php\/wp-json\/wp\/v2\/tags?post=1696"}],"curies":[{"name":"wp","href":"https:\/\/api.w.org\/{rel}","templated":true}]}}