{"id":1694,"date":"2020-04-08T07:55:31","date_gmt":"2020-04-08T07:55:31","guid":{"rendered":"https:\/\/www.affinite.fr\/index.php\/2020\/04\/08\/sony-devoile-enfin-la-manette-dualsense\/"},"modified":"2020-04-08T07:55:31","modified_gmt":"2020-04-08T07:55:31","slug":"sony-devoile-enfin-la-manette-dualsense","status":"publish","type":"post","link":"http:\/\/www.affinite.fr\/index.php\/2020\/04\/08\/sony-devoile-enfin-la-manette-dualsense\/","title":{"rendered":"Sony d\u00e9voile enfin la manette DualSense"},"content":{"rendered":"<p> [ad_1]<br \/>\n<\/p>\n<div itemprop=\"articleBody\">\n<p>Ne l&rsquo;appelez pas DualShock 5 mais DualSense. La manette sans-fil de <a href=\"https:\/\/www.01net.com\/actualites\/playstation-5-on-sait-desormais-presque-tout-de-la-future-console-de-sony-1877136.html\" target=\"_blank\" rel=\"noopener noreferrer\">la console PlayStation 5 de Sony<\/a> se montre enfin autrement que sous l&rsquo;apparence de brevets. Noire, blanche et bleut\u00e9e &#8211; le code couleur du casque VR <a href=\"https:\/\/www.01net.com\/tests\/test-sony-playstation-vr-champion-imparfait-de-la-realite-virtuelle-5486.html\" target=\"_blank\" rel=\"noopener noreferrer\">PSVR<\/a>, elle opte pour des formes plus arrondies, notamment sur la partie sup\u00e9rieure et les branches. Elle n&rsquo;est pas sans rappeler <a href=\"https:\/\/www.01net.com\/actualites\/notre-selection-de-manette-de-jeux-pc-a-s-offrir-pour-noel-1813576.html\" target=\"_blank\" rel=\"noopener noreferrer\">certains mod\u00e8les de manettes de marques partenaires<\/a> ou encore&#8230; le contr\u00f4leur de la Xbox One.<\/p>\n<p>Elle se recharge en USB Type-C \u00e0 la console et embarque de nouveaux dispositifs haptiques pour les vibrations en lieu et place des moteurs \u00e0 retour de force actuellement embarqu\u00e9s dans le DualShock 4.<\/p>\n<h3 style=\"color:#333; font-family:arial,helvetica,sans-serif; font-size:23px; font-weight:700\">La guerre des boutons<\/h3>\n<p>De nouveaux boutons aussi. La touche <em>Share<\/em> (Partage) situ\u00e9e en haut \u00e0 gauche de la manette &#8211; entre la zone tactile et la croix multidirectionnelle &#8211; se nomme maintenant Create (Cr\u00e9er). Sony ne s&rsquo;\u00e9tend pas vraiment sur ses possibilit\u00e9s offertes hormis que, gr\u00e2ce \u00e0 lui, \u00ab <em>il sera possible pour les joueurs de cr\u00e9er des s\u00e9quences de gameplay m\u00e9morables \u00e0 partager avec le monde entier<\/em> \u00bb.<\/p>\n<figure class=\"figure text-center\"><img decoding=\"async\" class=\"article-img img-responsive-l\" src=\"https:\/\/img.bfmtv.com\/c\/0\/708\/9a9\/55b8904a111252b09d34308e12933.jpg\" alt=\"Sony DualSense\"\/><figcaption class=\"figure-caption figcaption color-txt-0 title-xs hidden-xs\">\n                                    Sony<br \/>\n                                                    &#8211; Sony DualSense<br \/>\n                            <\/figcaption><\/figure>\n<blockquote>\n<p><strong>\u00c0 lire aussi : <\/strong><a href=\"https:\/\/www.01net.com\/actualite\/playstation-5\/\" target=\"_blank\" rel=\"noopener noreferrer\">Notre dossier complet sur la PlayStation 5 de Sony<\/a><\/p>\n<\/blockquote>\n<p>Un autre petit bouton, situ\u00e9 lui, pr\u00e8s de la prise combo audio va couper le micro incorpor\u00e9, c&rsquo;est d&rsquo;ailleurs la premi\u00e8re fois que Sony ajoute cet \u00e9quipement audio \u00e0 une manette.<\/p>\n<p>On remarque aussi que les boutons en fa\u00e7ade et ceux de la croix directionnelle semblent faits de plastique transparent et que la texture des joysticks donne l&rsquo;impression d&rsquo;\u00eatre plus granuleuse, \u00e9galement.<\/p>\n<figure class=\"figure text-center\"><img decoding=\"async\" class=\"article-img img-responsive-l\" src=\"https:\/\/img.bfmtv.com\/c\/0\/708\/a88\/59ba3e3dfa52f8be96a0a7b566900.jpg\" alt=\"Sony DualSense\"\/><figcaption class=\"figure-caption figcaption color-txt-0 title-xs hidden-xs\">\n                                    Sony<br \/>\n                                                    &#8211; Sony DualSense<br \/>\n                            <\/figcaption><\/figure>\n<p>Les g\u00e2chettes &#8211; dont on sait d\u00e9j\u00e0 qu&rsquo;elles vont proposer plusieurs niveaux de duret\u00e9 &#8211; ont \u00e9t\u00e9 compl\u00e8tement redessin\u00e9es ainsi que les <em>bumpers<\/em>, les boutons situ\u00e9s juste au-dessus. Tous sont plus larges, tout en offrant des angles plus marqu\u00e9s et sont tous plus profond\u00e9ment encastr\u00e9s dans le bo\u00eetier a priori.<\/p>\n<p>Enfin, dernier bouton remis au go\u00fbt du jour, celui qui permet de d\u00e9marrer la console depuis la manette. Le logo Sony PlayStation n&rsquo;est plus imprim\u00e9 mais en surimpression, en relief. Le Diable se cache dans les d\u00e9tails.<\/p>\n<p>De plus amples informations \u00e0 propos du DualSense seront communiqu\u00e9es par Sony lorsque le lancement de la console sera imminent. On note toutefois que, fid\u00e8le \u00e0 son ADN, le DualSense conserve ses joysticks sym\u00e9triques, son grand pav\u00e9 tactile en fa\u00e7ade ainsi que sa petite bande lumineuse. Les d\u00e9veloppeurs de jeux leur auraient-ils enfin trouv\u00e9 un int\u00e9r\u00eat ?<\/p>\n<p><strong>Source :<\/strong> <a href=\"https:\/\/blog.us.playstation.com\/2020\/04\/07\/introducing-dualsense-the-new-wireless-game-controller-for-playstation-5\/\" target=\"_blank\" rel=\"noopener noreferrer\">Sony US<\/a><\/p>\n<\/p><\/div>\n<p><script>\n         !function(f,b,e,v,n,t,s){if(f.fbq)return;n=f.fbq=function()\n         {n.callMethod? n.callMethod.apply(n,arguments):n.queue.push(arguments)}\n         ;if(!f._fbq)f._fbq=n;\n             n.push=n;n.loaded=!0;n.version='2.0';n.queue=[];t=b.createElement(e);t.async=!0;\n             t.src=v;s=b.getElementsByTagName(e)[0];s.parentNode.insertBefore(t,s)}(window,\n                 document,'script','https:\/\/connect.facebook.net\/en_US\/fbevents.js');\n         fbq('init', '1065890633454496');\n         fbq('track', 'PageView');\n     <\/script><br \/>\n<br \/>[ad_2]<br \/>\n<br \/><a href=\"https:\/\/www.01net.com\/actualites\/playstation-5-sony-devoile-enfin-la-manette-dualsense-1890969.html\">Source link <\/a><\/p>\n","protected":false},"excerpt":{"rendered":"<p>[ad_1] Ne l&rsquo;appelez pas DualShock 5 mais DualSense. La manette sans-fil de la console PlayStation 5 de Sony se montre &hellip; <a href=\"http:\/\/www.affinite.fr\/index.php\/2020\/04\/08\/sony-devoile-enfin-la-manette-dualsense\/\" class=\"more-link\">Plus <span class=\"screen-reader-text\">Sony d\u00e9voile enfin la manette DualSense<\/span> <span class=\"meta-nav\">&rarr;<\/span><\/a><\/p>\n","protected":false},"author":1,"featured_media":1695,"comment_status":"open","ping_status":"open","sticky":false,"template":"","format":"standard","meta":{"_sitemap_exclude":false,"_sitemap_priority":"","_sitemap_frequency":"","footnotes":""},"categories":[1],"tags":[],"class_list":["post-1694","post","type-post","status-publish","format-standard","has-post-thumbnail","hentry","category-tous"],"_links":{"self":[{"href":"http:\/\/www.affinite.fr\/index.php\/wp-json\/wp\/v2\/posts\/1694"}],"collection":[{"href":"http:\/\/www.affinite.fr\/index.php\/wp-json\/wp\/v2\/posts"}],"about":[{"href":"http:\/\/www.affinite.fr\/index.php\/wp-json\/wp\/v2\/types\/post"}],"author":[{"embeddable":true,"href":"http:\/\/www.affinite.fr\/index.php\/wp-json\/wp\/v2\/users\/1"}],"replies":[{"embeddable":true,"href":"http:\/\/www.affinite.fr\/index.php\/wp-json\/wp\/v2\/comments?post=1694"}],"version-history":[{"count":0,"href":"http:\/\/www.affinite.fr\/index.php\/wp-json\/wp\/v2\/posts\/1694\/revisions"}],"wp:featuredmedia":[{"embeddable":true,"href":"http:\/\/www.affinite.fr\/index.php\/wp-json\/wp\/v2\/media\/1695"}],"wp:attachment":[{"href":"http:\/\/www.affinite.fr\/index.php\/wp-json\/wp\/v2\/media?parent=1694"}],"wp:term":[{"taxonomy":"category","embeddable":true,"href":"http:\/\/www.affinite.fr\/index.php\/wp-json\/wp\/v2\/categories?post=1694"},{"taxonomy":"post_tag","embeddable":true,"href":"http:\/\/www.affinite.fr\/index.php\/wp-json\/wp\/v2\/tags?post=1694"}],"curies":[{"name":"wp","href":"https:\/\/api.w.org\/{rel}","templated":true}]}}