{"id":1673,"date":"2020-04-07T19:36:13","date_gmt":"2020-04-07T19:36:13","guid":{"rendered":"https:\/\/www.affinite.fr\/index.php\/2020\/04\/07\/disney-fait-limpasse-sur-la-4k-pour-preserver-notre-reseau-internet\/"},"modified":"2020-04-07T19:36:13","modified_gmt":"2020-04-07T19:36:13","slug":"disney-fait-limpasse-sur-la-4k-pour-preserver-notre-reseau-internet","status":"publish","type":"post","link":"http:\/\/www.affinite.fr\/index.php\/2020\/04\/07\/disney-fait-limpasse-sur-la-4k-pour-preserver-notre-reseau-internet\/","title":{"rendered":"Disney+ fait l&rsquo;impasse sur la 4K pour pr\u00e9server notre r\u00e9seau Internet"},"content":{"rendered":"<p> [ad_1]<br \/>\n<br \/><img decoding=\"async\" src=\"https:\/\/img.bfmtv.com\/i\/0\/0\/f7c\/c6458d95f8c013a42922de3b67f2c.png\" \/><\/p>\n<div itemprop=\"articleBody\">\n<p>Si vous attendiez impatiemment votre s\u00e9ance de The Mandalorian en 4K, il faudra sans doute la repousser de\u00a0quelques semaines. La plate-forme qui h\u00e9berge la s\u00e9rie issue de l\u2019univers de Star Wars, <a href=\"https:\/\/www.01net.com\/actualites\/disney-enfin-disponible-en-france-tout-ce-qu-il-faut-savoir-1890485.html\" target=\"_blank\" rel=\"noopener noreferrer\">Disney +, est bien disponible depuis ce 7 avril<\/a>, mais elle est limit\u00e9e au Full HD. La firme de Mickey a annonc\u00e9 quelques heures avant son lancement que la qualit\u00e9 de son service serait r\u00e9duite. En cons\u00e9quence, les formats 4K et Ultra HD ne seront pas disponibles avant plusieurs semaines.<\/p>\n<div data-force-click=\"true\" class=\"bloc\">\n<blockquote class=\"twitter-tweet\">\n<p lang=\"fr\" dir=\"ltr\">Nous mettons en place de mani\u00e8re proactive des mesures pour r\u00e9duire l&rsquo;utilisation globale de la bande passante d&rsquo;au moins 25% (\u00e0 l\u2019instar de ce que nous avons fait dans les autres pays europ\u00e9ens). <a href=\"https:\/\/t.co\/LaXs2a1AG8\">pic.twitter.com\/LaXs2a1AG8<\/a><\/p>\n<p>\u2014 Disney+ FR (@DisneyPlusFR) <a href=\"https:\/\/twitter.com\/DisneyPlusFR\/status\/1247237687880437764?ref_src=twsrc%5Etfw\">April 6, 2020<\/a><\/p><\/blockquote><\/div>\n<p>Objectif : r\u00e9duire l\u2019utilisation globale de la bande passante d\u2019au moins 25%. Cette mesure d\u00e9j\u00e0 appliqu\u00e9e dans plusieurs pays europ\u00e9ens depuis le 24 mars, \u00e9tait pr\u00e9visible. En effet, depuis quelques jours, les craintes d\u2019un <a href=\"https:\/\/www.01net.com\/actualites\/le-lancement-de-disney-plus-peut-il-provoquer-l-effondrement-d-internet-en-france-1888276.html#page\/contribution\/index\" target=\"_blank\" rel=\"noopener noreferrer\">effondrement d\u2019Internet li\u00e9 au lancement de Disney+<\/a> pr\u00e9occupent les op\u00e9rateurs fran\u00e7ais.\u00a0<\/p>\n<h3 style=\"color:#333; font-family:arial,helvetica,sans-serif; font-size:23px; font-weight:700\">La 4K en attente<\/h3>\n<p>En effet, \u00e0 l\u2019inverse de Netflix qui dispose de sa propre infrastructure de diffusion en peering, Disney+ a choisi de baser son architecture r\u00e9seau sur des fournisseurs de CDN (Content Delivery Network). Un choix qui a engendr\u00e9 de s\u00e9rieux probl\u00e8mes techniques lors du lancement am\u00e9ricain le 12 novembre dernier.<\/p>\n<aside class=\"bg-color-0 padding-inside-all-s bloc border-s\">\n<h4 class=\"box-txt-normal\">\n<p><strong>\u00c0 d\u00e9couvrir aussi en vid\u00e9o :<\/strong><\/p>\n<\/h4>\n<\/aside>\n<p>C\u2019est sans doute pour \u00e9viter ce genre de m\u00e9saventures, mais aussi pour ne pas \u00eatres mis sous le feu de la\u00a0critique\u00a0pendant cette p\u00e9riode d\u2019efforts partag\u00e9s que Disney a consenti \u00e0 proposer un service limit\u00e9.<\/p>\n<\/p><\/div>\n<p><script async src=\"http:\/\/platform.twitter.com\/widgets.js\" charset=\"utf-8\"><\/script><script>\n         !function(f,b,e,v,n,t,s){if(f.fbq)return;n=f.fbq=function()\n         {n.callMethod? n.callMethod.apply(n,arguments):n.queue.push(arguments)}\n         ;if(!f._fbq)f._fbq=n;\n             n.push=n;n.loaded=!0;n.version='2.0';n.queue=[];t=b.createElement(e);t.async=!0;\n             t.src=v;s=b.getElementsByTagName(e)[0];s.parentNode.insertBefore(t,s)}(window,\n                 document,'script','https:\/\/connect.facebook.net\/en_US\/fbevents.js');\n         fbq('init', '1065890633454496');\n         fbq('track', 'PageView');\n     <\/script><br \/>\n<br \/>[ad_2]<br \/>\n<br \/><a href=\"https:\/\/www.01net.com\/actualites\/disney-plus-fait-l-impasse-sur-la-4k-pour-preserver-notre-reseau-internet-1890588.html\">Source link <\/a><\/p>\n","protected":false},"excerpt":{"rendered":"<p>[ad_1] Si vous attendiez impatiemment votre s\u00e9ance de The Mandalorian en 4K, il faudra sans doute la repousser de\u00a0quelques semaines. &hellip; <a href=\"http:\/\/www.affinite.fr\/index.php\/2020\/04\/07\/disney-fait-limpasse-sur-la-4k-pour-preserver-notre-reseau-internet\/\" class=\"more-link\">Plus <span class=\"screen-reader-text\">Disney+ fait l&rsquo;impasse sur la 4K pour pr\u00e9server notre r\u00e9seau Internet<\/span> <span class=\"meta-nav\">&rarr;<\/span><\/a><\/p>\n","protected":false},"author":1,"featured_media":1674,"comment_status":"open","ping_status":"open","sticky":false,"template":"","format":"standard","meta":{"_sitemap_exclude":false,"_sitemap_priority":"","_sitemap_frequency":"","footnotes":""},"categories":[1],"tags":[],"class_list":["post-1673","post","type-post","status-publish","format-standard","has-post-thumbnail","hentry","category-tous"],"_links":{"self":[{"href":"http:\/\/www.affinite.fr\/index.php\/wp-json\/wp\/v2\/posts\/1673"}],"collection":[{"href":"http:\/\/www.affinite.fr\/index.php\/wp-json\/wp\/v2\/posts"}],"about":[{"href":"http:\/\/www.affinite.fr\/index.php\/wp-json\/wp\/v2\/types\/post"}],"author":[{"embeddable":true,"href":"http:\/\/www.affinite.fr\/index.php\/wp-json\/wp\/v2\/users\/1"}],"replies":[{"embeddable":true,"href":"http:\/\/www.affinite.fr\/index.php\/wp-json\/wp\/v2\/comments?post=1673"}],"version-history":[{"count":0,"href":"http:\/\/www.affinite.fr\/index.php\/wp-json\/wp\/v2\/posts\/1673\/revisions"}],"wp:featuredmedia":[{"embeddable":true,"href":"http:\/\/www.affinite.fr\/index.php\/wp-json\/wp\/v2\/media\/1674"}],"wp:attachment":[{"href":"http:\/\/www.affinite.fr\/index.php\/wp-json\/wp\/v2\/media?parent=1673"}],"wp:term":[{"taxonomy":"category","embeddable":true,"href":"http:\/\/www.affinite.fr\/index.php\/wp-json\/wp\/v2\/categories?post=1673"},{"taxonomy":"post_tag","embeddable":true,"href":"http:\/\/www.affinite.fr\/index.php\/wp-json\/wp\/v2\/tags?post=1673"}],"curies":[{"name":"wp","href":"https:\/\/api.w.org\/{rel}","templated":true}]}}