{"id":1661,"date":"2020-04-07T14:50:59","date_gmt":"2020-04-07T14:50:59","guid":{"rendered":"https:\/\/www.affinite.fr\/index.php\/2020\/04\/07\/il-etait-une-fois-la-patisserie-16\/"},"modified":"2020-04-07T14:50:59","modified_gmt":"2020-04-07T14:50:59","slug":"il-etait-une-fois-la-patisserie-16","status":"publish","type":"post","link":"http:\/\/www.affinite.fr\/index.php\/2020\/04\/07\/il-etait-une-fois-la-patisserie-16\/","title":{"rendered":"Il \u00e9tait une fois la p\u00e2tisserie"},"content":{"rendered":"<p> [ad_1]<br \/>\n<\/p>\n<div id=\"post-body-7346313973903557994\" itemprop=\"articleBody\">\n<div dir=\"ltr\" style=\"text-align: left;\" trbidi=\"on\">\nLes p\u00e2tisseries de <span style=\"font-size: large;\"><b>Philippe Conticini<\/b><\/span> sont un v\u00e9ritable r\u00e9gal pour les yeux et pour les papilles !<\/p>\n<p>Sachez qu&rsquo;<b>entre le 5 f\u00e9vrier et le 10 mars 2020<\/b>, les Galeries Lafayette du Boulevard Haussmann ouvrent leurs portes <b>\u00e0 Philippe Conticini avec une boutique<br \/>\n\u00e9ph\u00e9m\u00e8re<\/b>. Vous y retrouverez certains classiques du grand chef comme la tarte au <a href=\"http:\/\/www.affinite.fr\/index.php\/2025\/02\/27\/le-chocolat-et-le-materiel-indispensable-pour-reussir-vos-creations-gourmandes\/\">chocolat<\/a> pralin\u00e9, mais<br \/>\naussi quelques <b>d\u00e9couvertes in\u00e9dites<\/b>.<\/p>\n<p><a href=\"https:\/\/www.iletaitunefoislapatisserie.com\/2020\/02\/pop-up-strore-philippe-conticini-galeries-lafayette.html\"><img loading=\"lazy\" decoding=\"async\" alt=\"g\u00e2teau de chef\" border=\"0\" data-original-height=\"502\" data-original-width=\"650\" height=\"494\" src=\"https:\/\/1.bp.blogspot.com\/-Aixg8FAwm84\/Xjc1Mp4sdSI\/AAAAAAAAJx8\/V7KiR2Ewp18KC30y8XtHMc4zLnjD-FexACLcBGAsYHQ\/s640\/paris-brest-conticini.jpg\" title=\"philippe conticini galeries lafayette\" width=\"640\"\/><\/a><\/p>\n<p>En effet, \u00e0 quelques jours de la <a href=\"https:\/\/www.iletaitunefoislapatisserie.com\/2019\/02\/10-idees-recettes-saint-valentin-dessert.html\" target=\"_blank\" rel=\"noopener noreferrer\">Saint-Valentin<\/a>, le p\u00e2tissier a con\u00e7u une bien jolie surprise pour tous les amoureux : sa \u00ab <b>Rose d&rsquo;amour<\/b> \u00bb avec des pommes confites au caramel, entour\u00e9es de p\u00e9tales rouges.<\/p>\n<p>Vous pourrez m\u00eame rencontrer le ma\u00eetre en personne, car Philippe Conticini sera pr\u00e9sent le<b> 8 f\u00e9vrier<\/b> pour la d\u00e9dicace de son <a href=\"http:\/\/www.affinite.fr\/index.php\/2023\/08\/24\/lart-de-la-glace-transforme-en-business-la-vision-unique-de-fabien-gris\/\">livre<\/a> <a href=\"https:\/\/amzn.to\/37ZB97h\" rel=\"nofollow noopener noreferrer\" target=\"_blank\">Cochon de lait<\/a> et proposera le <b>3 mars<\/b> une <b>masterclass <\/b>pour tous les adeptes qui veulent progresser dans l\u2019art de la <b>p\u00e2tisserie<\/b>.<\/p>\n<p>\n<iframe frameborder=\"0\" marginheight=\"0\" marginwidth=\"0\" scrolling=\"no\" src=\"http:\/\/ws-eu.amazon-adsystem.com\/widgets\/q?ServiceVersion=20070822&amp;OneJS=1&amp;Operation=GetAdHtml&amp;MarketPlace=FR&amp;source=ss&amp;ref=as_ss_li_til&amp;ad_type=product_link&amp;tracking_id=iletaitunefoislapatisserie-21&amp;language=fr_FR&amp;marketplace=amazon&amp;region=FR&amp;placement=2749159156&amp;asins=2749159156&amp;linkId=deeb19e07db79da848cda8745eddb4ef&amp;show_border=true&amp;link_opens_in_new_window=true\" style=\"height: 240px; width: 120px;\"><\/iframe><\/p>\n<p>A ne pas louper si vous \u00eates sur <b>Paris <\/b>!<\/p>\n<p>Je vous laisse avec quelques <b>recettes de p\u00e2tisseries<\/b> du grand chef que j&rsquo;ai reproduites sur le blog :<\/p>\n<p>Le <a href=\"https:\/\/www.iletaitunefoislapatisserie.com\/2014\/02\/grand-cru-vanille-de-philippe-conticini.html\">grand cru vanille fa\u00e7on Philippe Conticini<\/a> fait partie des classiques :<\/p>\n<div class=\"separator\" style=\"clear: both; text-align: center;\">\n<a href=\"https:\/\/www.iletaitunefoislapatisserie.com\/2014\/02\/grand-cru-vanille-de-philippe-conticini.html\"><img decoding=\"async\" alt=\"boutique conticini galeries lafayette\" border=\"0\" data-original-height=\"639\" data-original-width=\"641\" src=\"https:\/\/1.bp.blogspot.com\/-ECv7H5gO4jo\/Xjc0qobg3pI\/AAAAAAAAJx0\/vAidNL2gLdQphW6gXquFO342BDmtGWTxACLcBGAsYHQ\/s1600\/grand-cru-vanille-conticini.jpg\" title=\"p\u00e2tisserie Conticini\"\/><\/a><\/div>\n<p>Le <a href=\"https:\/\/www.iletaitunefoislapatisserie.com\/2017\/07\/le-paris-brest-facon-philippe-conticini.html\" target=\"_blank\" rel=\"noopener noreferrer\">Paris-Brest fa\u00e7on Philippe Conticini<\/a> est l\u00e0 aussi une de mes recettes pr\u00e9f\u00e9r\u00e9es avec son c\u0153ur coulant qui fait chavirer les gourmands.<\/p>\n<div class=\"separator\" style=\"clear: both; text-align: center;\">\n<a href=\"https:\/\/www.iletaitunefoislapatisserie.com\/2017\/07\/le-paris-brest-facon-philippe-conticini.html\" target=\"_blank\" rel=\"noopener noreferrer\"><img decoding=\"async\" alt=\"paris brest au pralin\u00e9\" border=\"0\" data-original-height=\"654\" data-original-width=\"650\" src=\"https:\/\/4.bp.blogspot.com\/-9w69k3mnitU\/WXOC6g3W4tI\/AAAAAAAAa1Y\/vH9T44psUmYZ4QbehCUJo3jfAqR4_k8KACEwYBhgL\/s1600\/paris-brest-pralin%25C3%25A9.jpg\" title=\"paris brest pralin\u00e9\"\/><\/a><\/div>\n<p>Quant \u00e0 la <a href=\"https:\/\/www.iletaitunefoislapatisserie.com\/2018\/11\/tarte-au-praline-de-philippe-conticini.html\" target=\"_blank\" rel=\"noopener noreferrer\">tarte au pralin\u00e9<\/a> inspir\u00e9e du grand Chef Philippe Conticini, vous m&rsquo;en direz des nouvelles !<\/p>\n<div class=\"separator\" style=\"clear: both; text-align: center;\">\n<a href=\"https:\/\/www.iletaitunefoislapatisserie.com\/2018\/11\/tarte-au-praline-de-philippe-conticini.html\"><img decoding=\"async\" alt=\" P\u00e2tisserie originale\" border=\"0\" data-original-height=\"647\" data-original-width=\"650\" src=\"https:\/\/1.bp.blogspot.com\/-wN_Jk69Kiq0\/Xjc1y__OeNI\/AAAAAAAAJyE\/IACxLC-j6s8mqB7RMxx1HKukZVjskWSdwCLcBGAsYHQ\/s1600\/tarte-pralin%25C3%25A9-conticini.jpg\" title=\"dessert Conticini\"\/><\/a><\/div>\n<p>\n<\/div>\n<\/div>\n<p>[ad_2]<br \/>\n<br \/><a href=\"https:\/\/www.iletaitunefoislapatisserie.com\/2020\/02\/pop-up-strore-philippe-conticini-galeries-lafayette.html\">Source link <\/a><\/p>\n","protected":false},"excerpt":{"rendered":"<p>[ad_1] Les p\u00e2tisseries de Philippe Conticini sont un v\u00e9ritable r\u00e9gal pour les yeux et pour les papilles ! Sachez qu&rsquo;entre &hellip; <a href=\"http:\/\/www.affinite.fr\/index.php\/2020\/04\/07\/il-etait-une-fois-la-patisserie-16\/\" class=\"more-link\">Plus <span class=\"screen-reader-text\">Il \u00e9tait une fois la p\u00e2tisserie<\/span> <span class=\"meta-nav\">&rarr;<\/span><\/a><\/p>\n","protected":false},"author":1,"featured_media":1662,"comment_status":"open","ping_status":"open","sticky":false,"template":"","format":"standard","meta":{"_sitemap_exclude":false,"_sitemap_priority":"","_sitemap_frequency":"","footnotes":""},"categories":[1],"tags":[],"class_list":["post-1661","post","type-post","status-publish","format-standard","has-post-thumbnail","hentry","category-tous"],"_links":{"self":[{"href":"http:\/\/www.affinite.fr\/index.php\/wp-json\/wp\/v2\/posts\/1661"}],"collection":[{"href":"http:\/\/www.affinite.fr\/index.php\/wp-json\/wp\/v2\/posts"}],"about":[{"href":"http:\/\/www.affinite.fr\/index.php\/wp-json\/wp\/v2\/types\/post"}],"author":[{"embeddable":true,"href":"http:\/\/www.affinite.fr\/index.php\/wp-json\/wp\/v2\/users\/1"}],"replies":[{"embeddable":true,"href":"http:\/\/www.affinite.fr\/index.php\/wp-json\/wp\/v2\/comments?post=1661"}],"version-history":[{"count":0,"href":"http:\/\/www.affinite.fr\/index.php\/wp-json\/wp\/v2\/posts\/1661\/revisions"}],"wp:featuredmedia":[{"embeddable":true,"href":"http:\/\/www.affinite.fr\/index.php\/wp-json\/wp\/v2\/media\/1662"}],"wp:attachment":[{"href":"http:\/\/www.affinite.fr\/index.php\/wp-json\/wp\/v2\/media?parent=1661"}],"wp:term":[{"taxonomy":"category","embeddable":true,"href":"http:\/\/www.affinite.fr\/index.php\/wp-json\/wp\/v2\/categories?post=1661"},{"taxonomy":"post_tag","embeddable":true,"href":"http:\/\/www.affinite.fr\/index.php\/wp-json\/wp\/v2\/tags?post=1661"}],"curies":[{"name":"wp","href":"https:\/\/api.w.org\/{rel}","templated":true}]}}