{"id":1615,"date":"2020-04-06T15:53:21","date_gmt":"2020-04-06T15:53:21","guid":{"rendered":"https:\/\/www.affinite.fr\/index.php\/2020\/04\/06\/apple-multiplie-les-initiatives-pour-proteger-les-soignants\/"},"modified":"2020-04-06T15:53:21","modified_gmt":"2020-04-06T15:53:21","slug":"apple-multiplie-les-initiatives-pour-proteger-les-soignants","status":"publish","type":"post","link":"http:\/\/www.affinite.fr\/index.php\/2020\/04\/06\/apple-multiplie-les-initiatives-pour-proteger-les-soignants\/","title":{"rendered":"Apple multiplie les initiatives pour prot\u00e9ger les soignants"},"content":{"rendered":"<p> [ad_1]<br \/>\n<br \/><img decoding=\"async\" src=\"https:\/\/img.bfmtv.com\/i\/0\/0\/be0aea\/d21a1732137ca92da0f00479f8.jpg\" \/><\/p>\n<div itemprop=\"articleBody\">\n                Vingt millions de masques \u00e0 distribuer et bient\u00f4t des millions de visi\u00e8res de protection \u00e0 envoyer \u00e0 travers le monde. Toutes sign\u00e9es Apple. Dans un message post\u00e9 sur Twitter et visible (en anglais) ci-dessous, Tim Cook a pr\u00e9sent\u00e9 non pas <a href=\"https:\/\/www.01net.com\/actualites\/apple-tout-ce-que-l-on-sait-du-futur-iphone-se-de-2020-1888167.html\" target=\"_blank\" rel=\"noopener noreferrer\">un smartphone<\/a>&#8230; mais un dispositif de protection pour les m\u00e9decins et personnels soignants.<\/p>\n<p>                Il s&rsquo;agit de visi\u00e8res faciales, comme on en croise d\u00e9j\u00e0 dans les services de r\u00e9animation des h\u00f4pitaux. Elles peuvent \u00eatre assembl\u00e9es en quelques minutes et sont ensuite pleinement ajustables \u00e0 la morphologie des porteurs.<\/p>\n<div data-force-click=\"true\" class=\"bloc\">\n<blockquote class=\"twitter-tweet\">\n<p dir=\"ltr\" lang=\"en\">Apple is dedicated to supporting the worldwide response to COVID-19. We\u2019ve now sourced over 20M masks through our supply chain. Our design, engineering, operations and packaging teams are also working with suppliers to design, produce and ship face shields for medical workers. <a href=\"https:\/\/t.co\/3xRqNgMThX\">pic.twitter.com\/3xRqNgMThX<\/a><\/p>\n<p>\u2014 Tim Cook (@tim_cook) <a href=\"https:\/\/twitter.com\/tim_cook\/status\/1246916489589837824?ref_src=twsrc%5Etfw\">April 5, 2020<\/a><\/p><\/blockquote><\/div>\n<p>Tim Cook assure avoir mobilis\u00e9 toutes les ressources possibles pour concevoir ces visi\u00e8res. Un premier lot a \u00e9t\u00e9 envoy\u00e9 dans un centre hospitalier de la r\u00e9gion de la Vall\u00e9e de Santa Clara, en Californie, et il semble que \u00ab <em>les retours sont extr\u00eamement positifs<\/em>\u00a0\u00bb selon le CEO d&rsquo;Apple.<\/p>\n<blockquote>\n<p><em>\u00ab Notre but est simple : faire de notre mieux pour qu&rsquo;Apple puisse aider les soignants, le plus vite possible et en offrant des solutions proportionn\u00e9es aux besoins requis par les circonstances actuelles. \u00bb<\/em><\/p>\n<\/blockquote>\n<aside class=\"bg-color-0 padding-inside-all-s bloc border-s\">\n<h4 class=\"box-txt-normal\">\n<p><strong>\u00c0 d\u00e9couvrir aussi en vid\u00e9o :<\/strong><\/p>\n<\/h4>\n<\/aside>\n<p>                La production est r\u00e9partie entre la Chine et les Etats-Unis, pour assurer de meilleurs roulements d&rsquo;acheminement. Apple estime pouvoir envoyer un million de visi\u00e8res d\u00e8s la fin de cette semaine. Et des millions d&rsquo;autres, rapidement. Les envois seront d&rsquo;abord effectu\u00e9s sur le sol am\u00e9ricain mais les institutions et les gouvernements des autres pays auront aussi bient\u00f4t la possibilit\u00e9 de se fournir aupr\u00e8s d&rsquo;Apple.<\/p><\/div>\n<p><script async src=\"http:\/\/platform.twitter.com\/widgets.js\" charset=\"utf-8\"><\/script><script>\n         !function(f,b,e,v,n,t,s){if(f.fbq)return;n=f.fbq=function()\n         {n.callMethod? n.callMethod.apply(n,arguments):n.queue.push(arguments)}\n         ;if(!f._fbq)f._fbq=n;\n             n.push=n;n.loaded=!0;n.version='2.0';n.queue=[];t=b.createElement(e);t.async=!0;\n             t.src=v;s=b.getElementsByTagName(e)[0];s.parentNode.insertBefore(t,s)}(window,\n                 document,'script','https:\/\/connect.facebook.net\/en_US\/fbevents.js');\n         fbq('init', '1065890633454496');\n         fbq('track', 'PageView');\n     <\/script><br \/>\n<br \/>[ad_2]<br \/>\n<br \/><a href=\"https:\/\/www.01net.com\/actualites\/coronavirus-apple-multiplie-les-initiatives-pour-proteger-les-soignants-1889671.html\">Source link <\/a><\/p>\n","protected":false},"excerpt":{"rendered":"<p>[ad_1] Vingt millions de masques \u00e0 distribuer et bient\u00f4t des millions de visi\u00e8res de protection \u00e0 envoyer \u00e0 travers le &hellip; <a href=\"http:\/\/www.affinite.fr\/index.php\/2020\/04\/06\/apple-multiplie-les-initiatives-pour-proteger-les-soignants\/\" class=\"more-link\">Plus <span class=\"screen-reader-text\">Apple multiplie les initiatives pour prot\u00e9ger les soignants<\/span> <span class=\"meta-nav\">&rarr;<\/span><\/a><\/p>\n","protected":false},"author":1,"featured_media":1616,"comment_status":"open","ping_status":"open","sticky":false,"template":"","format":"standard","meta":{"_sitemap_exclude":false,"_sitemap_priority":"","_sitemap_frequency":"","footnotes":""},"categories":[1],"tags":[],"class_list":["post-1615","post","type-post","status-publish","format-standard","has-post-thumbnail","hentry","category-tous"],"_links":{"self":[{"href":"http:\/\/www.affinite.fr\/index.php\/wp-json\/wp\/v2\/posts\/1615"}],"collection":[{"href":"http:\/\/www.affinite.fr\/index.php\/wp-json\/wp\/v2\/posts"}],"about":[{"href":"http:\/\/www.affinite.fr\/index.php\/wp-json\/wp\/v2\/types\/post"}],"author":[{"embeddable":true,"href":"http:\/\/www.affinite.fr\/index.php\/wp-json\/wp\/v2\/users\/1"}],"replies":[{"embeddable":true,"href":"http:\/\/www.affinite.fr\/index.php\/wp-json\/wp\/v2\/comments?post=1615"}],"version-history":[{"count":0,"href":"http:\/\/www.affinite.fr\/index.php\/wp-json\/wp\/v2\/posts\/1615\/revisions"}],"wp:featuredmedia":[{"embeddable":true,"href":"http:\/\/www.affinite.fr\/index.php\/wp-json\/wp\/v2\/media\/1616"}],"wp:attachment":[{"href":"http:\/\/www.affinite.fr\/index.php\/wp-json\/wp\/v2\/media?parent=1615"}],"wp:term":[{"taxonomy":"category","embeddable":true,"href":"http:\/\/www.affinite.fr\/index.php\/wp-json\/wp\/v2\/categories?post=1615"},{"taxonomy":"post_tag","embeddable":true,"href":"http:\/\/www.affinite.fr\/index.php\/wp-json\/wp\/v2\/tags?post=1615"}],"curies":[{"name":"wp","href":"https:\/\/api.w.org\/{rel}","templated":true}]}}