{"id":1613,"date":"2020-04-06T14:49:21","date_gmt":"2020-04-06T14:49:21","guid":{"rendered":"https:\/\/www.affinite.fr\/index.php\/2020\/04\/06\/amazon-va-differer-son-evenement-prime-day\/"},"modified":"2020-04-06T14:49:21","modified_gmt":"2020-04-06T14:49:21","slug":"amazon-va-differer-son-evenement-prime-day","status":"publish","type":"post","link":"http:\/\/www.affinite.fr\/index.php\/2020\/04\/06\/amazon-va-differer-son-evenement-prime-day\/","title":{"rendered":"Amazon va diff\u00e9rer son \u00e9v\u00e9nement Prime Day"},"content":{"rendered":"<p> [ad_1]<br \/>\n<br \/><img decoding=\"async\" src=\"https:\/\/img.bfmtv.com\/i\/0\/0\/9b4\/d11a9e725c21a0f95085aa57c8a7a.jpg\" \/><\/p>\n<div itemprop=\"articleBody\">\n<p>Les amateurs du Prime Day 2020 devront attendre. Selon Reuters, le g\u00e9ant du commerce en ligne a d\u00e9cid\u00e9 de repousser l&rsquo;\u00e9v\u00e9nement qui devait avoir lieu au mois de juillet. La nouvelle date n&rsquo;est pas encore connue, mais cet \u00e9v\u00e9nement commercial d\u00e9marrerait au mieux en ao\u00fbt prochain.\u00a0<\/p>\n<h3 style=\"color:#333; font-family:arial,helvetica,sans-serif; font-size:23px; font-weight:700\">Des ventes boulevers\u00e9es par le Covid-19<\/h3>\n<p>A cause de la crise du coronavirus, les plans de vente d&rsquo;Amazon sont boulevers\u00e9s car les produits de premi\u00e8re n\u00e9cessit\u00e9 sont privil\u00e9gi\u00e9s. De plus, des tensions apparaissent dans les entrep\u00f4ts car les employ\u00e9s ont peur de la contamination. Au final, Amazon pourrait subir une perte de 100 millions de dollars \u00e0 cause des\u00a0stocks de mat\u00e9riels qu&rsquo;il n&rsquo;a pas pu \u00e9couler&#8230; et qu&rsquo;il devra vendre au rabais.<\/p>\n<aside class=\"bg-color-0 padding-inside-all-s bloc border-s\">\n<h4 class=\"box-txt-normal\">\n<p><strong>A d\u00e9couvrir aussi en vid\u00e9o :<\/strong><\/p>\n<\/h4>\n<\/aside>\n<p>Lanc\u00e9 en 2015, le Prime Day consiste en une ou deux journ\u00e9es de promotions r\u00e9serv\u00e9es aux membres du <a href=\"https:\/\/www.01net.com\/actualites\/amazon-quels-sont-les-avantages-du-programme-prime-1712463.html\" target=\"_blank\" rel=\"noopener noreferrer\">programme Amazon Prime<\/a>. Elles d\u00e9butent normalement au mois de juillet et permettent \u00e0 Amazon de recruter de nouveaux clients pour son programme Prime, mais aussi d&rsquo;augmenter les ventes de ses appareils connect\u00e9s Echo.<\/p>\n<p><strong>Source <\/strong>: <a href=\"https:\/\/www.reuters.com\/article\/us-health-coronavirus-amazon-com-prime-d\/exclusive-amazon-to-delay-marketing-event-prime-day-due-to-coronavirus-idUSKBN21L2S6\" target=\"_blank\" rel=\"noopener noreferrer\">Reuters<\/a><\/p>\n<\/p><\/div>\n<p><script>\n         !function(f,b,e,v,n,t,s){if(f.fbq)return;n=f.fbq=function()\n         {n.callMethod? n.callMethod.apply(n,arguments):n.queue.push(arguments)}\n         ;if(!f._fbq)f._fbq=n;\n             n.push=n;n.loaded=!0;n.version='2.0';n.queue=[];t=b.createElement(e);t.async=!0;\n             t.src=v;s=b.getElementsByTagName(e)[0];s.parentNode.insertBefore(t,s)}(window,\n                 document,'script','https:\/\/connect.facebook.net\/en_US\/fbevents.js');\n         fbq('init', '1065890633454496');\n         fbq('track', 'PageView');\n     <\/script><br \/>\n<br \/>[ad_2]<br \/>\n<br \/><a href=\"https:\/\/www.01net.com\/actualites\/coronavirus-amazon-va-differer-son-evenement-prime-day-1889680.html\">Source link <\/a><\/p>\n","protected":false},"excerpt":{"rendered":"<p>[ad_1] Les amateurs du Prime Day 2020 devront attendre. Selon Reuters, le g\u00e9ant du commerce en ligne a d\u00e9cid\u00e9 de &hellip; <a href=\"http:\/\/www.affinite.fr\/index.php\/2020\/04\/06\/amazon-va-differer-son-evenement-prime-day\/\" class=\"more-link\">Plus <span class=\"screen-reader-text\">Amazon va diff\u00e9rer son \u00e9v\u00e9nement Prime Day<\/span> <span class=\"meta-nav\">&rarr;<\/span><\/a><\/p>\n","protected":false},"author":1,"featured_media":1614,"comment_status":"open","ping_status":"open","sticky":false,"template":"","format":"standard","meta":{"_sitemap_exclude":false,"_sitemap_priority":"","_sitemap_frequency":"","footnotes":""},"categories":[1],"tags":[],"class_list":["post-1613","post","type-post","status-publish","format-standard","has-post-thumbnail","hentry","category-tous"],"_links":{"self":[{"href":"http:\/\/www.affinite.fr\/index.php\/wp-json\/wp\/v2\/posts\/1613"}],"collection":[{"href":"http:\/\/www.affinite.fr\/index.php\/wp-json\/wp\/v2\/posts"}],"about":[{"href":"http:\/\/www.affinite.fr\/index.php\/wp-json\/wp\/v2\/types\/post"}],"author":[{"embeddable":true,"href":"http:\/\/www.affinite.fr\/index.php\/wp-json\/wp\/v2\/users\/1"}],"replies":[{"embeddable":true,"href":"http:\/\/www.affinite.fr\/index.php\/wp-json\/wp\/v2\/comments?post=1613"}],"version-history":[{"count":0,"href":"http:\/\/www.affinite.fr\/index.php\/wp-json\/wp\/v2\/posts\/1613\/revisions"}],"wp:featuredmedia":[{"embeddable":true,"href":"http:\/\/www.affinite.fr\/index.php\/wp-json\/wp\/v2\/media\/1614"}],"wp:attachment":[{"href":"http:\/\/www.affinite.fr\/index.php\/wp-json\/wp\/v2\/media?parent=1613"}],"wp:term":[{"taxonomy":"category","embeddable":true,"href":"http:\/\/www.affinite.fr\/index.php\/wp-json\/wp\/v2\/categories?post=1613"},{"taxonomy":"post_tag","embeddable":true,"href":"http:\/\/www.affinite.fr\/index.php\/wp-json\/wp\/v2\/tags?post=1613"}],"curies":[{"name":"wp","href":"https:\/\/api.w.org\/{rel}","templated":true}]}}