{"id":1602,"date":"2020-04-06T11:40:10","date_gmt":"2020-04-06T11:40:10","guid":{"rendered":"https:\/\/www.affinite.fr\/index.php\/2020\/04\/06\/pourquoi-le-rachat-de-nextvr-profiterait-aux-futures-lunettes-ar-dapple\/"},"modified":"2020-04-06T11:40:10","modified_gmt":"2020-04-06T11:40:10","slug":"pourquoi-le-rachat-de-nextvr-profiterait-aux-futures-lunettes-ar-dapple","status":"publish","type":"post","link":"http:\/\/www.affinite.fr\/index.php\/2020\/04\/06\/pourquoi-le-rachat-de-nextvr-profiterait-aux-futures-lunettes-ar-dapple\/","title":{"rendered":"Pourquoi le rachat de NextVR profiterait aux futures lunettes AR d&rsquo;Apple"},"content":{"rendered":"<p> [ad_1]<br \/>\n<br \/><img decoding=\"async\" src=\"https:\/\/img.bfmtv.com\/i\/0\/0\/593\/4b490e2791634a7024056a65aaa91.jpg\" \/><\/p>\n<div itemprop=\"articleBody\">\n<p>Pour acc\u00e9l\u00e9rer le d\u00e9veloppement de ses futures lunettes de r\u00e9alit\u00e9 augment\u00e9e, Cupertino pourrait jeter son d\u00e9volu sur NextVR, une entreprise californienne qui a les deux pieds dans la r\u00e9alit\u00e9 virtuelle depuis des ann\u00e9es. Elle s&rsquo;est sp\u00e9cialis\u00e9e dans la production et la diffusion d&rsquo;\u00e9v\u00e9nements sportifs et de divertissement pour les casques <a href=\"https:\/\/www.01net.com\/tests\/test-sony-playstation-vr-champion-imparfait-de-la-realite-virtuelle-5486.html\" target=\"_blank\" rel=\"noopener noreferrer\">VR de Sony<\/a>, <a href=\"https:\/\/www.01net.com\/actualites\/rift-s-et-quest-on-a-essaye-les-nouveaux-casques-de-realite-virtuelle-d-oculus-1670084.html\" target=\"_blank\" rel=\"noopener noreferrer\">Oculus<\/a>, <a href=\"https:\/\/www.01net.com\/actualites\/htc-etend-son-offre-de-casques-vr-cosmos-avec-les-packs-play-et-elite-1861439.html\" target=\"_blank\" rel=\"noopener noreferrer\">HTC<\/a>, etc. L&rsquo;entreprise a nou\u00e9 des accords\u00a0avec la NBA, Fox Sports, le tournoi de tennis de Wimbledon ainsi qu&rsquo;avec des soci\u00e9t\u00e9s de production de concerts et d&rsquo;\u00e9v\u00e9nements sportifs locaux ou nationaux. Une manne de technologies et de partenariats ? Un v\u00e9ritable tr\u00e9sor pour Apple.<\/p>\n<blockquote>\n<p><strong>\u00c0 lire aussi :<\/strong> <a href=\"https:\/\/www.01net.com\/actualites\/comment-apple-domine-la-realite-augmentee-et-prepare-patiemment-le-terrain-a-ses-lunettes-1705258.html\" target=\"_blank\" rel=\"noopener noreferrer\">Comment Apple domine la r\u00e9alit\u00e9 augment\u00e9e et pr\u00e9pare patiemment le terrain \u00e0 ses lunettes<\/a><\/p>\n<\/blockquote>\n<p style=\"color:#333; font-family:arial,helvetica,sans-serif; font-size:18px\">Apple croit moins en la r\u00e9alit\u00e9 virtuelle qu&rsquo;en <a href=\"https:\/\/www.01net.com\/actualites\/apple-les-futures-lunettes-de-realite-augmentee-auraient-leur-store-dedie-1791401.html\" target=\"_blank\" rel=\"noopener noreferrer\">la r\u00e9alit\u00e9 augment\u00e9e<\/a>, c&rsquo;est un fait. En t\u00e9moignent l&rsquo;\u00e9cosyst\u00e8me ARKit et les app\u00e9tences des iPhone et iPad pour l&rsquo;AR. Toutefois, qui&rsquo;il s&rsquo;agisse de VR ou d&rsquo;AR, les deux principes de rendu ont des socles communs et Apple chercherait \u00e0 acqu\u00e9rir de nouveaux talents en la mati\u00e8re. Sans doute pour acc\u00e9l\u00e9rer le d\u00e9veloppement de ses binocles 3.0, attendues pour l&rsquo;ann\u00e9e prochaine au plus t\u00f4t.<\/p>\n<h3 style=\"color:#333; font-family:arial,helvetica,sans-serif; font-size:23px; font-weight:700\">Apple a toujours autant soif de brevets<\/h3>\n<p>Selon les sources du site am\u00e9ricain sp\u00e9cialis\u00e9 <em>9to5Mac<\/em>, ce ne serait pas tant le versant VR qui int\u00e9resserait Apple que la quarantaine de techniques d\u00e9velopp\u00e9es par NextVR pour compresser, adapter et diffuser des vid\u00e9os de tr\u00e8s bonne qualit\u00e9 dans les lentilles oculaires des masques, quelle que soit\u00a0leur marque. Entre adapter du contenu pour des verres de lunettes ou pour un dispositif de r\u00e9alit\u00e9 augment\u00e9e, il n&rsquo;y a qu&rsquo;un pas. Ou deux maximum.<\/p>\n<aside class=\"bg-color-0 padding-inside-all-s bloc border-s\">\n<h4 class=\"box-txt-normal\">\n<p><strong>\u00c0 d\u00e9couvrir aussi en vid\u00e9o :<\/strong><\/p>\n<\/h4>\n<\/aside>\n<p>Comme NextVR ne serait pas en tr\u00e8s bonne posture financi\u00e8re, Apple pourrait\u00a0sauver cette entreprise, elle et ses brevets, en la rachetant 100 millions de dollars, toujours selon les informations de <em>9to5<\/em>.<\/p>\n<p>Le personnel actuel aurait \u00e9t\u00e9 notifi\u00e9, il y a quelques jours, qu&rsquo;une partie de l&rsquo;activit\u00e9 pourrait \u00eatre d\u00e9localis\u00e9e dans la r\u00e9gion de Cupertino dans les prochaines semaines. Un indice suppl\u00e9mentaire qui laisse supposer que l&rsquo;acquisition suppos\u00e9e pourrait bient\u00f4t\u00a0\u00eatre officialis\u00e9e.<\/p>\n<p><strong>Source : <\/strong><a href=\"https:\/\/9to5mac.com\/2020\/04\/04\/apple-nextr-ar-headset\/\" target=\"_blank\" rel=\"noopener noreferrer\">9to5mac<\/a><\/p>\n<\/p><\/div>\n<p><script>\n         !function(f,b,e,v,n,t,s){if(f.fbq)return;n=f.fbq=function()\n         {n.callMethod? n.callMethod.apply(n,arguments):n.queue.push(arguments)}\n         ;if(!f._fbq)f._fbq=n;\n             n.push=n;n.loaded=!0;n.version='2.0';n.queue=[];t=b.createElement(e);t.async=!0;\n             t.src=v;s=b.getElementsByTagName(e)[0];s.parentNode.insertBefore(t,s)}(window,\n                 document,'script','https:\/\/connect.facebook.net\/en_US\/fbevents.js');\n         fbq('init', '1065890633454496');\n         fbq('track', 'PageView');\n     <\/script><br \/>\n<br \/>[ad_2]<br \/>\n<br \/><a href=\"https:\/\/www.01net.com\/actualites\/pourquoi-le-rachat-de-nextvr-profiterait-aux-futures-lunettes-ar-d-apple-1889710.html\">Source link <\/a><\/p>\n","protected":false},"excerpt":{"rendered":"<p>[ad_1] Pour acc\u00e9l\u00e9rer le d\u00e9veloppement de ses futures lunettes de r\u00e9alit\u00e9 augment\u00e9e, Cupertino pourrait jeter son d\u00e9volu sur NextVR, une &hellip; <a href=\"http:\/\/www.affinite.fr\/index.php\/2020\/04\/06\/pourquoi-le-rachat-de-nextvr-profiterait-aux-futures-lunettes-ar-dapple\/\" class=\"more-link\">Plus <span class=\"screen-reader-text\">Pourquoi le rachat de NextVR profiterait aux futures lunettes AR d&rsquo;Apple<\/span> <span class=\"meta-nav\">&rarr;<\/span><\/a><\/p>\n","protected":false},"author":1,"featured_media":1603,"comment_status":"open","ping_status":"open","sticky":false,"template":"","format":"standard","meta":{"_sitemap_exclude":false,"_sitemap_priority":"","_sitemap_frequency":"","footnotes":""},"categories":[1],"tags":[],"class_list":["post-1602","post","type-post","status-publish","format-standard","has-post-thumbnail","hentry","category-tous"],"_links":{"self":[{"href":"http:\/\/www.affinite.fr\/index.php\/wp-json\/wp\/v2\/posts\/1602"}],"collection":[{"href":"http:\/\/www.affinite.fr\/index.php\/wp-json\/wp\/v2\/posts"}],"about":[{"href":"http:\/\/www.affinite.fr\/index.php\/wp-json\/wp\/v2\/types\/post"}],"author":[{"embeddable":true,"href":"http:\/\/www.affinite.fr\/index.php\/wp-json\/wp\/v2\/users\/1"}],"replies":[{"embeddable":true,"href":"http:\/\/www.affinite.fr\/index.php\/wp-json\/wp\/v2\/comments?post=1602"}],"version-history":[{"count":0,"href":"http:\/\/www.affinite.fr\/index.php\/wp-json\/wp\/v2\/posts\/1602\/revisions"}],"wp:featuredmedia":[{"embeddable":true,"href":"http:\/\/www.affinite.fr\/index.php\/wp-json\/wp\/v2\/media\/1603"}],"wp:attachment":[{"href":"http:\/\/www.affinite.fr\/index.php\/wp-json\/wp\/v2\/media?parent=1602"}],"wp:term":[{"taxonomy":"category","embeddable":true,"href":"http:\/\/www.affinite.fr\/index.php\/wp-json\/wp\/v2\/categories?post=1602"},{"taxonomy":"post_tag","embeddable":true,"href":"http:\/\/www.affinite.fr\/index.php\/wp-json\/wp\/v2\/tags?post=1602"}],"curies":[{"name":"wp","href":"https:\/\/api.w.org\/{rel}","templated":true}]}}