{"id":1528,"date":"2020-04-03T22:08:56","date_gmt":"2020-04-03T22:08:56","guid":{"rendered":"https:\/\/www.affinite.fr\/index.php\/2020\/04\/03\/free-prolonge-de-deux-ans-son-contrat-ditinerance-avec-orange\/"},"modified":"2020-04-03T22:08:56","modified_gmt":"2020-04-03T22:08:56","slug":"free-prolonge-de-deux-ans-son-contrat-ditinerance-avec-orange","status":"publish","type":"post","link":"http:\/\/www.affinite.fr\/index.php\/2020\/04\/03\/free-prolonge-de-deux-ans-son-contrat-ditinerance-avec-orange\/","title":{"rendered":"Free prolonge de deux ans son contrat d&rsquo;itin\u00e9rance avec Orange"},"content":{"rendered":"<p> [ad_1]<br \/>\n<br \/><img decoding=\"async\" src=\"https:\/\/img.bfmtv.com\/i\/0\/0\/28e\/de065d2697cd99690bf34c2cff4d7.png\" \/><\/p>\n<div itemprop=\"articleBody\">\n<p>Coup de th\u00e9\u00e2tre sur le march\u00e9 des t\u00e9l\u00e9coms. Alors que l&rsquo;on croyait <a href=\"http:\/\/l\u2019 \u00ab impossibilit\u00e9 pour Free Mobile de rattraper le standard de couverture du march\u00e9 qui a nettement augment\u00e9 avec l\u2019accord de mutualisation Crozon(4) et les obligations New Deal(5) \u00bb malgr\u00e9 \u00ab un d\u00e9ploiement tr\u00e8s volontariste \u00bb ;  -         \u00ab le besoin de b\u00e9n\u00e9ficier d\u2019une couverture 2G  au m\u00eame titre que les autres op\u00e9rateurs de r\u00e9seaux mobiles\u00bb compte tenu, d\u2019une part, d\u2019un nombre d\u2019abonn\u00e9s 2G \u00ab en attrition lente \u00bb et de l\u2019impossibilit\u00e9 pour Free Mobile de d\u00e9ployer un r\u00e9seau 2G \u00e0 court-terme en raison du manque de fr\u00e9quences et, d\u2019autre part, de l\u2019utilisation de la 2G par les autres op\u00e9rateurs comme technologie de repli \u00ab dans certaines situations notamment en indoor ou en heures de pointe \u00bb.\" target=\"_blank\" rel=\"noopener noreferrer\">l&rsquo;extinction de l&rsquo;itin\u00e9rance entre Free et Orange<\/a> assur\u00e9e au\u00a031 d\u00e9cembre 2020, les deux op\u00e9rateurs ont sign\u00e9 un avenant \u00e0 leur contrat au mois de f\u00e9vrier. Ils prolongent de deux ans leur accord. L&rsquo;Arcep annonce ce jour examiner le document et en informe aujourd&rsquo;hui le march\u00e9.<\/p>\n<p>Pour rappel, Free Mobile s&rsquo;appuie sur les r\u00e9seaux 2G et 3G d&rsquo;Orange depuis 2011. En 2016, il a cependant \u00e9t\u00e9 contraint par l&rsquo;Arcep de <a href=\"https:\/\/www.01net.com\/actualites\/free-mobile-la-fin-de-l-itinerance-avec-orange-confirmee-pour-2020-999125.html#content\/contribution\/edit\" target=\"_blank\" rel=\"noopener noreferrer\">r\u00e9duire progressivement sa d\u00e9pendance \u00e0 l&rsquo;\u00e9gard de l&rsquo;op\u00e9rateur historique<\/a>. Par ailleurs, lorsque ses abonn\u00e9s sont bascul\u00e9s automatiquement sur les antennes d&rsquo;Orange, leur d\u00e9bit mobile est r\u00e9duit de mani\u00e8re importante.<\/p>\n<aside class=\"bg-color-0 padding-inside-all-s bloc border-s\">\n<h4 class=\"box-txt-normal\">\n<p><strong>A d\u00e9couvrir aussi en vid\u00e9o<\/strong><\/p>\n<\/h4>\n<\/aside>\n<h3 style=\"color:#333; font-family:arial,helvetica,sans-serif; font-size:23px; font-weight:700\">Free Mobile a besoin de la 2G<\/h3>\n<p>D&rsquo;apr\u00e8s le communiqu\u00e9 de presse de l&rsquo;Arcep, cette d\u00e9marche est motiv\u00e9e par l&rsquo;impossibilit\u00e9 pour Free Mobile de rattraper le standard de couverture du march\u00e9.<br \/>En cause, selon lui, la mutualisation du r\u00e9seau mobile de Bouygues Telecom et SFR. Il a aussi exprim\u00e9 le besoin de <em>\u00ab b\u00e9n\u00e9ficier d\u2019une couverture 2G\u00a0 au m\u00eame titre que les autres op\u00e9rateurs de r\u00e9seaux mobiles \u00bb<\/em>, alors m\u00eame que les fr\u00e9quences 2G ne sont plus disponibles et qu&rsquo;elles restent tr\u00e8s utilis\u00e9es par les op\u00e9rateurs, notamment comme solution de repli aux heures de pointe ou \u00e0 l&rsquo;int\u00e9rieur des b\u00e2timents.<\/p>\n<\/p><\/div>\n<p><script>\n         !function(f,b,e,v,n,t,s){if(f.fbq)return;n=f.fbq=function()\n         {n.callMethod? n.callMethod.apply(n,arguments):n.queue.push(arguments)}\n         ;if(!f._fbq)f._fbq=n;\n             n.push=n;n.loaded=!0;n.version='2.0';n.queue=[];t=b.createElement(e);t.async=!0;\n             t.src=v;s=b.getElementsByTagName(e)[0];s.parentNode.insertBefore(t,s)}(window,\n                 document,'script','https:\/\/connect.facebook.net\/en_US\/fbevents.js');\n         fbq('init', '1065890633454496');\n         fbq('track', 'PageView');\n     <\/script><br \/>\n<br \/>[ad_2]<br \/>\n<br \/><a href=\"https:\/\/www.01net.com\/actualites\/free-prolonge-de-deux-ans-son-contrat-d-itinerance-avec-orange-1888224.html\">Source link <\/a><\/p>\n","protected":false},"excerpt":{"rendered":"<p>[ad_1] Coup de th\u00e9\u00e2tre sur le march\u00e9 des t\u00e9l\u00e9coms. Alors que l&rsquo;on croyait l&rsquo;extinction de l&rsquo;itin\u00e9rance entre Free et Orange &hellip; <a href=\"http:\/\/www.affinite.fr\/index.php\/2020\/04\/03\/free-prolonge-de-deux-ans-son-contrat-ditinerance-avec-orange\/\" class=\"more-link\">Plus <span class=\"screen-reader-text\">Free prolonge de deux ans son contrat d&rsquo;itin\u00e9rance avec Orange<\/span> <span class=\"meta-nav\">&rarr;<\/span><\/a><\/p>\n","protected":false},"author":1,"featured_media":1223,"comment_status":"open","ping_status":"open","sticky":false,"template":"","format":"standard","meta":{"_sitemap_exclude":false,"_sitemap_priority":"","_sitemap_frequency":"","footnotes":""},"categories":[1],"tags":[],"class_list":["post-1528","post","type-post","status-publish","format-standard","has-post-thumbnail","hentry","category-tous"],"_links":{"self":[{"href":"http:\/\/www.affinite.fr\/index.php\/wp-json\/wp\/v2\/posts\/1528"}],"collection":[{"href":"http:\/\/www.affinite.fr\/index.php\/wp-json\/wp\/v2\/posts"}],"about":[{"href":"http:\/\/www.affinite.fr\/index.php\/wp-json\/wp\/v2\/types\/post"}],"author":[{"embeddable":true,"href":"http:\/\/www.affinite.fr\/index.php\/wp-json\/wp\/v2\/users\/1"}],"replies":[{"embeddable":true,"href":"http:\/\/www.affinite.fr\/index.php\/wp-json\/wp\/v2\/comments?post=1528"}],"version-history":[{"count":0,"href":"http:\/\/www.affinite.fr\/index.php\/wp-json\/wp\/v2\/posts\/1528\/revisions"}],"wp:featuredmedia":[{"embeddable":true,"href":"http:\/\/www.affinite.fr\/index.php\/wp-json\/wp\/v2\/media\/1223"}],"wp:attachment":[{"href":"http:\/\/www.affinite.fr\/index.php\/wp-json\/wp\/v2\/media?parent=1528"}],"wp:term":[{"taxonomy":"category","embeddable":true,"href":"http:\/\/www.affinite.fr\/index.php\/wp-json\/wp\/v2\/categories?post=1528"},{"taxonomy":"post_tag","embeddable":true,"href":"http:\/\/www.affinite.fr\/index.php\/wp-json\/wp\/v2\/tags?post=1528"}],"curies":[{"name":"wp","href":"https:\/\/api.w.org\/{rel}","templated":true}]}}