{"id":1522,"date":"2020-04-03T19:00:35","date_gmt":"2020-04-03T19:00:35","guid":{"rendered":"https:\/\/www.affinite.fr\/index.php\/2020\/04\/03\/facebook-lance-une-application-messenger-dediee-sur-windows-et-macos\/"},"modified":"2020-04-03T19:00:35","modified_gmt":"2020-04-03T19:00:35","slug":"facebook-lance-une-application-messenger-dediee-sur-windows-et-macos","status":"publish","type":"post","link":"http:\/\/www.affinite.fr\/index.php\/2020\/04\/03\/facebook-lance-une-application-messenger-dediee-sur-windows-et-macos\/","title":{"rendered":"Facebook lance une application Messenger d\u00e9di\u00e9e sur Windows et macOS"},"content":{"rendered":"<p> [ad_1]<br \/>\n<\/p>\n<div itemprop=\"articleBody\">\n<p class=\"MsoNormal\">Enfin\u00a0! Facebook vient d\u2019annoncer la disponibilit\u00e9 imminente d\u2019une nouvelle application Messenger d\u00e9di\u00e9e pour Windows et macOS. Au cours du mois dernier, confinement oblige, le r\u00e9seau social a vu l\u2019utilisation des appels audio et vid\u00e9os depuis l\u2019interface web de Messenger, augmenter de plus de 100 %.<\/p>\n<p class=\"MsoNormal\">L\u2019arriv\u00e9e d\u2019une nouvelle application de bureau d\u00e9di\u00e9e devrait offrir un plus grand confort aux utilisateurs.<\/p>\n<aside class=\"bg-color-0 padding-inside-all-s bloc border-s\">\n<h4 class=\"box-txt-normal\">\n<p><strong>\u00c0 d\u00e9couvrir aussi en vid\u00e9o :<\/strong><\/p>\n<\/h4>\n<\/aside>\n<p>Si une application Messenger existait d\u00e9j\u00e0 sur Windows, elle ne permettait pas de passer d&rsquo;appels vid\u00e9o. C&rsquo;est d\u00e9sormais de l&rsquo;histoire ancienne puisque la nouvelle version de l&rsquo;appli\u00a0offre tout ce que Messenger propose d\u00e9j\u00e0 sur les autres plates-formes : appels vid\u00e9o en groupe, acc\u00e8s \u00e0 la messagerie instantan\u00e9e, r\u00e9ception et gestion des notifications ou encore synchronisation des discussions avec les autres appareils sur lesquels Messenger est utilis\u00e9.<\/p>\n<p>Elle int\u00e8gre par ailleurs un th\u00e8me sombre, comme c&rsquo;est d\u00e9j\u00e0 le cas sur les versions mobiles iOS et Android de la messagerie.<\/p>\n<figure class=\"figure text-center\"><img decoding=\"async\" class=\"article-img img-responsive-l\" src=\"https:\/\/img.bfmtv.com\/c\/0\/708\/d5e\/f38cfdcb0d02a63604c2b8e861f8a.png\" alt=\"\"\/><figcaption class=\"figure-caption figcaption color-txt-0 title-xs hidden-xs\"\/><\/figure>\n<p class=\"MsoNormal\">Ceux qui souhaitent l\u2019installer devront obligatoirement passer par le Microsoft Store et l\u2019App Store, Facebook ne proposant pas de t\u00e9l\u00e9charger de fichier d\u2019installation classique.<\/p>\n<p class=\"MsoNormal\">Source\u00a0: <a href=\"https:\/\/about.fb.com\/news\/2020\/04\/messenger-desktop-app\/\" target=\"_blank\" rel=\"noopener noreferrer\">Facebook<\/a><\/p>\n<\/p><\/div>\n<p><script>\n         !function(f,b,e,v,n,t,s){if(f.fbq)return;n=f.fbq=function()\n         {n.callMethod? n.callMethod.apply(n,arguments):n.queue.push(arguments)}\n         ;if(!f._fbq)f._fbq=n;\n             n.push=n;n.loaded=!0;n.version='2.0';n.queue=[];t=b.createElement(e);t.async=!0;\n             t.src=v;s=b.getElementsByTagName(e)[0];s.parentNode.insertBefore(t,s)}(window,\n                 document,'script','https:\/\/connect.facebook.net\/en_US\/fbevents.js');\n         fbq('init', '1065890633454496');\n         fbq('track', 'PageView');\n     <\/script><br \/>\n<br \/>[ad_2]<br \/>\n<br \/><a href=\"https:\/\/www.01net.com\/actualites\/facebook-lance-une-application-messenger-dediee-sur-windows-et-macos-1887691.html\">Source link <\/a><\/p>\n","protected":false},"excerpt":{"rendered":"<p>[ad_1] Enfin\u00a0! Facebook vient d\u2019annoncer la disponibilit\u00e9 imminente d\u2019une nouvelle application Messenger d\u00e9di\u00e9e pour Windows et macOS. Au cours du &hellip; <a href=\"http:\/\/www.affinite.fr\/index.php\/2020\/04\/03\/facebook-lance-une-application-messenger-dediee-sur-windows-et-macos\/\" class=\"more-link\">Plus <span class=\"screen-reader-text\">Facebook lance une application Messenger d\u00e9di\u00e9e sur Windows et macOS<\/span> <span class=\"meta-nav\">&rarr;<\/span><\/a><\/p>\n","protected":false},"author":1,"featured_media":1523,"comment_status":"open","ping_status":"open","sticky":false,"template":"","format":"standard","meta":{"_sitemap_exclude":false,"_sitemap_priority":"","_sitemap_frequency":"","footnotes":""},"categories":[1],"tags":[],"class_list":["post-1522","post","type-post","status-publish","format-standard","has-post-thumbnail","hentry","category-tous"],"_links":{"self":[{"href":"http:\/\/www.affinite.fr\/index.php\/wp-json\/wp\/v2\/posts\/1522"}],"collection":[{"href":"http:\/\/www.affinite.fr\/index.php\/wp-json\/wp\/v2\/posts"}],"about":[{"href":"http:\/\/www.affinite.fr\/index.php\/wp-json\/wp\/v2\/types\/post"}],"author":[{"embeddable":true,"href":"http:\/\/www.affinite.fr\/index.php\/wp-json\/wp\/v2\/users\/1"}],"replies":[{"embeddable":true,"href":"http:\/\/www.affinite.fr\/index.php\/wp-json\/wp\/v2\/comments?post=1522"}],"version-history":[{"count":0,"href":"http:\/\/www.affinite.fr\/index.php\/wp-json\/wp\/v2\/posts\/1522\/revisions"}],"wp:featuredmedia":[{"embeddable":true,"href":"http:\/\/www.affinite.fr\/index.php\/wp-json\/wp\/v2\/media\/1523"}],"wp:attachment":[{"href":"http:\/\/www.affinite.fr\/index.php\/wp-json\/wp\/v2\/media?parent=1522"}],"wp:term":[{"taxonomy":"category","embeddable":true,"href":"http:\/\/www.affinite.fr\/index.php\/wp-json\/wp\/v2\/categories?post=1522"},{"taxonomy":"post_tag","embeddable":true,"href":"http:\/\/www.affinite.fr\/index.php\/wp-json\/wp\/v2\/tags?post=1522"}],"curies":[{"name":"wp","href":"https:\/\/api.w.org\/{rel}","templated":true}]}}