{"id":1502,"date":"2020-04-03T10:48:22","date_gmt":"2020-04-03T10:48:22","guid":{"rendered":"https:\/\/www.affinite.fr\/index.php\/2020\/04\/03\/10-comptes-instagram-deco-a-suivre-pour-se-rincer-loeil\/"},"modified":"2020-04-03T10:48:22","modified_gmt":"2020-04-03T10:48:22","slug":"10-comptes-instagram-deco-a-suivre-pour-se-rincer-loeil","status":"publish","type":"post","link":"http:\/\/www.affinite.fr\/index.php\/2020\/04\/03\/10-comptes-instagram-deco-a-suivre-pour-se-rincer-loeil\/","title":{"rendered":"10\u00a0comptes Instagram d\u00e9co \u00e0 suivre pour se rincer l&rsquo;\u0153il"},"content":{"rendered":"<p> [ad_1]<br \/>\n<br \/><img decoding=\"async\" src=\"https:\/\/img-3.journaldesfemmes.fr\/i7FSO0synqfkBOGGj1KDx2Pugdg=\/1280x\/smart\/09494264bbd94fea917b78f614fd75c8\/ccmcms-jdf\/14741962.jpg\" \/><\/p>\n<p>\n                A la recherche des derni\u00e8res tendances et pas contre une bonne dose d&rsquo;inspiration\u00a0? Faites confiance au r\u00e9seau social pr\u00e9f\u00e9r\u00e9 des blogueuses d\u00e9co, j&rsquo;ai nomm\u00e9 Instagram. Aliment\u00e9s quotidiennement, ces 10\u00a0comptes ont des id\u00e9es \u00e0 revendre\u00a0!            <\/p>\n<div>\n<aside class=\"ccmsummary marqueur_module ccmcss_cms_summary ccmcss_cms_summary--right\">\n<p>Sommaire<\/p>\n<\/aside>\n<p>Av\u00e8nement des r\u00e9seaux sociaux oblige, on partage tout.\u00a0Coups de c\u0153ur d\u00e9co, inspirations, souvenirs de voyage&#8230; et\u00a0les blogueuses ne sont pas en reste.\u00a0Mises en sc\u00e8ne travaill\u00e9es et photos l\u00e9ch\u00e9es r\u00e9galeront les\u00a0amateurs de beaux <em>feeds<\/em>.\u00a0A vos marques, pr\u00eats, scrollez !\u00a0<\/p>\n<p>Contraction de leurs\u00a0deux pr\u00e9noms &#8211; H\u00e9l\u00e8ne\u00a0Pinaud et Julien Schwartzmann &#8211; <a href=\"https:\/\/deco.journaldesfemmes.fr\/magazine\/1650201-instagram-heju\/\" target=\"_blank\" rel=\"noopener noreferrer\">Heju<\/a> est un <strong>duo d&rsquo;architectes sous influences japandi<\/strong> (m\u00e9lange\u00a0des styles japonais et scandinave). Architecture, d\u00e9coration, sc\u00e9nographie et design, ils touchent \u00e0 tout et d\u00e9voilent les coulisses de leurs projets, leurs inspirations\u00a0et leurs coups de c\u0153ur dans une palette pastel des plus douces. En guest, leur petit chat Lupin pointe le bout de sa truffe sur quelques posts.\u00a0<\/p>\n<p>Journaliste d\u00e9co f\u00e9rue de beaux objets vintage,\u00a0M\u00e9lanie s&rsquo;est\u00a0lanc\u00e9e un sacr\u00e9 d\u00e9fi\u00a0: ouvrir sa\u00a0<a href=\"https:\/\/www.elogeparis.com\/\" target=\"_blank\" rel=\"noopener noreferrer\">boutique en ligne<\/a> de pi\u00e8ces chin\u00e9es en France, avec soin et amour. Joliment mises en sc\u00e8ne et\u00a0photographi\u00e9es par Brice, son compagnon \u00e0 la ville comme dans\u00a0la vie, ses p\u00e9pites c\u00e9l\u00e8brent le temps qui passe et les\u00a0imperfections qui en r\u00e9sultent. Post\u00e9es quotidiennement sur l&rsquo;Instagram <a href=\"https:\/\/www.instagram.com\/eloge.paris\/\" target=\"_blank\" rel=\"noopener noreferrer\">Eloge Paris<\/a>, elles mettent du soleil dans notre feed, nos c\u0153urs et nos vies.\u00a0Une belle fa\u00e7on de ralentir la cadence, consommer moins mais mieux et ainsi tendre vers un <a href=\"https:\/\/deco.journaldesfemmes.fr\/tendance-deco\/2547440-slow-design-deco-durable\/\" target=\"_blank\" rel=\"noopener noreferrer\">design plus slow<\/a>.<\/p>\n<p>Fond\u00e9 en 2013 par Constance Gennari, ce site inspirationnel \u00e0 souhait nous ouvre les portes d&rsquo;appartements et\u00a0maisons de\u00a0familles d&rsquo;aujourd&rsquo;hui. Toujours dans l&rsquo;air du temps, ces int\u00e9rieurs de caract\u00e8re nous font de l\u2019\u0153il chaque semaine\u00a0et on prend plaisir \u00e0 les d\u00e9couvrir. Pssst, sur le compte Insta, les inspirations ne manquent pas !\u00a0<\/p>\n<p>Mari\u00e9e \u00e0 un su\u00e9dois, l&rsquo;anglaise\u00a0Niki Brantmark est tomb\u00e9e amoureuse du <a href=\"https:\/\/deco.journaldesfemmes.fr\/tendance-deco\/1963121-lagom-livre-niki-brantmark\/\" target=\"_blank\" rel=\"noopener noreferrer\">lagom<\/a>, cette philosophie de vie qui pr\u00f4ne l&rsquo;\u00e9quilibre en tous domaines, d\u00e9coration comprise. Via son <em>feed<\/em> Instagram,\u00a0elle nous invite \u00e0 plonger dans son univers et publie aussi des photos\u00a0inspir\u00e9es et inspirantes d&rsquo;ambiances au style minimaliste.\u00a0<\/p>\n<p>Que vous ayez la main verte ou non, faites le plein d&rsquo;inspirations\u00a0<a href=\"https:\/\/deco.journaldesfemmes.fr\/tendance-deco\/1974968-deco-nature\/\" target=\"_blank\" rel=\"noopener noreferrer\">d\u00e9co green<\/a>\u00a0sur LE\u00a0blog des mordus\u00a0de plantes.\u00a0Monstera, eucalyptus, foug\u00e8re, cactus&#8230; Il y en a pour tous les go\u00fbts et quand la nature s&rsquo;invite dans toutes les pi\u00e8ces, c&rsquo;est rafra\u00eechissant !<\/p>\n<p>Passionn\u00e9e de brocante et de d\u00e9coration, Charlotte a lanc\u00e9 Selency avec\u00a0Maxime, son compagnon.\u00a0<a href=\"https:\/\/deco.journaldesfemmes.fr\/guide-amenagement-et-travaux\/1520801-brocante-en-ligne\/\" target=\"_blank\" rel=\"noopener noreferrer\">En ligne<\/a>, ils mettent en vente leurs derni\u00e8res trouvailles vintage et les p\u00e9pites sont nombreuses.\u00a0Sur leur compte Instagram, les pi\u00e8ces authentiques c\u00f4toient des photos d&rsquo;inspiration dans une harmonie de couleurs savamment travaill\u00e9e.\u00a0<\/p>\n<p>D\u00e9coratrice d&rsquo;int\u00e9rieur,\u00a0Juliana de Giacomi vit \u00e0 Montpellier, dans un <a href=\"https:\/\/deco.journaldesfemmes.fr\/interieur\/2053982-appartement-decouvrir-design-montpellier\/\" target=\"_blank\" rel=\"noopener noreferrer\">appartement qui surfe sur les tendances kinfolk\u00a0et vintage<\/a>. M\u00e8re de famille, elle distille ses conseils et autres bonnes adresses \u00e0 travers des photos soign\u00e9e.\u00a0A d\u00e9vorer sans mod\u00e9ration.\u00a0<\/p>\n<p>Qui a dit que le tricot \u00e9tait l&rsquo;apanage des mamies ?\u00a0Certainement pas We are knitters, l&rsquo;espagnol qui offre un coup de jeune \u00e0 cette pratique un temps laiss\u00e9e de c\u00f4t\u00e9.\u00a0Patron, pelote et kit, il y a tout ce qu&rsquo;il faut pour devenir un as du tricot. La preuve sur leur compte Instagram o\u00f9 les cr\u00e9ations des tricoteurs de tout poil sont \u00e0 l&rsquo;honneur !\u00a0<\/p>\n<p>Fran\u00e7aise d&rsquo;adoption, cette n\u00e9erlandaise a trouv\u00e9 refuge en Provence dans une\u00a0<a href=\"https:\/\/deco.journaldesfemmes.fr\/interieur\/2067669-visite-maison-interior-crisp\/\" target=\"_blank\" rel=\"noopener noreferrer\">demeure\u00a0de campagne kinfolk \u00e0 la d\u00e9co faite maison<\/a>.\u00a0Bucolique et v\u00e9g\u00e9tal, l&rsquo;univers de\u00a0Nanette donne des envies d&rsquo;ailleurs. En bonus, quelques citations et mantras <em>feel-good<\/em>\u00a0ponctuent son <em>feed<\/em> Instagram, de quoi faire le plein de bonnes ondes.\u00a0<\/p>\n<aside id=\"NL_1840892441\" class=\"newsletter_subscription jNlBlock\"><noscript><br \/>\n            <\/noscript><\/p>\n<h3 class=\"newsletter_subscription-title\">Newsletter <\/h3>\n<p><a href=\"\/\/mailing.ccmbg.com\/archive\/last-85\" target=\"_blank\" class=\"a_hover\" rel=\"noopener noreferrer\">Voir un exemple<\/a><\/p>\n<\/aside>\n<p>C\u00e9line Alata vit \u00e0 Paris. D\u00e9coratrice d&rsquo;int\u00e9rieur de m\u00e9tier, elle\u00a0fourmille d&rsquo;id\u00e9es et se fait une joie de les partager sur son blog.\u00a0Entre photos de nouveaut\u00e9s d\u00e9co et souvenirs de voyage, elle s&rsquo;est fa\u00e7onn\u00e9 <a href=\"https:\/\/deco.journaldesfemmes.fr\/magazine\/1742725-instagram-frenchy-fancy\/\" target=\"_blank\" rel=\"noopener noreferrer\">un compte Instagram\u00a0digne d&rsquo;un album de famille<\/a>.\u00a0<\/p>\n<\/p><\/div>\n<p><script async defer src=\"https:\/\/platform.instagram.com\/en_US\/embeds.js\"><\/script><br \/>\n<br \/>[ad_2]<br \/>\n<br \/><a href=\"https:\/\/deco.journaldesfemmes.fr\/tendance-deco\/2082966-instagram-deco-compte-a-suivre\/\">Source link <\/a><\/p>\n","protected":false},"excerpt":{"rendered":"<p>[ad_1] A la recherche des derni\u00e8res tendances et pas contre une bonne dose d&rsquo;inspiration\u00a0? Faites confiance au r\u00e9seau social pr\u00e9f\u00e9r\u00e9 &hellip; <a href=\"http:\/\/www.affinite.fr\/index.php\/2020\/04\/03\/10-comptes-instagram-deco-a-suivre-pour-se-rincer-loeil\/\" class=\"more-link\">Plus <span class=\"screen-reader-text\">10\u00a0comptes Instagram d\u00e9co \u00e0 suivre pour se rincer l&rsquo;\u0153il<\/span> <span class=\"meta-nav\">&rarr;<\/span><\/a><\/p>\n","protected":false},"author":1,"featured_media":1503,"comment_status":"open","ping_status":"open","sticky":false,"template":"","format":"standard","meta":{"_sitemap_exclude":false,"_sitemap_priority":"","_sitemap_frequency":"","footnotes":""},"categories":[1],"tags":[],"class_list":["post-1502","post","type-post","status-publish","format-standard","has-post-thumbnail","hentry","category-tous"],"_links":{"self":[{"href":"http:\/\/www.affinite.fr\/index.php\/wp-json\/wp\/v2\/posts\/1502"}],"collection":[{"href":"http:\/\/www.affinite.fr\/index.php\/wp-json\/wp\/v2\/posts"}],"about":[{"href":"http:\/\/www.affinite.fr\/index.php\/wp-json\/wp\/v2\/types\/post"}],"author":[{"embeddable":true,"href":"http:\/\/www.affinite.fr\/index.php\/wp-json\/wp\/v2\/users\/1"}],"replies":[{"embeddable":true,"href":"http:\/\/www.affinite.fr\/index.php\/wp-json\/wp\/v2\/comments?post=1502"}],"version-history":[{"count":0,"href":"http:\/\/www.affinite.fr\/index.php\/wp-json\/wp\/v2\/posts\/1502\/revisions"}],"wp:featuredmedia":[{"embeddable":true,"href":"http:\/\/www.affinite.fr\/index.php\/wp-json\/wp\/v2\/media\/1503"}],"wp:attachment":[{"href":"http:\/\/www.affinite.fr\/index.php\/wp-json\/wp\/v2\/media?parent=1502"}],"wp:term":[{"taxonomy":"category","embeddable":true,"href":"http:\/\/www.affinite.fr\/index.php\/wp-json\/wp\/v2\/categories?post=1502"},{"taxonomy":"post_tag","embeddable":true,"href":"http:\/\/www.affinite.fr\/index.php\/wp-json\/wp\/v2\/tags?post=1502"}],"curies":[{"name":"wp","href":"https:\/\/api.w.org\/{rel}","templated":true}]}}