{"id":1486,"date":"2020-04-03T02:29:00","date_gmt":"2020-04-03T02:29:00","guid":{"rendered":"https:\/\/www.affinite.fr\/index.php\/2020\/04\/03\/votre-pourrez-presenter-votre-attestation-de-deplacement-sur-smartphone-a-partir-du-6-avril\/"},"modified":"2020-04-03T02:29:00","modified_gmt":"2020-04-03T02:29:00","slug":"votre-pourrez-presenter-votre-attestation-de-deplacement-sur-smartphone-a-partir-du-6-avril","status":"publish","type":"post","link":"http:\/\/www.affinite.fr\/index.php\/2020\/04\/03\/votre-pourrez-presenter-votre-attestation-de-deplacement-sur-smartphone-a-partir-du-6-avril\/","title":{"rendered":"Votre pourrez pr\u00e9senter votre attestation de d\u00e9placement sur smartphone \u00e0 partir du 6\u00a0avril"},"content":{"rendered":"<p> [ad_1]<br \/>\n<br \/><img decoding=\"async\" src=\"https:\/\/img.bfmtv.com\/i\/0\/0\/e65\/02233164113e3f75ec9594b69fffb.jpg\" \/><\/p>\n<div itemprop=\"articleBody\">\n<p>Un peu de souplesse dans ce\u00a0monde confin\u00e9 !\u00a0\u00c0 partir de lundi prochain 6\u00a0avril, les Fran\u00e7ais pourront utiliser des versions num\u00e9riques de l\u2019attestation de d\u00e9placement. Dans un entretien donn\u00e9 au Parisien, le ministre de l\u2019Int\u00e9rieur Christophe Castaner explique que ce service sera accessible en ligne sur le site du gouvernement. Il suffira de remplir un questionnaire, ce qui aura pour effet de g\u00e9n\u00e9rer un QR Code que les policiers pourront ensuite scanner directement sur le t\u00e9l\u00e9phone.<\/p>\n<aside class=\"bg-color-0 padding-inside-all-s bloc border-s\">\n<h4 class=\"box-txt-normal\">\n<p><b>A d\u00e9couvrir aussi en vid\u00e9o<\/b><\/p>\n<\/h4>\n<\/aside>\n<p>Ce syst\u00e8me aurait plusieurs avantages. D\u2019une part il \u00e9viterait le risque de piratage. <em>\u00ab\u00a0L\u00e0, il n\u2019y aura pas de fichier. Personne ne pourra collecter les donn\u00e9es des usagers\u00a0\u00bb<\/em>, souligne le ministre. D&rsquo;autre part, il limiterait aussi la fraude. <em>\u00ab\u00a0Il faudra pr\u00e9ciser votre heure de sortie, mais l\u2019heure \u00e0 laquelle vous avez \u00e9dit\u00e9 le document sera accessible aux policiers. Cela \u00e9vitera que les personnes remplissent l\u2019attestation uniquement \u00e0 la vue d\u2019un contr\u00f4le de police\u00a0\u00bb<\/em>, ajoute Christophe Castaner. Bien \u00e9videmment, la version papier de l\u2019attestation restera toujours valable.<\/p>\n<p><strong>Source\u00a0<\/strong>: <a href=\"http:\/\/www.leparisien.fr\/politique\/castaner-une-attestation-de-deplacement-sur-smartphone-sera-disponible-des-le-6-avril-02-04-2020-8292954.php\" target=\"_blank\" rel=\"noopener noreferrer\">Le Parisien<\/a><\/p>\n<\/p><\/div>\n<p><script>\n         !function(f,b,e,v,n,t,s){if(f.fbq)return;n=f.fbq=function()\n         {n.callMethod? n.callMethod.apply(n,arguments):n.queue.push(arguments)}\n         ;if(!f._fbq)f._fbq=n;\n             n.push=n;n.loaded=!0;n.version='2.0';n.queue=[];t=b.createElement(e);t.async=!0;\n             t.src=v;s=b.getElementsByTagName(e)[0];s.parentNode.insertBefore(t,s)}(window,\n                 document,'script','https:\/\/connect.facebook.net\/en_US\/fbevents.js');\n         fbq('init', '1065890633454496');\n         fbq('track', 'PageView');\n     <\/script><br \/>\n<br \/>[ad_2]<br \/>\n<br \/><a href=\"https:\/\/www.01net.com\/actualites\/a-partir-du-6avril-on-pourra-avoir-son-attestation-de-deplacement-sur-smartphone-1887311.html\">Source link <\/a><\/p>\n","protected":false},"excerpt":{"rendered":"<p>[ad_1] Un peu de souplesse dans ce\u00a0monde confin\u00e9 !\u00a0\u00c0 partir de lundi prochain 6\u00a0avril, les Fran\u00e7ais pourront utiliser des versions &hellip; <a href=\"http:\/\/www.affinite.fr\/index.php\/2020\/04\/03\/votre-pourrez-presenter-votre-attestation-de-deplacement-sur-smartphone-a-partir-du-6-avril\/\" class=\"more-link\">Plus <span class=\"screen-reader-text\">Votre pourrez pr\u00e9senter votre attestation de d\u00e9placement sur smartphone \u00e0 partir du 6\u00a0avril<\/span> <span class=\"meta-nav\">&rarr;<\/span><\/a><\/p>\n","protected":false},"author":1,"featured_media":1487,"comment_status":"open","ping_status":"open","sticky":false,"template":"","format":"standard","meta":{"_sitemap_exclude":false,"_sitemap_priority":"","_sitemap_frequency":"","footnotes":""},"categories":[1],"tags":[],"class_list":["post-1486","post","type-post","status-publish","format-standard","has-post-thumbnail","hentry","category-tous"],"_links":{"self":[{"href":"http:\/\/www.affinite.fr\/index.php\/wp-json\/wp\/v2\/posts\/1486"}],"collection":[{"href":"http:\/\/www.affinite.fr\/index.php\/wp-json\/wp\/v2\/posts"}],"about":[{"href":"http:\/\/www.affinite.fr\/index.php\/wp-json\/wp\/v2\/types\/post"}],"author":[{"embeddable":true,"href":"http:\/\/www.affinite.fr\/index.php\/wp-json\/wp\/v2\/users\/1"}],"replies":[{"embeddable":true,"href":"http:\/\/www.affinite.fr\/index.php\/wp-json\/wp\/v2\/comments?post=1486"}],"version-history":[{"count":0,"href":"http:\/\/www.affinite.fr\/index.php\/wp-json\/wp\/v2\/posts\/1486\/revisions"}],"wp:featuredmedia":[{"embeddable":true,"href":"http:\/\/www.affinite.fr\/index.php\/wp-json\/wp\/v2\/media\/1487"}],"wp:attachment":[{"href":"http:\/\/www.affinite.fr\/index.php\/wp-json\/wp\/v2\/media?parent=1486"}],"wp:term":[{"taxonomy":"category","embeddable":true,"href":"http:\/\/www.affinite.fr\/index.php\/wp-json\/wp\/v2\/categories?post=1486"},{"taxonomy":"post_tag","embeddable":true,"href":"http:\/\/www.affinite.fr\/index.php\/wp-json\/wp\/v2\/tags?post=1486"}],"curies":[{"name":"wp","href":"https:\/\/api.w.org\/{rel}","templated":true}]}}