{"id":1458,"date":"2020-04-02T12:18:59","date_gmt":"2020-04-02T12:18:59","guid":{"rendered":"https:\/\/www.affinite.fr\/index.php\/2020\/04\/02\/le-service-de-videoconference-zoom-est-passe-de-10-millions-dutilisateurs-a-200-millions\/"},"modified":"2020-04-02T12:18:59","modified_gmt":"2020-04-02T12:18:59","slug":"le-service-de-videoconference-zoom-est-passe-de-10-millions-dutilisateurs-a-200-millions","status":"publish","type":"post","link":"http:\/\/www.affinite.fr\/index.php\/2020\/04\/02\/le-service-de-videoconference-zoom-est-passe-de-10-millions-dutilisateurs-a-200-millions\/","title":{"rendered":"Le service de vid\u00e9oconf\u00e9rence Zoom est pass\u00e9 de 10 millions d&rsquo;utilisateurs \u00e0\u2026 200 millions"},"content":{"rendered":"<p> [ad_1]<br \/>\n<br \/><img decoding=\"async\" src=\"https:\/\/img.bfmtv.com\/i\/0\/0\/170065b\/494c4161229ff97c335f55f92.png\" \/><\/p>\n<div itemprop=\"articleBody\">\n<p>Lanc\u00e9 en 2013, Zoom a longtemps \u00e9t\u00e9 un service m\u00e9connu du grand public. Destin\u00e9 aux professionnels qui cherchent \u00e0 organiser des visioconf\u00e9rences, Zoom comptait en d\u00e9cembre 2019 une dizaine de millions d&rsquo;utilisateurs quotidien.<br \/>Quelques semaines plus tard, alors que la moiti\u00e9 du monde est confin\u00e9e en raison de la pand\u00e9mie de Covid-19, Zoom est utilis\u00e9 par 200 millions de personnes chaque jour. Cette super-progression montre bien l&rsquo;\u00e9tendue\u00a0de la transformation num\u00e9rique que vit actuellement notre soci\u00e9t\u00e9.\u00a0<\/p>\n<h3 style=\"color:#333; font-family:arial,helvetica,sans-serif; font-size:23px; font-weight:700\">Zoom va corriger ses failles\u00a0<\/h3>\n<p>Ces derniers jours, les attaques se multiplient contre Zoom. Accus\u00e9 de ne pas chiffrer ses conversations, <a href=\"https:\/\/www.01net.com\/actualites\/l-appli-zoom-pour-ios-envoie-des-donnees-a-facebook-meme-si-vous-n-avez-pas-de-compte-1883313.html\" target=\"_blank\" rel=\"noopener noreferrer\">de communiquer trop avec Facebook<\/a> ou de contourner les r\u00e8gles de nos syst\u00e8mes d&rsquo;exploitation pour installer ses applications, l&rsquo;entreprise est en pleine crise et promet d\u00e9sormais de corriger tous ses p\u00each\u00e9s dans les 90 prochains jours.<br \/>Chaque mercredi, le patron de l&rsquo;entreprise tiendra d&rsquo;ailleurs une Web-conf\u00e9rence pour faire un point sur les avanc\u00e9es de Zoom en mati\u00e8re de s\u00e9curit\u00e9.\u00a0<\/p>\n<p><strong>\u00c0 lire aussi :<\/strong>\u00a0<a href=\"https:\/\/www.01net.com\/actualites\/zoom-le-service-de-videoconference-ultra-populaire-est-tres-efficace-mais-tres-mal-securise-1886342.html\" target=\"_blank\" rel=\"noopener noreferrer\">Zoom : le service de vid\u00e9oconf\u00e9rence ultra-populaire est tr\u00e8s efficace, mais tr\u00e8s mal s\u00e9curis\u00e9<\/a><\/p>\n<blockquote>\n<p><em>\u00ab Nous n&rsquo;avons pas con\u00e7u le produit en pensant que, dans quelques semaines, chaque personne dans le monde travaillerait, \u00e9tudierait et socialiserait soudainement \u00e0 partir de chez elle \u00bb<\/em>\u00a0avoue Eric Yuan, le patron de l&rsquo;entreprise am\u00e9ricaine, d\u00e9pass\u00e9 par les \u00e9v\u00e9nements.<\/p>\n<\/blockquote>\n<p>Aucune nouveaut\u00e9 n&rsquo;arrivera sur Zoom le temps que les probl\u00e8mes actuels ne soient corrig\u00e9s.\u00a0<\/p>\n<aside class=\"bg-color-0 padding-inside-all-s bloc border-s\">\n<h4 class=\"box-txt-normal\">\n<p><strong>\u00c0 d\u00e9couvrir aussi en vid\u00e9o :\u00a0<\/strong><\/p>\n<\/h4>\n<\/aside>\n<p>                Rare entreprise en progression en bourse ces derni\u00e8res semaines, Zoom pourrait sortir de la crise du coronavirus grandi si elle parvient \u00e0 gommer ses d\u00e9fauts.<br \/>\nPour la premi\u00e8re fois, le service s&rsquo;adapte au grand public, soucieux de pouvoir organiser des conversations de groupe \u00e0 plusieurs. La non-n\u00e9cessit\u00e9 de s&rsquo;inscrire dans l&rsquo;application pour l&rsquo;utiliser explique sans doute le succ\u00e8s fulgurant du service.\u00a0<\/p><\/div>\n<p><script>\n         !function(f,b,e,v,n,t,s){if(f.fbq)return;n=f.fbq=function()\n         {n.callMethod? n.callMethod.apply(n,arguments):n.queue.push(arguments)}\n         ;if(!f._fbq)f._fbq=n;\n             n.push=n;n.loaded=!0;n.version='2.0';n.queue=[];t=b.createElement(e);t.async=!0;\n             t.src=v;s=b.getElementsByTagName(e)[0];s.parentNode.insertBefore(t,s)}(window,\n                 document,'script','https:\/\/connect.facebook.net\/en_US\/fbevents.js');\n         fbq('init', '1065890633454496');\n         fbq('track', 'PageView');\n     <\/script><br \/>\n<br \/>[ad_2]<br \/>\n<br \/><a href=\"https:\/\/www.01net.com\/actualites\/le-service-de-videoconference-zoom-est-passe-de-10-millions-d-utilisateurs-a-200-millions-1886965.html\">Source link <\/a><\/p>\n","protected":false},"excerpt":{"rendered":"<p>[ad_1] Lanc\u00e9 en 2013, Zoom a longtemps \u00e9t\u00e9 un service m\u00e9connu du grand public. Destin\u00e9 aux professionnels qui cherchent \u00e0 &hellip; <a href=\"http:\/\/www.affinite.fr\/index.php\/2020\/04\/02\/le-service-de-videoconference-zoom-est-passe-de-10-millions-dutilisateurs-a-200-millions\/\" class=\"more-link\">Plus <span class=\"screen-reader-text\">Le service de vid\u00e9oconf\u00e9rence Zoom est pass\u00e9 de 10 millions d&rsquo;utilisateurs \u00e0\u2026 200 millions<\/span> <span class=\"meta-nav\">&rarr;<\/span><\/a><\/p>\n","protected":false},"author":1,"featured_media":1459,"comment_status":"open","ping_status":"open","sticky":false,"template":"","format":"standard","meta":{"_sitemap_exclude":false,"_sitemap_priority":"","_sitemap_frequency":"","footnotes":""},"categories":[1],"tags":[],"class_list":["post-1458","post","type-post","status-publish","format-standard","has-post-thumbnail","hentry","category-tous"],"_links":{"self":[{"href":"http:\/\/www.affinite.fr\/index.php\/wp-json\/wp\/v2\/posts\/1458"}],"collection":[{"href":"http:\/\/www.affinite.fr\/index.php\/wp-json\/wp\/v2\/posts"}],"about":[{"href":"http:\/\/www.affinite.fr\/index.php\/wp-json\/wp\/v2\/types\/post"}],"author":[{"embeddable":true,"href":"http:\/\/www.affinite.fr\/index.php\/wp-json\/wp\/v2\/users\/1"}],"replies":[{"embeddable":true,"href":"http:\/\/www.affinite.fr\/index.php\/wp-json\/wp\/v2\/comments?post=1458"}],"version-history":[{"count":0,"href":"http:\/\/www.affinite.fr\/index.php\/wp-json\/wp\/v2\/posts\/1458\/revisions"}],"wp:featuredmedia":[{"embeddable":true,"href":"http:\/\/www.affinite.fr\/index.php\/wp-json\/wp\/v2\/media\/1459"}],"wp:attachment":[{"href":"http:\/\/www.affinite.fr\/index.php\/wp-json\/wp\/v2\/media?parent=1458"}],"wp:term":[{"taxonomy":"category","embeddable":true,"href":"http:\/\/www.affinite.fr\/index.php\/wp-json\/wp\/v2\/categories?post=1458"},{"taxonomy":"post_tag","embeddable":true,"href":"http:\/\/www.affinite.fr\/index.php\/wp-json\/wp\/v2\/tags?post=1458"}],"curies":[{"name":"wp","href":"https:\/\/api.w.org\/{rel}","templated":true}]}}