{"id":1446,"date":"2020-04-02T06:59:12","date_gmt":"2020-04-02T06:59:12","guid":{"rendered":"https:\/\/www.affinite.fr\/index.php\/2020\/04\/02\/fitbit-prepare-lapres-confinement-avec-son-nouveau-bracelet-connecte\/"},"modified":"2020-04-02T06:59:12","modified_gmt":"2020-04-02T06:59:12","slug":"fitbit-prepare-lapres-confinement-avec-son-nouveau-bracelet-connecte","status":"publish","type":"post","link":"http:\/\/www.affinite.fr\/index.php\/2020\/04\/02\/fitbit-prepare-lapres-confinement-avec-son-nouveau-bracelet-connecte\/","title":{"rendered":"Fitbit pr\u00e9pare l\u2019apr\u00e8s-confinement avec son nouveau bracelet connect\u00e9\u00a0"},"content":{"rendered":"<p> [ad_1]<br \/>\n<\/p>\n<div itemprop=\"articleBody\">\n<p>Un nouveau Charge tous les 18 mois\u2026 c\u2019est \u00e0 cette cadence pas vraiment infernale que Fitbit lance ses offensives sur le march\u00e9 des bracelets connect\u00e9s. Il est vrai qu&rsquo;en 2019, la marque s&rsquo;\u00e9tait surtout concentr\u00e9 sur l&rsquo;entr\u00e9e de gamme avec ses Inspire.<\/p>\n<p><a href=\"https:\/\/www.01net.com\/tests\/test-fitbit-charge-3-il-vous-accompagne-avec-brio-dans-toutes-vos-activites-quotidiennes-6110.html\" target=\"_blank\" rel=\"noopener noreferrer\">Apr\u00e8s un Charge 3<\/a>, tr\u00e8s remarqu\u00e9 en 2018, voici venu le temps d\u2019accueillir son successeur, le bien nomm\u00e9\u2026 Charge 4.<\/p>\n<p>Esth\u00e9tiquement, Fitbit n\u2019a rien chang\u00e9. Le nouveau bracelet et son pr\u00e9d\u00e9cesseur se ressemblent comme deux gouttes d\u2019eau. En revanche, c\u2019est l\u2019ajout de plusieurs fonctionnalit\u00e9s sans pour autant gonfler la facture\u00a0qui pourraient faire du Charge 4 un accessoire int\u00e9ressant pour les sportifs occasionnels.<\/p>\n<h3 style=\"color:#333; font-family:arial,helvetica,sans-serif; font-size:23px; font-weight:700\">Le GPS au\u00a0poignet<\/h3>\n<p>La principale nouveaut\u00e9 gomme l\u2019un des reproches majeurs faits \u00e0 la version pr\u00e9c\u00e9dente du Charge. Fitbit s\u2019est enfin d\u00e9cid\u00e9 \u00e0 int\u00e9grer un module GPS dans son capteur permettant ainsi au bracelet d\u2019\u00eatre utilis\u00e9 sans emporter son smartphone sur soi. L\u2019entreprise am\u00e9ricaine pr\u00e9cise que le bracelet prend en charge 7 activit\u00e9s diff\u00e9rentes ind\u00e9pendamment du t\u00e9l\u00e9phone parmi lesquelles la course \u00e0 pied ou l\u2019escalade. Et se synchronise automatiquement \u00e0 l\u2019application d\u00e8s qu\u2019il retrouve la proximit\u00e9 du mobile de son propri\u00e9taire.\u00a0<\/p>\n<figure class=\"figure text-center\"><img decoding=\"async\" class=\"article-img img-responsive-l\" src=\"https:\/\/img.bfmtv.com\/c\/0\/708\/dc7\/df5b3278d76d77dbdbeb486e2d73a.jpeg\" alt=\"\"\/><figcaption class=\"figure-caption figcaption color-txt-0 title-xs hidden-xs\">\n                                    Fitbit<br \/>\n                                                    &#8211; Avantage du GPS int\u00e9gr\u00e9, on peut faire du kayak sans risquer de mouiller son smartphone.<br \/>\n                            <\/figcaption><\/figure>\n<p>L\u2019autre nouveaut\u00e9 majeure du capteur de Fitbit ce sont les \u00ab\u00a0minutes en zone active\u00a0\u00bb. Cette fonctionnalit\u00e9 embarqu\u00e9e dans le Charge 4 sera d\u00e9ploy\u00e9e dans les prochaines semaines aux montres connect\u00e9es de la marque. Cette fonctionnalit\u00e9, que la plupart des sportifs connaissent\u00a0sous le terme de zones de fr\u00e9quence cardiaque,\u00a0permet de rep\u00e9rer les activit\u00e9s qui font particuli\u00e8rement augmenter le rythme cardiaque. Elle se base sur les recommandations de l\u2019OMS (Organisation mondiale de la sant\u00e9) pour prodiguer quelques 150 mn d\u2019effort intensif chaque semaine. La zone active d\u00e9pend non seulement du type d\u2019activit\u00e9 mais aussi de la fr\u00e9quence cardiaque moyenne de chacun. Il sera donc int\u00e9ressant de constater comment Fitbit g\u00e8re cette donn\u00e9e. A\u00a0savoir si elle est appliqu\u00e9e de mani\u00e8re automatique ou adapt\u00e9e \u00e0 chaque profil.\u00a0<\/p>\n<p>Enfin c\u00f4t\u00e9 nouveaut\u00e9s mat\u00e9rielles, le dernier bracelet de Fitbit int\u00e8gre un capteur SpO2 qui permet de surveiller le taux de saturation en oxyg\u00e8ne dans le sang, ce qui peut \u00eatre un bon indicateur de troubles respiratoires.\u00a0<\/p>\n<h3 style=\"color:#333; font-family:arial,helvetica,sans-serif; font-size:23px; font-weight:700\">Meilleure gestion du sommeil et paiement sans contact<\/h3>\n<p>Pour le\u00a0reste, les am\u00e9liorations sont tr\u00e8s succinctes. Le mode sommeil, l\u2019un des points forts des produits Fitbit b\u00e9n\u00e9ficie d\u2019une fonctionnalit\u00e9 jusque l\u00e0 r\u00e9serv\u00e9e aux montres (plus ch\u00e8res), le r\u00e9veil intelligent. Enfin, connectivit\u00e9 oblige, le Charge 4 permet de profiter de son abonnement Spotify, ou encore de payer sans contact avec FitBit Pay, pour peu que votre banque propose cette compatibilit\u00e9. Une fonction qui \u00e9tait sur le Charge 3 r\u00e9serv\u00e9e \u00e0 l&rsquo;Edition sp\u00e9ciale 20 euros plus ch\u00e8re.\u00a0<\/p>\n<aside class=\"bg-color-0 padding-inside-all-s bloc border-s\">\n<h4 class=\"box-txt-normal\">\n<p><strong>\u00c0 d\u00e9couvrir aussi en vid\u00e9o :<\/strong><\/p>\n<\/h4>\n<\/aside>\n<p>Quant au prix, Fitbit reste bien \u00e9videmment plus cher que ses concurrents chinois (Xiaomi ou m\u00eame Huawei), mais l\u2019\u00e9cart se r\u00e9duit avec un produit disponible \u00e0 149,95 euros. Le Charge 4 peut \u00eatre pr\u00e9-command\u00e9 d\u00e8s aujourd\u2019hui, sa commercialisation \u00e9tant pr\u00e9vue le 15 avril.\u00a0<\/p>\n<\/p><\/div>\n<p><script>\n         !function(f,b,e,v,n,t,s){if(f.fbq)return;n=f.fbq=function()\n         {n.callMethod? n.callMethod.apply(n,arguments):n.queue.push(arguments)}\n         ;if(!f._fbq)f._fbq=n;\n             n.push=n;n.loaded=!0;n.version='2.0';n.queue=[];t=b.createElement(e);t.async=!0;\n             t.src=v;s=b.getElementsByTagName(e)[0];s.parentNode.insertBefore(t,s)}(window,\n                 document,'script','https:\/\/connect.facebook.net\/en_US\/fbevents.js');\n         fbq('init', '1065890633454496');\n         fbq('track', 'PageView');\n     <\/script><br \/>\n<br \/>[ad_2]<br \/>\n<br \/><a href=\"https:\/\/www.01net.com\/actualites\/charge-4-fitbit-prepare-l-apres-confinement-avec-son-nouveau-bracelet-connecte-1886310.html\">Source link <\/a><\/p>\n","protected":false},"excerpt":{"rendered":"<p>[ad_1] Un nouveau Charge tous les 18 mois\u2026 c\u2019est \u00e0 cette cadence pas vraiment infernale que Fitbit lance ses offensives &hellip; <a href=\"http:\/\/www.affinite.fr\/index.php\/2020\/04\/02\/fitbit-prepare-lapres-confinement-avec-son-nouveau-bracelet-connecte\/\" class=\"more-link\">Plus <span class=\"screen-reader-text\">Fitbit pr\u00e9pare l\u2019apr\u00e8s-confinement avec son nouveau bracelet connect\u00e9\u00a0<\/span> <span class=\"meta-nav\">&rarr;<\/span><\/a><\/p>\n","protected":false},"author":1,"featured_media":1447,"comment_status":"open","ping_status":"open","sticky":false,"template":"","format":"standard","meta":{"_sitemap_exclude":false,"_sitemap_priority":"","_sitemap_frequency":"","footnotes":""},"categories":[1],"tags":[],"class_list":["post-1446","post","type-post","status-publish","format-standard","has-post-thumbnail","hentry","category-tous"],"_links":{"self":[{"href":"http:\/\/www.affinite.fr\/index.php\/wp-json\/wp\/v2\/posts\/1446"}],"collection":[{"href":"http:\/\/www.affinite.fr\/index.php\/wp-json\/wp\/v2\/posts"}],"about":[{"href":"http:\/\/www.affinite.fr\/index.php\/wp-json\/wp\/v2\/types\/post"}],"author":[{"embeddable":true,"href":"http:\/\/www.affinite.fr\/index.php\/wp-json\/wp\/v2\/users\/1"}],"replies":[{"embeddable":true,"href":"http:\/\/www.affinite.fr\/index.php\/wp-json\/wp\/v2\/comments?post=1446"}],"version-history":[{"count":0,"href":"http:\/\/www.affinite.fr\/index.php\/wp-json\/wp\/v2\/posts\/1446\/revisions"}],"wp:featuredmedia":[{"embeddable":true,"href":"http:\/\/www.affinite.fr\/index.php\/wp-json\/wp\/v2\/media\/1447"}],"wp:attachment":[{"href":"http:\/\/www.affinite.fr\/index.php\/wp-json\/wp\/v2\/media?parent=1446"}],"wp:term":[{"taxonomy":"category","embeddable":true,"href":"http:\/\/www.affinite.fr\/index.php\/wp-json\/wp\/v2\/categories?post=1446"},{"taxonomy":"post_tag","embeddable":true,"href":"http:\/\/www.affinite.fr\/index.php\/wp-json\/wp\/v2\/tags?post=1446"}],"curies":[{"name":"wp","href":"https:\/\/api.w.org\/{rel}","templated":true}]}}