{"id":1440,"date":"2020-04-02T03:49:06","date_gmt":"2020-04-02T03:49:06","guid":{"rendered":"https:\/\/www.affinite.fr\/index.php\/2020\/04\/02\/apres-twitter-facebook-et-instagram-censurent-le-president-bresilien-jair-bolsonaro\/"},"modified":"2020-04-02T03:49:06","modified_gmt":"2020-04-02T03:49:06","slug":"apres-twitter-facebook-et-instagram-censurent-le-president-bresilien-jair-bolsonaro","status":"publish","type":"post","link":"http:\/\/www.affinite.fr\/index.php\/2020\/04\/02\/apres-twitter-facebook-et-instagram-censurent-le-president-bresilien-jair-bolsonaro\/","title":{"rendered":"apr\u00e8s Twitter, Facebook et Instagram censurent le pr\u00e9sident br\u00e9silien Jair Bolsonaro"},"content":{"rendered":"<p> [ad_1]<br \/>\n<br \/><img decoding=\"async\" src=\"https:\/\/img.bfmtv.com\/i\/0\/0\/922\/f4572cb95903afe6992b27c73752e.jpeg\" \/><\/p>\n<div itemprop=\"articleBody\">\n<p>Apr\u00e8s <a href=\"https:\/\/www.01net.com\/actualites\/coronavirus-twitter-censure-jair-bolsonaro-president-bresilien-pour-des-tweets-anti-confinement-1884674.html\" target=\"_blank\" rel=\"noopener noreferrer\">Twitter<\/a>, Jair Bolsonaro a \u00e9t\u00e9 \u00e9galement censur\u00e9 par Facebook. Le pr\u00e9sident du Br\u00e9sil s\u2019est vu supprimer, dimanche 29 mars, une de ses vid\u00e9os qui vantait les vertus m\u00e9dicales de la chloroquine contre le Covid-19 &#8211; contre l\u2019avis des autorit\u00e9s de sant\u00e9 et de la communaut\u00e9 scientifique.\u00a0<\/p>\n<h3 style=\"color:#333; font-family:arial,helvetica,sans-serif; font-size:23px; font-weight:700\">Le pr\u00e9sident,\u00a0un relai de\u00a0fake news<\/h3>\n<p>Dans la vid\u00e9o supprim\u00e9e, Jair Bolsonaro r\u00e9p\u00e9tait que les gens \u00ab <em>veulent travailler\u00a0<\/em>\u00bb, s\u2019opposant frontalement au confinement recommand\u00e9 par l\u2019Organisation mondiale de la sant\u00e9 (OMS) contre la propagation du virus. Le pr\u00e9sident poursuivait ensuite\u00a0: \u00ab\u00a0 <em>Ce rem\u00e8de-l\u00e0, l\u2019hydroxychloroquine, donne de bons r\u00e9sultats partout o\u00f9 il est utilis\u00e9<\/em> \u00bb. <em><a href=\"https:\/\/www1.folha.uol.com.br\/equilibrioesaude\/2020\/03\/bolsonaro-manda-exercito-produzir-mais-cloroquina-mesmo-sem-acao-comprovada-contra-covid-19.shtml\" target=\"_blank\" rel=\"noopener noreferrer\">Folha de S\u00e3o Paulo<\/a>,<\/em> un journal d&rsquo;opposition br\u00e9silien a\u00a0d&rsquo;ailleurs rapport\u00e9 que le pr\u00e9sident avait demand\u00e9 \u00e0 l&rsquo;arm\u00e9e de son pays d&rsquo;acc\u00e9l\u00e9rer\u00a0la production de chloroquine.\u00a0<\/p>\n<p>Le groupe Facebook interdit express\u00e9ment\u00a0sur ses deux r\u00e9seaux sociaux la publication de\u00a0fausses all\u00e9gations concernant la gu\u00e9rison, les traitements, la disponibilit\u00e9 des services essentiels et l\u2019emplacement ou l\u2019intensit\u00e9 des \u00e9closions de contagion.<\/p>\n<blockquote>\n<p>\u00ab\u00a0<em>Nous supprimons le contenu sur Facebook et Instagram qui viole nos normes communautaires, qui induit\u00a0de la d\u00e9sinformation, ce qui pourrait entra\u00eener des dommages corporels<\/em>\u00a0\u00bb, a d\u00e9clar\u00e9 un porte-parole de Facebook \u00e0 la BBC Brasil.<\/p>\n<\/blockquote>\n<aside class=\"bg-color-0 padding-inside-all-s bloc border-s\">\n<h4 class=\"box-txt-normal\">\n<p><strong>\u00c0 d\u00e9couvrir aussi en vid\u00e9o\u00a0<\/strong><\/p>\n<\/h4>\n<\/aside>\n<h3 style=\"color:#333; font-family:arial,helvetica,sans-serif; font-size:23px; font-weight:700\">Un filtrage plus strict\u00a0des posts<\/h3>\n<p>Pour l&rsquo;instant, Jair Bolsonaro est le seul pr\u00e9sident \u00e0 s&rsquo;\u00eatre fait ouvertement censur\u00e9. Mais la politique de mod\u00e9ration\u00a0des r\u00e9seaux sociaux se fait de plus en plus stricte, notamment avec les comptes de personnalit\u00e9s\u00a0politiques. Comme le rapporte <a href=\"https:\/\/www.lemonde.fr\/pixels\/article\/2020\/03\/31\/coronavirus-facebook-et-twitter-suppriment-des-messages-presentant-la-chloroquine-comme-traitement-miracle_6035078_4408996.html\" target=\"_blank\" rel=\"noopener noreferrer\"><em>Le Monde<\/em><\/a>, quelques jours avant Jair Bolsonaro, Twitter a supprim\u00e9, le 27 mars, un message de l&rsquo;ancien maire de New York,\u00a0Rudy Giuliani,\u00a0figure du Parti r\u00e9publicain et ancien avocat du pr\u00e9sident Donald Trump.\u00a0\u00a0Il\u00a0affirmait, \u00e0 tort, que\u00a0\u00ab\u00a0<em>l\u2019hydroxychloroquine a un taux de 100\u00a0% de r\u00e9ussite pour soigner le coronavirus<\/em>\u00a0\u00bb. Alors que m\u00eame les essais, \u00e0 la m\u00e9thodologie contest\u00e9e, du professeur Raoult n\u2019affichent pas un tel taux de r\u00e9ussite.\u00a0<\/p>\n<p><strong>Source<\/strong> : <a href=\"https:\/\/www.bbc.com\/portuguese\/brasil-52101240\" target=\"_blank\" rel=\"noopener noreferrer\">BBC News Brasil<\/a><\/p>\n<\/p><\/div>\n<p><script>\n         !function(f,b,e,v,n,t,s){if(f.fbq)return;n=f.fbq=function()\n         {n.callMethod? n.callMethod.apply(n,arguments):n.queue.push(arguments)}\n         ;if(!f._fbq)f._fbq=n;\n             n.push=n;n.loaded=!0;n.version='2.0';n.queue=[];t=b.createElement(e);t.async=!0;\n             t.src=v;s=b.getElementsByTagName(e)[0];s.parentNode.insertBefore(t,s)}(window,\n                 document,'script','https:\/\/connect.facebook.net\/en_US\/fbevents.js');\n         fbq('init', '1065890633454496');\n         fbq('track', 'PageView');\n     <\/script><br \/>\n<br \/>[ad_2]<br \/>\n<br \/><a href=\"https:\/\/www.01net.com\/actualites\/coronavirus-apres-twitter-facebook-et-instagram-censurent-le-president-bresilien-jair-bolsonaro-1886333.html\">Source link <\/a><\/p>\n","protected":false},"excerpt":{"rendered":"<p>[ad_1] Apr\u00e8s Twitter, Jair Bolsonaro a \u00e9t\u00e9 \u00e9galement censur\u00e9 par Facebook. Le pr\u00e9sident du Br\u00e9sil s\u2019est vu supprimer, dimanche 29 &hellip; <a href=\"http:\/\/www.affinite.fr\/index.php\/2020\/04\/02\/apres-twitter-facebook-et-instagram-censurent-le-president-bresilien-jair-bolsonaro\/\" class=\"more-link\">Plus <span class=\"screen-reader-text\">apr\u00e8s Twitter, Facebook et Instagram censurent le pr\u00e9sident br\u00e9silien Jair Bolsonaro<\/span> <span class=\"meta-nav\">&rarr;<\/span><\/a><\/p>\n","protected":false},"author":1,"featured_media":1441,"comment_status":"open","ping_status":"open","sticky":false,"template":"","format":"standard","meta":{"_sitemap_exclude":false,"_sitemap_priority":"","_sitemap_frequency":"","footnotes":""},"categories":[1],"tags":[],"class_list":["post-1440","post","type-post","status-publish","format-standard","has-post-thumbnail","hentry","category-tous"],"_links":{"self":[{"href":"http:\/\/www.affinite.fr\/index.php\/wp-json\/wp\/v2\/posts\/1440"}],"collection":[{"href":"http:\/\/www.affinite.fr\/index.php\/wp-json\/wp\/v2\/posts"}],"about":[{"href":"http:\/\/www.affinite.fr\/index.php\/wp-json\/wp\/v2\/types\/post"}],"author":[{"embeddable":true,"href":"http:\/\/www.affinite.fr\/index.php\/wp-json\/wp\/v2\/users\/1"}],"replies":[{"embeddable":true,"href":"http:\/\/www.affinite.fr\/index.php\/wp-json\/wp\/v2\/comments?post=1440"}],"version-history":[{"count":0,"href":"http:\/\/www.affinite.fr\/index.php\/wp-json\/wp\/v2\/posts\/1440\/revisions"}],"wp:featuredmedia":[{"embeddable":true,"href":"http:\/\/www.affinite.fr\/index.php\/wp-json\/wp\/v2\/media\/1441"}],"wp:attachment":[{"href":"http:\/\/www.affinite.fr\/index.php\/wp-json\/wp\/v2\/media?parent=1440"}],"wp:term":[{"taxonomy":"category","embeddable":true,"href":"http:\/\/www.affinite.fr\/index.php\/wp-json\/wp\/v2\/categories?post=1440"},{"taxonomy":"post_tag","embeddable":true,"href":"http:\/\/www.affinite.fr\/index.php\/wp-json\/wp\/v2\/tags?post=1440"}],"curies":[{"name":"wp","href":"https:\/\/api.w.org\/{rel}","templated":true}]}}