{"id":1428,"date":"2020-04-01T22:23:03","date_gmt":"2020-04-01T22:23:03","guid":{"rendered":"https:\/\/www.affinite.fr\/index.php\/2020\/04\/01\/arlo-pro-3-le-test-complet\/"},"modified":"2020-04-01T22:23:03","modified_gmt":"2020-04-01T22:23:03","slug":"arlo-pro-3-le-test-complet","status":"publish","type":"post","link":"http:\/\/www.affinite.fr\/index.php\/2020\/04\/01\/arlo-pro-3-le-test-complet\/","title":{"rendered":"Arlo Pro 3 : le test complet"},"content":{"rendered":"<p> [ad_1]<br \/>\n<\/p>\n<div>\n<p>Et de trois pour la gamme de cam\u00e9ras Arlo Pro, qui comptait jusqu\u2019alors deux mod\u00e8les : l\u2019<a href=\"https:\/\/www.01net.com\/tests\/on-a-teste-arlo-pro-de-netgear-le-meilleur-kit-de-videosurveillance-sans-fil-du-moment-5644.html\" target=\"_blank\" rel=\"noopener noreferrer\">Arlo Pro<\/a> et l\u2019<a href=\"https:\/\/www.01net.com\/tests\/test-netgear-arlo-2-pro-a-nouveau-l-une-des-meilleures-cameras-de-surveillance-5937.html\" target=\"_blank\" rel=\"noopener noreferrer\">Arlo Pro 2<\/a>. Sans pr\u00e9tendre rivaliser avec l\u2019Arlo Ultra et ses vid\u00e9os 4K, cette Arlo Pro troisi\u00e8me du nom se distingue principalement de ses a\u00een\u00e9es par sa qualit\u00e9 d\u2019image. Cette notion recouvre plusieurs aspects techniques, avec un capteur de 2560&#215;1440 pixels (contre du 720p pour la Pro et du 1080p pour la Pro 2), du HDR (High Dynamic Range) pour maintenir une image nuanc\u00e9e en cas de sous ou sur-exposition, un grand angle couvrant\u00a0160\u00b0 et l&rsquo;ajout d&rsquo;un mini-projecteur LED comme source d\u2019\u00e9clairage.<\/p>\n<figure class=\"figure text-center\"><img decoding=\"async\" class=\"article-img img-responsive-l\" src=\"https:\/\/img.bfmtv.com\/c\/0\/708\/687\/34618801bd48fb19a363c07da50c5.png\" alt=\"\"\/><figcaption class=\"figure-caption figcaption color-txt-0 title-xs hidden-xs\">\n                                    FM &#8211; 01net.com<br \/>\n                                                    &#8211; L\u2019avantage de la d\u00e9finition 2K n\u2019est pas spectaculaire, mais l\u2019image est tout de m\u00eame suffisamment pr\u00e9cise.<br \/>\n                            <\/figcaption><\/figure>\n<p>De ce point de vue, l\u2019Arlo Pro 3 fait-elle le job ? Le bilan est mitig\u00e9, \u00e0 vrai dire. Le gain de d\u00e9finition se ressent un peu, il est vrai. Avec l&rsquo;encodage en H265 &#8211; entre 2 et 4 Mbits\/s selon Arlo &#8211; les fichiers sont moins lourds sans que la qualit\u00e9 en p\u00e2tisse (comptez moins de 4 Mo par tranche de 30 s). En activant le streaming 2K (qualit\u00e9 maximale)\u00a0\u2013 un r\u00e9glage r\u00e9serv\u00e9e \u00e0 la connexion Wi-Fi locale -, on parvient \u00e0 identifier une personne \u00e0 5 m\u00e8tres de distance, zoom num\u00e9rique \u00e0 fond (12x), pour peu que les conditions de luminosit\u00e9 soit bonnes. C\u2019est ce qui est demand\u00e9, avant toute chose, \u00e0 une mini-cam\u00e9ra de surveillance. De plus, la colorim\u00e9trie et la luminosit\u00e9 sont bien \u00e9quilibr\u00e9es.<\/p>\n<h3 style=\"color:#333; font-family:arial,helvetica,sans-serif; font-size:23px; font-weight:700\"><strong>Un grand-angle bienvenu<\/strong><\/h3>\n<p>Le HDR, lui, n\u2019est pas tr\u00e8s convaincant. Le contraste s\u2019am\u00e9liore \u00e0 petite dose, mais les contre-jours ne sont pas assez \u00abd\u00e9bouch\u00e9s\u00bb \u00e0 notre go\u00fbt. Le grand-angle de 160\u00b0 en diagonale est un bon point en revanche, en particulier pour une cam\u00e9ra install\u00e9e \u00e0 l\u2019ext\u00e9rieur \u2013 la plupart des cam\u00e9ras Arlo r\u00e9sistant aux intemp\u00e9ries, faut-il le rappeler. La d\u00e9formation optique est prononc\u00e9e \u00e0 ce stade, mais la possibilit\u00e9 de s\u00e9lectionner un champ de vision moindre \u2013 110 ou 125\u00b0 &#8211; est appr\u00e9ciable.<\/p>\n<p>Quant au mini-projecteur, sa faible puissance lumineuse (40 lux \u00e0 un m\u00e8tre de distance) joue avant tout un r\u00f4le dissuasif, si la cam\u00e9ra d\u00e9tecte un mouvement la nuit. C\u2019est \u00e9galement un moyen de filmer en couleurs. Et c\u2019est heureux, \u00e9tant donn\u00e9 que le mode Nuit classique, bas\u00e9 sur l\u2019illumination infrarouge, n\u2019a qu\u2019une port\u00e9e de trois \u00e0 quatre m\u00e8tres maximum. D\u00e9cevant.<\/p>\n<p>A propos de dissuasion, l\u2019Arlo Pro 3 contient une sir\u00e8ne, dont le niveau sonore est peu intimidant. L\u2019int\u00e9gration \u00e0 la base Wi-Fi (ce qui avait \u00e9t\u00e9 fait pour l\u2019Arlo Pro 2) semblait\u00a0pr\u00e9f\u00e9rable. Sauf si la cam\u00e9ra est install\u00e9e \u00e0 l&rsquo;ext\u00e9rieur et qu&rsquo;on souhaite activer l&rsquo;alarme \u00e0 distance pour faire fuir un \u00e9ventuel intrus.\u00a0<\/p>\n<figure class=\"figure text-center\"><img decoding=\"async\" class=\"article-img img-responsive-l\" src=\"https:\/\/img.bfmtv.com\/c\/0\/708\/651\/ce31eb3f95e42699d4b39228b59f1.jpg\" alt=\"\"\/><figcaption class=\"figure-caption figcaption color-txt-0 title-xs hidden-xs\">\n                                    FM &#8211; 01net.com<br \/>\n                                                    &#8211; Le mode nuit classique de l&rsquo;Arlo Pro 3<br \/>\n                            <\/figcaption><\/figure>\n<p>Comme ses devanci\u00e8res, l\u2019Arlo Pro 3 est livr\u00e9e soit\u00a0\u00e0 l\u2019unit\u00e9, soit en kit, la base Wi-Fi \u00e9tant alors incluse.\u00a0Mauvaise surprise : il est impossible de mettre la main sur un kit avec une seule cam\u00e9ra, et Arlo n\u2019en pr\u00e9voit pas pour le moment. Deux cam\u00e9ras au minimum sont donc fournies, accompagn\u00e9es en plus de la base Wi-Fi, d\u2019un chargeur, d\u2019un support magn\u00e9tique, d\u2019un support articul\u00e9 et de la visserie n\u00e9cessaire.<\/p>\n<figure class=\"figure text-center\"><img decoding=\"async\" class=\"article-img img-responsive-l\" src=\"https:\/\/img.bfmtv.com\/c\/0\/708\/c27\/4092cdea7c2300855adb5f43183df.jpg\" alt=\"\"\/><figcaption class=\"figure-caption figcaption color-txt-0 title-xs hidden-xs\">\n                                    FM &#8211; 01net.com<br \/>\n                                                    &#8211; Tout le n\u00e9cessaire est fourni pour monter les deux cam\u00e9ras.<br \/>\n                            <\/figcaption><\/figure>\n<p>Les possesseurs d\u2019un syst\u00e8me Arlo ont cependant la possibilit\u00e9 d\u2019acqu\u00e9rir une cam\u00e9ra Arlo Pro 3 et de l\u2019associer \u00e0 la base Wi-Fi d\u00e9j\u00e0 en place. A condition que celle-ci soit un \u00absmart hub\u00bb portant la r\u00e9f\u00e9rence VMB5000, VMB4540 (le mod\u00e8le inclus dans les packs Arlo Pro 3), VMB4500 ou VMB4000. Les bases VMB3000\/3500, limitant le streaming des flux vid\u00e9o \u00e0 1080p, ne conviennent pas\u2026 L\u2019offre d\u2019Arlo se complexifiant, il devient difficile de s\u2019y retrouver. C\u2019est un reproche qu\u2019on peut adresser au fabricant am\u00e9ricain.<\/p>\n<h3 style=\"color:#333; font-family:arial,helvetica,sans-serif; font-size:23px; font-weight:700\">Une batterie plus muscl\u00e9e<\/h3>\n<p>L\u2019installation et le principe de fonctionnement des cam\u00e9ras, int\u00e9gralement sans fil, sont dans la droite lign\u00e9e de la famille Arlo\/Arlo Pro. La capacit\u00e9 de la batterie, revue \u00e0 la hausse, atteint 4800 mAh d\u00e9sormais, contre 2440 mAh pour les mod\u00e8les pr\u00e9c\u00e9dents. L\u2019autonomie est estim\u00e9e entre trois et six mois, mais il est toujours d\u00e9licat de se prononcer sur ce param\u00e8tre, qui d\u00e9pend de nombreux facteurs : fr\u00e9quence des d\u00e9tections de mouvements et des enregistrements, exposition au froid, etc.<\/p>\n<p>L\u2019application mobile, quasi-inchang\u00e9e, regorge toujours autant de possibilit\u00e9s, ce qui est un bien : activation par g\u00e9olocalisation ou suivant un calendrier, d\u00e9tection de sons anormaux ou de fum\u00e9e, r\u00e9glage de la sensibilit\u00e9 de la d\u00e9tection de mouvement, notifications des alertes par push et\/ou email, partage des flux vid\u00e9o avec un tiers, compatibilit\u00e9\u00a0avec diverses plates-formes (Google Assistant, Alexa, IFTTT\u2026), etc. Toutefois, si l\u2019interface principale est lisible, l\u2019abondance de sous-menus et les descriptions parfois approximatives g\u00e2chent la navigation. Il est temps qu\u2019Arlo r\u00e9vise sa copie.<\/p>\n<figure class=\"figure text-center\"><img decoding=\"async\" class=\"article-img img-responsive-l\" src=\"https:\/\/img.bfmtv.com\/c\/0\/708\/6d8\/58719ebc29fee56b850fc21b84b73.jpg\" alt=\"\"\/><figcaption class=\"figure-caption figcaption color-txt-0 title-xs hidden-xs\">\n                                    Captures de l&rsquo;application Arlo<br \/>\n                                                    &#8211;<br \/>\n                            <\/figcaption><\/figure>\n<p><em>L\u2019application mobile est assez agr\u00e9able, en d\u00e9bit d\u2019une navigation parfois laborieuse. La d\u00e9tection intelligente est un ajout d\u2019Arlo Smart.<\/em><\/p>\n<p>Par ailleurs, le fonctionnement de la d\u00e9tection de mouvement pose question. La d\u00e9tection infrarouge, gr\u00e2ce au capteur passif embarqu\u00e9, peut \u00eatre combin\u00e9e \u00e0 de l\u2019analyse d\u2019image, cinq zones d\u2019activit\u00e9s pouvant \u00eatre ajout\u00e9es. Ce syst\u00e8me \u00e9tait d\u00e9j\u00e0 \u00e0 l\u2019oeuvre sur l\u2019Arlo Pro 2, \u00e0 condition que la cam\u00e9ra soit branch\u00e9e sur le secteur. L\u2019analyse d\u2019image, faisant appel au cloud, est en effet un processus gourmand en ressources. Ici, la restriction est lev\u00e9e : l\u2019analyse d\u2019image dans les zones d\u2019activit\u00e9 est autoris\u00e9e m\u00eame si la cam\u00e9ra est aliment\u00e9e par batterie. Mais quid de l\u2019autonomie alors ? La d\u00e9tection par infrarouge s\u2019op\u00e8re-t-elle au pr\u00e9alable, enclenchant ensuite la d\u00e9tection par analyse d\u2019image ? La documentation d\u2019Arlo n\u2019apporte gu\u00e8re de r\u00e9ponses, et nos tests, r\u00e9alis\u00e9s sur une dur\u00e9e limit\u00e9e, nous laissent dans l\u2019expectative.<\/p>\n<h3 style=\"color:#333; font-family:arial,helvetica,sans-serif; font-size:23px; font-weight:700\">D\u00e9tection intelligente : il faut payer<\/h3>\n<p>Dernier grief, et de taille : la disparition de l\u2019offre d\u2019enregistrement gratuit dans le cloud et de l\u2019historique de sept jours. Pour b\u00e9n\u00e9ficier de toutes les possibilit\u00e9s (enregistrement 2K, historique de 30 jours, zones d\u2019activit\u00e9\u2026), la souscription \u00e0 un abonnement Arlo Smart est requise, \u00e0 partir de 2,79 \u20ac\/mois pour une cam\u00e9ra. La gratuit\u00e9 des trois premiers mois n\u2019est qu\u2019une bien maigre consolation. Heureusement que la possibilit\u00e9 d\u2019enregistrer localement les vid\u00e9os sur un support de stockage USB, branch\u00e9 sur la base, reste d\u2019actualit\u00e9. L\u2019enregistrement en continu sur le cloud (\u00e0 partir de 8,99 \u20ac\/mois) est \u00e9galement int\u00e9ressant pour un professionnel.<\/p>\n<p>Lanc\u00e9 l\u2019an dernier, ce service Arlo Smart instaure la d\u00e9tection \u00abintelligente\u00bb de personnes, d\u2019animaux, de v\u00e9hicules ou encore de colis, qui sont alors cat\u00e9goris\u00e9s dans l\u2019application mobile. En raison des circonstances du test \u2013 appartement au 5<sup>e<\/sup> \u00e9tage \u2013 le passage en revue, forc\u00e9ment incomplet, s\u2019est concentr\u00e9 sur la d\u00e9tection de personnes, efficace. Pour le reste, les tests publi\u00e9s notamment aux Etats-Unis indiquent que l\u2019IA con\u00e7ue par Arlo doit encore poursuivre son apprentissage.<\/p>\n<\/p><\/div>\n<p><script>\n         !function(f,b,e,v,n,t,s){if(f.fbq)return;n=f.fbq=function()\n         {n.callMethod? n.callMethod.apply(n,arguments):n.queue.push(arguments)}\n         ;if(!f._fbq)f._fbq=n;\n             n.push=n;n.loaded=!0;n.version='2.0';n.queue=[];t=b.createElement(e);t.async=!0;\n             t.src=v;s=b.getElementsByTagName(e)[0];s.parentNode.insertBefore(t,s)}(window,\n                 document,'script','https:\/\/connect.facebook.net\/en_US\/fbevents.js');\n         fbq('init', '1065890633454496');\n         fbq('track', 'PageView');\n     <\/script><br \/>\n<br \/>[ad_2]<br \/>\n<br \/><a href=\"https:\/\/www.01net.com\/tests\/test-de-la-camera-de-surveillance-arlo-pro-3-une-meilleure-image-au-prix-de-quelques-sacrifices-6432.html\">Source link <\/a><\/p>\n","protected":false},"excerpt":{"rendered":"<p>[ad_1] Et de trois pour la gamme de cam\u00e9ras Arlo Pro, qui comptait jusqu\u2019alors deux mod\u00e8les : l\u2019Arlo Pro et &hellip; <a href=\"http:\/\/www.affinite.fr\/index.php\/2020\/04\/01\/arlo-pro-3-le-test-complet\/\" class=\"more-link\">Plus <span class=\"screen-reader-text\">Arlo Pro 3 : le test complet<\/span> <span class=\"meta-nav\">&rarr;<\/span><\/a><\/p>\n","protected":false},"author":1,"featured_media":1429,"comment_status":"open","ping_status":"open","sticky":false,"template":"","format":"standard","meta":{"_sitemap_exclude":false,"_sitemap_priority":"","_sitemap_frequency":"","footnotes":""},"categories":[1],"tags":[],"class_list":["post-1428","post","type-post","status-publish","format-standard","has-post-thumbnail","hentry","category-tous"],"_links":{"self":[{"href":"http:\/\/www.affinite.fr\/index.php\/wp-json\/wp\/v2\/posts\/1428"}],"collection":[{"href":"http:\/\/www.affinite.fr\/index.php\/wp-json\/wp\/v2\/posts"}],"about":[{"href":"http:\/\/www.affinite.fr\/index.php\/wp-json\/wp\/v2\/types\/post"}],"author":[{"embeddable":true,"href":"http:\/\/www.affinite.fr\/index.php\/wp-json\/wp\/v2\/users\/1"}],"replies":[{"embeddable":true,"href":"http:\/\/www.affinite.fr\/index.php\/wp-json\/wp\/v2\/comments?post=1428"}],"version-history":[{"count":0,"href":"http:\/\/www.affinite.fr\/index.php\/wp-json\/wp\/v2\/posts\/1428\/revisions"}],"wp:featuredmedia":[{"embeddable":true,"href":"http:\/\/www.affinite.fr\/index.php\/wp-json\/wp\/v2\/media\/1429"}],"wp:attachment":[{"href":"http:\/\/www.affinite.fr\/index.php\/wp-json\/wp\/v2\/media?parent=1428"}],"wp:term":[{"taxonomy":"category","embeddable":true,"href":"http:\/\/www.affinite.fr\/index.php\/wp-json\/wp\/v2\/categories?post=1428"},{"taxonomy":"post_tag","embeddable":true,"href":"http:\/\/www.affinite.fr\/index.php\/wp-json\/wp\/v2\/tags?post=1428"}],"curies":[{"name":"wp","href":"https:\/\/api.w.org\/{rel}","templated":true}]}}