{"id":1416,"date":"2020-04-01T16:43:02","date_gmt":"2020-04-01T16:43:02","guid":{"rendered":"https:\/\/www.affinite.fr\/index.php\/2020\/04\/01\/six-mois-avant-levenement-le-mondial-de-lauto-est-annule\/"},"modified":"2020-04-01T16:43:02","modified_gmt":"2020-04-01T16:43:02","slug":"six-mois-avant-levenement-le-mondial-de-lauto-est-annule","status":"publish","type":"post","link":"http:\/\/www.affinite.fr\/index.php\/2020\/04\/01\/six-mois-avant-levenement-le-mondial-de-lauto-est-annule\/","title":{"rendered":"Six mois avant l\u2019\u00e9v\u00e9nement, le Mondial de l\u2019Auto est annul\u00e9"},"content":{"rendered":"<p> [ad_1]<br \/>\n<br \/><img decoding=\"async\" src=\"https:\/\/img.bfmtv.com\/i\/0\/0\/573\/2a9e9c94a793da79ff27143762c0e.jpeg\" \/><\/p>\n<div itemprop=\"articleBody\">\n<p>Le coronavirus fait une victime suppl\u00e9mentaire six mois avant l\u2019heure. Un <a href=\"https:\/\/www.01net.com\/actualites\/coronavirus-le-salon-automobile-de-detroit-est-annule-son-centre-des-expositions-devient-un-hopital-1884590.html\" target=\"_blank\" rel=\"noopener noreferrer\">salon automobile de plus, apr\u00e8s D\u00e9troit ou P\u00e9kin<\/a>, mais pas n\u2019importe lequel, le Paris Motor Show. L\u2019\u00e9v\u00e9nement \u00e9tait initialement pr\u00e9vu pour octobre mais ses organisateurs ont d\u00e9j\u00e0 annonc\u00e9 qu\u2019il n\u2019aura pas lieu. \u00ab\u00a0<em>Au regard de la gravit\u00e9 de la crise sanitaire sans pr\u00e9c\u00e9dent face \u00e0 laquelle le secteur automobile, frapp\u00e9 de plein fouet par l\u2019onde de choc \u00e9conomique, joue aujourd\u2019hui sa survie, nous sommes contraints d\u2019annoncer que nous ne serons pas en mesure de maintenir dans sa forme actuelle le Mondial de l\u2019auto \u00e0 la Porte de Versailles pour son \u00e9dition 2020<\/em>\u00a0\u00bb.\u00a0<\/p>\n<h3 style=\"color:#333; font-family:arial,helvetica,sans-serif; font-size:23px; font-weight:700\">Une s\u00e9rie d\u2019\u00e9v\u00e9nements pour faire oublier le salon ?<\/h3>\n<p>La formule \u00ab\u00a0dans sa forme actuelle\u00a0\u00bb peut sembler relativement vague mais elle concerne en r\u00e9alit\u00e9 les \u00e9v\u00e9nements autour du salon classique, c\u2019est \u00e0 dire la pure et simple expositions de nouveaux mod\u00e8les. En effet, les nouveaux organisateurs de l\u2019\u00e9v\u00e9nement, Luc Chatel (l\u2019ex-ministre) et Fr\u00e9d\u00e9ric Bedin souhaitaient changer la formule jug\u00e9e vieillissante du salon et lui adjoindre des \u00e9v\u00e9nements parall\u00e8les. De fait, \u00ab\u00a0les parties Movin\u2019On, Smart City et \u00e9v\u00e9nements hors les murs ne sont pas remis en question\u00a0\u00bb. Ces autres pans du salon qui concernent essentiellement les nouvelles formes de mobilit\u00e9 doivent se tenir en dehors du parc des expositions de la porte de Versailles.\u00a0<\/p>\n<aside class=\"bg-color-0 padding-inside-all-s bloc border-s\">\n<h4 class=\"box-txt-normal\">\n<p><strong>\u00c0 d\u00e9couvrir aussi en vid\u00e9o :<\/strong><\/p>\n<\/h4>\n<\/aside>\n<p>Malgr\u00e9 les annulations successives des \u00e9v\u00e9nements majeurs que ce soit dans l\u2019industrie automobile ou dans les nouvelles technologies, cette suppression pure et simple d\u2019un \u00e9v\u00e9nement qui doit avoir lieu dans six mois interroge. Si le covid-19 est point\u00e9 du doigt par les organisateurs du salon, qui pr\u00e9cisent que \u00ab\u00a0rien ne sera comme avant\u00a0\u00bb, il est permis de penser que ceux-ci pourraient tout autant craindre le virus que les probables d\u00e9sertions de nombreux constructeurs auto en qu\u00eate d\u2019\u00e9conomies apr\u00e8s une ann\u00e9e pour le moins compliqu\u00e9e.<\/p>\n<\/p><\/div>\n<p><script>\n         !function(f,b,e,v,n,t,s){if(f.fbq)return;n=f.fbq=function()\n         {n.callMethod? n.callMethod.apply(n,arguments):n.queue.push(arguments)}\n         ;if(!f._fbq)f._fbq=n;\n             n.push=n;n.loaded=!0;n.version='2.0';n.queue=[];t=b.createElement(e);t.async=!0;\n             t.src=v;s=b.getElementsByTagName(e)[0];s.parentNode.insertBefore(t,s)}(window,\n                 document,'script','https:\/\/connect.facebook.net\/en_US\/fbevents.js');\n         fbq('init', '1065890633454496');\n         fbq('track', 'PageView');\n     <\/script><br \/>\n<br \/>[ad_2]<br \/>\n<br \/><a href=\"https:\/\/www.01net.com\/actualites\/six-mois-avant-l-evenement-le-mondial-de-l-auto-est-annule-1884925.html\">Source link <\/a><\/p>\n","protected":false},"excerpt":{"rendered":"<p>[ad_1] Le coronavirus fait une victime suppl\u00e9mentaire six mois avant l\u2019heure. Un salon automobile de plus, apr\u00e8s D\u00e9troit ou P\u00e9kin, &hellip; <a href=\"http:\/\/www.affinite.fr\/index.php\/2020\/04\/01\/six-mois-avant-levenement-le-mondial-de-lauto-est-annule\/\" class=\"more-link\">Plus <span class=\"screen-reader-text\">Six mois avant l\u2019\u00e9v\u00e9nement, le Mondial de l\u2019Auto est annul\u00e9<\/span> <span class=\"meta-nav\">&rarr;<\/span><\/a><\/p>\n","protected":false},"author":1,"featured_media":1417,"comment_status":"open","ping_status":"open","sticky":false,"template":"","format":"standard","meta":{"_sitemap_exclude":false,"_sitemap_priority":"","_sitemap_frequency":"","footnotes":""},"categories":[1],"tags":[],"class_list":["post-1416","post","type-post","status-publish","format-standard","has-post-thumbnail","hentry","category-tous"],"_links":{"self":[{"href":"http:\/\/www.affinite.fr\/index.php\/wp-json\/wp\/v2\/posts\/1416"}],"collection":[{"href":"http:\/\/www.affinite.fr\/index.php\/wp-json\/wp\/v2\/posts"}],"about":[{"href":"http:\/\/www.affinite.fr\/index.php\/wp-json\/wp\/v2\/types\/post"}],"author":[{"embeddable":true,"href":"http:\/\/www.affinite.fr\/index.php\/wp-json\/wp\/v2\/users\/1"}],"replies":[{"embeddable":true,"href":"http:\/\/www.affinite.fr\/index.php\/wp-json\/wp\/v2\/comments?post=1416"}],"version-history":[{"count":0,"href":"http:\/\/www.affinite.fr\/index.php\/wp-json\/wp\/v2\/posts\/1416\/revisions"}],"wp:featuredmedia":[{"embeddable":true,"href":"http:\/\/www.affinite.fr\/index.php\/wp-json\/wp\/v2\/media\/1417"}],"wp:attachment":[{"href":"http:\/\/www.affinite.fr\/index.php\/wp-json\/wp\/v2\/media?parent=1416"}],"wp:term":[{"taxonomy":"category","embeddable":true,"href":"http:\/\/www.affinite.fr\/index.php\/wp-json\/wp\/v2\/categories?post=1416"},{"taxonomy":"post_tag","embeddable":true,"href":"http:\/\/www.affinite.fr\/index.php\/wp-json\/wp\/v2\/tags?post=1416"}],"curies":[{"name":"wp","href":"https:\/\/api.w.org\/{rel}","templated":true}]}}