{"id":1402,"date":"2020-04-01T10:36:04","date_gmt":"2020-04-01T10:36:04","guid":{"rendered":"https:\/\/www.affinite.fr\/index.php\/2020\/04\/01\/les-consignes-jusqua-la-guerison\/"},"modified":"2020-04-01T10:36:04","modified_gmt":"2020-04-01T10:36:04","slug":"les-consignes-jusqua-la-guerison","status":"publish","type":"post","link":"http:\/\/www.affinite.fr\/index.php\/2020\/04\/01\/les-consignes-jusqua-la-guerison\/","title":{"rendered":"les consignes jusqu&rsquo;\u00e0 la gu\u00e9rison"},"content":{"rendered":"<p> [ad_1]<br \/>\n<\/p>\n<p>\n                Face \u00e0 la propagation du coronavirus, la population fran\u00e7aise est en confinement jusqu&rsquo;au 15\u00a0avril minimum. Les malades du Covid-19\u00a0dont les sympt\u00f4mes ne justifient pas une hospitalisation sont en plus appel\u00e9s \u00e0 respecter une p\u00e9riode d&rsquo;isolement \u00e0 domicile et des mesures de protection vis-\u00e0-vis de leurs proches.            <\/p>\n<div>\n<aside class=\"ccmsummary marqueur_module ccmcss_cms_summary ccmcss_cms_summary--right\">\n<p>Sommaire<\/p>\n<\/aside>\n<p><strong>[Mise \u00e0 jour le mercredi 1er avril \u00e0 12h04] <\/strong>Le coronavirus,<strong>\u00a0<\/strong>responsable de <a href=\"https:\/\/sante.journaldesfemmes.fr\/maladies\/2605417-coronavirus-epidemie-monde-france-carte-cas-deces-evolution-bretagne-aquitaine-courbe-occitanie\/\" target=\"_blank\" rel=\"noopener noreferrer\">l&rsquo;\u00e9pid\u00e9mie <strong>Covid-19<\/strong><\/a>, ne cesse de faire des victimes\u00a0dans le monde. Pour freiner la propagation de ce virus, le gouvernement fran\u00e7ais a mis en place <strong>un confinement depuis le 17 mars et jusqu&rsquo;au 15 avril (renouvelable)<\/strong>. Parmi les personnes confin\u00e9es, certaines pr\u00e9sentent une <strong>forme b\u00e9nigne du coronavirus et doivent donc s&rsquo;isoler de leurs proches. D&rsquo;autres sortent de leur h\u00f4pital et doivent aussi appliquer des mesures protectrices.\u00a0<\/strong>Les\u00a0<strong>cas pr\u00e9sentant une forme s\u00e9v\u00e8re de la maladie<\/strong>\u00a0doivent quant \u00e0 eux \u00eatre plac\u00e9s en<strong> chambre isol\u00e9e<\/strong> dans un h\u00f4pital habilit\u00e9. Quels sont<strong> les crit\u00e8res de sortie d&rsquo;une personne infect\u00e9e<\/strong>\u00a0? Comment se passe le retour au domicile d&rsquo;un patient gu\u00e9ri\u00a0? Quelles sont<strong> les consignes d&rsquo;un isolement \u00e0 domicile<\/strong> ? Explications.<\/p>\n<p>Dans la majorit\u00e9 des cas, les personnes diagnostique\u0301es positives au\u00a0<a href=\"https:\/\/sante.journaldesfemmes.fr\/maladies\/2619933-covid-19-incubation-duree-maladie-coronavirus-premiers-symptomes-personnes-a-risque-traitement\/\" title=\"Covid 19\">Covid-19<\/a>, ou ayant rec\u0327u une consigne d&rsquo;isolement apre\u0300s avoir e\u0301te\u0301 en contact rapproche\u0301 et prolonge\u0301 avec ces patients,\u00a0<strong>ne sont pas hospitalis\u00e9es car leur \u00e9tat g\u00e9n\u00e9ral est bon<\/strong>. N\u00e9anmoins, <strong>ces personnes doivent b\u00e9n\u00e9ficier d&rsquo;une prise en charge en ambulatoire <\/strong>et<strong> doivent \u00eatre isol\u00e9es \u00e0 domicile<\/strong>, id\u00e9alement dans une pi\u00e8ce \u00e0 part <strong>(une chambre)<\/strong>, pour <strong>une dur\u00e9e de quatorze jours. <\/strong>On parle alors de \u00ab\u00a0<strong>quatorzaine\u00a0\u00bb<\/strong>. Cela implique que ces personnes ne peuvent pas se rendre sur leur lieu de travail, prendre les transports en commun et sortir dans les lieux publics encore autoris\u00e9s malgr\u00e9 le confinement. Si elles doivent se rendre dans un lieu de soin, <strong>elles doivent porter un masque lors du transport et pre\u0301venir en avance\u00a0le personnel soignant <\/strong>en leur mentionnant bien le fait qu&rsquo;elles sont atteintes du Covid-19. Ces personnes doivent \u00e9galement respecter les recommandations suivantes pour limiter la transmission du virus :<\/p>\n<table align=\"right\" border=\"1\" cellpadding=\"1\" cellspacing=\"1\" style=\"width:30%;\">\n<tbody>\n<tr>\n<td>Le terme \u00ab\u00a0quarantaine\u00a0\u00bb est utilis\u00e9 abusivement, il n&rsquo;y a pas de vraie quarantaine mais des mesures de confinement ou d&rsquo;isolement. Dans le cadre de la maladie\u00a0COVID-19, il faut\u00a0plut\u00f4t parler de \u00ab\u00a0quatorzaine\u00a0\u00bb, en rapport avec la dur\u00e9e d&rsquo;incubation du virus dans l&rsquo;organisme pouvant\u00a0aller jusqu&rsquo;\u00e0 14\u00a0jours. En cas de risque de contamination, il faudra donc \u00e9viter tout contact avec l&rsquo;ext\u00e9rieur pendant cette p\u00e9riode.<\/td>\n<\/tr>\n<\/tbody>\n<\/table>\n<ul>\n<li>Surveiller son \u00e9tat de sant\u00e9 :\u00a0r\u00e9aliser la surveillance active de sa temp\u00e9rature et de l&rsquo;apparition de sympt\u00f4mes d&rsquo;infection respiratoire (fi\u00e8vre, toux, difficult\u00e9s respiratoires&#8230;)<\/li>\n<li>En cas d&rsquo;apparition de fi\u00e8vre ou de sympt\u00f4mes, porter un masque et contacter imm\u00e9diatement la cellule r\u00e9gionale de suivi pour prise en charge s\u00e9curis\u00e9e<\/li>\n<li>Si la personne vit seule\u00a0: se faire livrer de la nourriture et d&rsquo;autres produits essentiels tels que des m\u00e9dicaments, par la famille\/les amis ou un service de livraison et \u00e9vitez tout contact direct avec ces personnes.<\/li>\n<li>Se laver fr\u00e9quemment les mains \u00e0 l&rsquo;eau et au savon.\u00a0<\/li>\n<li>Se couvrir\u00a0la bouche lorsqu&rsquo;elle tousse ou \u00e9ternue.<\/li>\n<li>Porter un masque lorsqu&rsquo;elle sort de la chambre, ou qu&rsquo;elle se trouve en pr\u00e9sence d&rsquo;autres personnes, notamment lorsque quelqu&rsquo;un rentre dans sa chambre.<\/li>\n<li>Nettoyer et d\u00e9sinfecter les surfaces touch\u00e9es telles que les surfaces de la salle de bains, les toilettes, les poign\u00e9es de portes, tables de chevet, cadres de lit et autres meubles de chambre \u00e0 coucher quotidiennement avec un d\u00e9sinfectant m\u00e9nager ordinaire (Javel).\u00a0<\/li>\n<li>Si possible, une salle de bain et des toilettes spe\u0301cifiques sont a\u0300 privile\u0301gier.<\/li>\n<\/ul>\n<p><strong>\u2022 Dur\u00e9e de l&rsquo;isolement :\u00a0<\/strong>La dur\u00e9e est de minimum 14\u00a0jours depuis le d\u00e9but des sympt\u00f4mes avec absence de sympt\u00f4mes depuis au moins 48h. La d\u00e9cision de mettre fin aux mesures d&rsquo;isolement \u00e0 domicile doit \u00eatre prise en consultation avec le m\u00e9decin r\u00e9f\u00e9rent.<\/p>\n<p>\u2022\u00a0<strong>Si votre enfant est isol\u00e9<\/strong>, une personne de l&rsquo;entourage doit \u00eatre d\u00e9sign\u00e9e pour s&rsquo;en occuper. Si la famille compte plusieurs enfants, il peut \u00eatre recommand\u00e9 que toute la famille soit maintenue en isolement.<\/p>\n<p>Selon les crit\u00e8res \u00e9tablis par <a href=\"https:\/\/www.hcsp.fr\/explore.cgi\/avisrapportsdomaine?clefr=781\" target=\"_blank\" rel=\"noopener noreferrer\">le Haut Conseil de la sant\u00e9 publique<\/a> le 16\u00a0mars 2020, pour quitter l&rsquo;h\u00f4pital et envisager un retour au domicile, la personne infect\u00e9e au Covid-19 doit pr\u00e9senter\u00a0:<\/p>\n<ul>\n<li>Une\u00a0temp\u00e9rature inf\u00e9rieure \u00e0 37,8\u00b0C<\/li>\n<li>Une fr\u00e9quence cardiaque inf\u00e9rieure \u00e0 100\/mn<\/li>\n<li>Une fr\u00e9quence respiratoire inf\u00e9rieure \u00e0 24\/mn<\/li>\n<li>Une pression art\u00e9rielle systolique sup\u00e9rieure \u00e0 90\u00a0mmHg<\/li>\n<li>Des fonctions sup\u00e9rieures normales<\/li>\n<\/ul>\n<p>Le patient Covid-19\u00a0sera ainsi\u00a0<strong>en mesure de rentrer chez lui\u00a0avec toutefois un confinement total \u00e0 son domicile<\/strong> (il n&rsquo;est pas autoris\u00e9 \u00e0 quitter son domicile pour aller faire ses courses ou se rendre dans un lieu public encore ouvert malgr\u00e9 la mise en place du confinement en France).<\/p>\n<h3 data-link=\"getSelectedFicIndicLabel()\" style=\"text-align: center;\">Nombre cumul\u00e9 de personnes retourn\u00e9es \u00e0 domicile depuis le 1er mars 2020 en France<\/h3>\n<div style=\"text-align:center\">\n<figure class=\"image\" style=\"display:inline-block\"><a class=\"fancy\" href=\"https:\/\/img-3.journaldesfemmes.fr\/CdcPXHllc5Y4F9aHp4ceRJ8Tvcc=\/1080x\/smart\/974d4b5f304143af90375674959655dd\/ccmcms-jdf\/14702389.jpg\"><img decoding=\"async\" alt=\"Nombre cumul\u00e9 de personnes retourn\u00e9es \u00e0 domicile coronavrus\" src=\"https:\/\/img-3.journaldesfemmes.fr\/CdcPXHllc5Y4F9aHp4ceRJ8Tvcc=\/1080x\/smart\/974d4b5f304143af90375674959655dd\/ccmcms-jdf\/14702389.jpg\"\/><\/a><figcaption data-credit=\"G\u00e9odes, Sant\u00e9 publique France\" data-legend=\"Nombre cumul\u00e9 de personnes retourn\u00e9es \u00e0 domicile depuis le 1er mars 2020 en France\">Nombre cumul\u00e9 de personnes retourn\u00e9es \u00e0 domicile depuis le 1er mars 2020 en France <small>\u00a9\u00a0G\u00e9odes, Sant\u00e9 publique France<\/small><\/figcaption><\/figure>\n<\/div>\n<p>L&rsquo;arr\u00eat de son isolement total \u00e0 domicile se fera\u00a0:<\/p>\n<h3>\u2192 <a name=\"levee-confinement-personne-guerie\">En population g\u00e9n\u00e9rale\u00a0:<\/a><\/h3>\n<ul>\n<li>\u00c0 partir du 8e jour \u00e0 partir du d\u00e9but des sympt\u00f4mes<\/li>\n<li>ET <strong>au moins 48\u00a0heures \u00e0 partir de la disparition de la fi\u00e8vre<\/strong> v\u00e9rifi\u00e9e par une temp\u00e9rature rectale inf\u00e9rieure \u00e0 37,8\u00b0C (mesur\u00e9e avec un thermom\u00e8tre deux fois par jour, et en l&rsquo;absence de toute prise d&rsquo;antipyr\u00e9tique depuis au moins 12\u00a0heures)<\/li>\n<li>ET <strong>au moins 48\u00a0heures \u00e0 partir de la disparition d&rsquo;une \u00e9ventuelle dyspn\u00e9e<\/strong> (fr\u00e9quence respiratoire inf\u00e9rieure \u00e0 22\/mn au repos)<\/li>\n<li>La disparition de la toux ne constitue pas un bon crit\u00e8re dans la mesure o\u00f9 peut persister une toux irritative au-del\u00e0 la gu\u00e9rison.<\/li>\n<\/ul>\n<p>Dans les 7\u00a0jours qui suivent la lev\u00e9e du confinement, il est recommand\u00e9 d&rsquo;<strong>\u00e9viter les contacts rapproch\u00e9s avec les personnes \u00e0 risque de forme grave<\/strong>.<\/p>\n<h3>\u2192 <a name=\"levee-confinement-personne-immunodeprimee\">Pour les personnes immunod\u00e9prim\u00e9es\u00a0:<\/a><\/h3>\n<ul>\n<li>A partir du 10e jour \u00e0 partir du d\u00e9but des sympt\u00f4mes<\/li>\n<li>ET au moins 48\u00a0heures \u00e0 partir de la disparition de la fi\u00e8vre v\u00e9rifi\u00e9e par une temp\u00e9rature rectale inf\u00e9rieure \u00e0 37,8\u00b0C (mesur\u00e9e avec un thermom\u00e8tre deux fois par jour, et en l&rsquo;absence de toute prise d&rsquo;antipyr\u00e9tique depuis au moins 12\u00a0heures)<\/li>\n<li>ET au moins 48\u00a0heures \u00e0 partir de la disparition d&rsquo;une \u00e9ventuelle dyspn\u00e9e (fr\u00e9quence respiratoire inf\u00e9rieure \u00e0 22\/mn au repos)<\/li>\n<li>AVEC, lors de la reprise des activit\u00e9s professionnelles et des d\u00e9placements autoris\u00e9s, <strong>le port d&rsquo;un masque chirurgical de type II<\/strong>, pendant les 14\u00a0jours suivant la lev\u00e9e du confinement.\u00a0Il est aussi rappel\u00e9 <strong>l&rsquo;importance du respect des mesures d&rsquo;hygi\u00e8ne des mains.<\/strong><\/li>\n<\/ul>\n<p>Si vous pr\u00e9sentez des sympt\u00f4mes (toux, fi\u00e8vre, dyspn\u00e9es), si avez \u00e9t\u00e9 diagnostiqu\u00e9 comme malade du Covid-19 ou si vous \u00eates consid\u00e9r\u00e9 comme une personne \u00e0 risque (\u00e2g\u00e9e de plus de 70 ans, avec des ant\u00e9c\u00e9dents cardiovasculaires, diab\u00e9tiques, avec une pathologie chronique respiratoire.. Voir la liste des personnes fragiles sur le <a href=\"https:\/\/solidarites-sante.gouv.fr\/actualites\/actualites-du-ministere\/article\/coronavirus-qui-sont-les-personnes-fragiles\" target=\"_blank\" rel=\"noopener noreferrer\">site du Minist\u00e8re de la Sant\u00e9<\/a>),\u00a0<strong>seul un m\u00e9decin peut vous prescrire un arr\u00eat de travail<\/strong>. Un <a href=\"https:\/\/www.legifrance.gouv.fr\/affichTexte.do;jsessionid=07A9586A0423C5B637460CA717A0E34D.tplgfr30s_1?cidTexte=JORFTEXT000041513432&amp;dateTexte=&amp;oldAction=rechJO&amp;categorieLien=id&amp;idJO=JORFCONT000041513330\" target=\"_blank\" rel=\"noopener noreferrer\">d\u00e9cret officiel publi\u00e9 le 1er f\u00e9vrier 2020<\/a> garanti\u00a0un<strong> arr\u00eat de travail et des indemnit\u00e9s journali\u00e8res sans jour de carence<\/strong>, pour les patients confin\u00e9s sur d\u00e9cision d&rsquo;un m\u00e9decin de l&rsquo;Agence R\u00e9gionale de Sant\u00e9.<\/p>\n<p>Ces indemnit\u00e9s s&rsquo;appliquent \u00e9galement pour les <strong>parents oblig\u00e9s de rester \u00e0 la maison pour garder leurs enfants<\/strong> \u00e0 compter du lundi 16\u00a0mars 2020, suite \u00e0 la d\u00e9cision du gouvernement de <a href=\"https:\/\/www.journaldesfemmes.fr\/maman\/enfant\/2619747-ecoles-et-confinement-prolonge-reprise-des-cours-le-4-mai-bac-2020\/\" target=\"_blank\" rel=\"noopener noreferrer\">fermer tous les \u00e9tablissements scolaires<\/a>.\u00a0Ce dispositif concerne les <strong>parents d&rsquo;enfants de moins de 16\u00a0ans<\/strong> au jour du d\u00e9but de l&rsquo;arr\u00eat. Cette limite d&rsquo;\u00e2ge est port\u00e9e \u00e0 moins de 18\u00a0ans pour les parents d&rsquo;enfants en situation de handicap pris en charge dans un \u00e9tablissement sp\u00e9cialis\u00e9.\u00a0L&rsquo;arr\u00eat peut \u00eatre d\u00e9livr\u00e9 pour une dur\u00e9e de <strong>1\u00a0\u00e0 14\u00a0jours<\/strong>. <strong>Un seul parent \u00e0 la fois<\/strong> (ou d\u00e9tenteur de l&rsquo;autorit\u00e9 parentale) peut se voir d\u00e9livrer un arr\u00eat de travail. Il est possible de fractionner l&rsquo;arr\u00eat ou de le partager entre les parents sur la dur\u00e9e de fermeture de l&rsquo;\u00e9tablissement. Si le besoin perdure au-del\u00e0 de 14\u00a0jours, l&#8217;employeur pourra r\u00e9it\u00e9rer la d\u00e9marche selon les m\u00eames modalit\u00e9s.<\/p>\n<p>&gt; <strong><a href=\"https:\/\/declare.ameli.fr\/\" target=\"_blank\" rel=\"noopener noreferrer\">Acc\u00e9der au service de d\u00e9claration en ligne des arr\u00eats de travail<\/a><\/strong><\/p>\n<aside id=\"NL_848763541\" class=\"newsletter_subscription jNlBlock\"><noscript><br \/>\n            <\/noscript><\/p>\n<h3 class=\"newsletter_subscription-title\">Newsletter <\/h3>\n<p><a href=\"\/\/mailing.ccmbg.com\/archive\/last-85\" target=\"_blank\" class=\"a_hover\" rel=\"noopener noreferrer\">Voir un exemple<\/a><\/p>\n<\/aside>\n<p>Tout cas suspect<strong> <\/strong>identifi\u00e9 par un professionnel de sant\u00e9 est signal\u00e9 au SAMU, qui le met en lien avec un infectiologue. A l&rsquo;issue d&rsquo;un questionnaire, le patient est class\u00e9 \u00ab\u00a0cas possible\u00a0\u00bb ou exclu et renvoy\u00e9 vers un m\u00e9decin traitant. S&rsquo;il est consid\u00e9r\u00e9 comme \u00ab\u00a0<strong>cas possible<\/strong>\u00ab\u00a0, il est imm\u00e9diatement <strong>pris en charge par le SAMU<\/strong>. Le personnel des transports sanitaires doit \u00eatre \u00e9quip\u00e9 selon des r\u00e8gles tr\u00e8s strictes. Le patient est<strong> <\/strong>isol\u00e9 en<strong>\u00a0<\/strong><em>service infectieux ou de m\u00e9decine interne<\/em><strong> <\/strong>de l&rsquo;un des <strong>h\u00f4pitaux habilit\u00e9s Covid-19<\/strong>\u00a0en service de jour (s&rsquo;il ne pr\u00e9sente pas de signe de gravit\u00e9).\u00a0Il y subira un<strong> <a href=\"https:\/\/sante.journaldesfemmes.fr\/maladies\/2623965-coronavirus-depistage-test-comment-diagnostic-positif-negatif-qui-quand-ou-se-faire-depister\/\" target=\"_blank\" rel=\"noopener noreferrer\">test diagnostic<\/a><\/strong>\u00a0et ne sera class\u00e9 \u00ab\u00a0cas confirm\u00e9\u00a0\u00bb qu&rsquo;en cas de r\u00e9sultat positif. Il sera alors hospitalis\u00e9 en prise\u00a0en charge compl\u00e8te (dans une chambre isol\u00e9e).<\/p>\n<p>Sources :<\/p>\n<ul>\n<li>Coronavirus SARS-CoV-2\u00a0: crit\u00e8res cliniques de sortie d&rsquo;isolement des patients infect\u00e9s, Haut Conseil de la Sant\u00e9 Publique<\/li>\n<li>Coronavirus COVID-19\u00a0: informations et recommandations sanitaires, ARS\u00a0Occitanie et \u00cele-de-France<\/li>\n<li>Syndicat national des jeunes m\u00e9decins g\u00e9n\u00e9ralistes.\u00a0<\/li>\n<\/ul>\n<\/div>\n<p>[ad_2]<br \/>\n<br \/><a href=\"https:\/\/sante.journaldesfemmes.fr\/maladies\/2621211-coronavirus-covid-mesure-isolement-domicile-confinement-quarantaine-guerison\/\">Source link <\/a><\/p>\n","protected":false},"excerpt":{"rendered":"<p>[ad_1] Face \u00e0 la propagation du coronavirus, la population fran\u00e7aise est en confinement jusqu&rsquo;au 15\u00a0avril minimum. Les malades du Covid-19\u00a0dont &hellip; <a href=\"http:\/\/www.affinite.fr\/index.php\/2020\/04\/01\/les-consignes-jusqua-la-guerison\/\" class=\"more-link\">Plus <span class=\"screen-reader-text\">les consignes jusqu&rsquo;\u00e0 la gu\u00e9rison<\/span> <span class=\"meta-nav\">&rarr;<\/span><\/a><\/p>\n","protected":false},"author":1,"featured_media":1403,"comment_status":"open","ping_status":"open","sticky":false,"template":"","format":"standard","meta":{"_sitemap_exclude":false,"_sitemap_priority":"","_sitemap_frequency":"","footnotes":""},"categories":[1],"tags":[],"class_list":["post-1402","post","type-post","status-publish","format-standard","has-post-thumbnail","hentry","category-tous"],"_links":{"self":[{"href":"http:\/\/www.affinite.fr\/index.php\/wp-json\/wp\/v2\/posts\/1402"}],"collection":[{"href":"http:\/\/www.affinite.fr\/index.php\/wp-json\/wp\/v2\/posts"}],"about":[{"href":"http:\/\/www.affinite.fr\/index.php\/wp-json\/wp\/v2\/types\/post"}],"author":[{"embeddable":true,"href":"http:\/\/www.affinite.fr\/index.php\/wp-json\/wp\/v2\/users\/1"}],"replies":[{"embeddable":true,"href":"http:\/\/www.affinite.fr\/index.php\/wp-json\/wp\/v2\/comments?post=1402"}],"version-history":[{"count":0,"href":"http:\/\/www.affinite.fr\/index.php\/wp-json\/wp\/v2\/posts\/1402\/revisions"}],"wp:featuredmedia":[{"embeddable":true,"href":"http:\/\/www.affinite.fr\/index.php\/wp-json\/wp\/v2\/media\/1403"}],"wp:attachment":[{"href":"http:\/\/www.affinite.fr\/index.php\/wp-json\/wp\/v2\/media?parent=1402"}],"wp:term":[{"taxonomy":"category","embeddable":true,"href":"http:\/\/www.affinite.fr\/index.php\/wp-json\/wp\/v2\/categories?post=1402"},{"taxonomy":"post_tag","embeddable":true,"href":"http:\/\/www.affinite.fr\/index.php\/wp-json\/wp\/v2\/tags?post=1402"}],"curies":[{"name":"wp","href":"https:\/\/api.w.org\/{rel}","templated":true}]}}